{"id":668090,"date":"2023-12-13T10:38:52","date_gmt":"2023-12-13T06:38:52","guid":{"rendered":"https:\/\/arantv.az\/?p=668090"},"modified":"2023-12-13T10:38:52","modified_gmt":"2023-12-13T06:38:52","slug":"haciqabulda-avtomobil-hasara-cirpilib-ol%c9%99n-var","status":"publish","type":"post","link":"https:\/\/arantv.az\/?p=668090","title":{"rendered":"Hac\u0131qabulda avtomobil hasara \u00e7\u0131rp\u0131l\u0131b, \u00f6l\u0259n var"},"content":{"rendered":"<p>Hac\u0131qabulda yol-n\u0259qliyyat hadis\u0259si n\u0259tic\u0259sind\u0259 s\u00fcr\u00fcc\u00fc \u00f6l\u00fcb.<\/p>\n<p>\u201cReport\u201dun Aran b\u00fcrosunun m\u0259lumat\u0131na g\u00f6r\u0259, hadis\u0259 rayon m\u0259rk\u0259zind\u0259 qeyd\u0259 al\u0131n\u0131b.<\/p>\n<p>Bel\u0259 ki, \u015eirvan \u015f\u0259h\u0259r sakini 1965-ci il t\u0259v\u0259ll\u00fcdl\u00fc El\u00e7in Adil o\u011flu M\u0259mm\u0259dov\u00a0idar\u0259 etdiyi VAZ-2115\u00a0markal\u0131 avtomobill\u0259 h\u0259r\u0259k\u0259td\u0259 olark\u0259n anid\u0259n idar\u0259etm\u0259ni itirib v\u0259 avtomobili yolun k\u0259nar\u0131ndak\u0131 hasara \u00e7\u0131rp\u0131b.<\/p>\n<p>Q\u0259za zaman\u0131 m\u00fcxt\u0259lif d\u0259r\u0259c\u0259li a\u011f\u0131r b\u0259d\u0259n x\u0259sar\u0259tl\u0259ri alm\u0131\u015f s\u00fcr\u00fcc\u00fc x\u0259st\u0259xanaya \u00e7atd\u0131r\u0131lsa da, onun h\u0259yat\u0131n\u0131 xilas etm\u0259k m\u00fcmk\u00fcn olmay\u0131b.<\/p>\n<p>Faktla ba\u011fl\u0131 ara\u015fd\u0131rma apar\u0131l\u0131r.<\/p>\n","protected":false},"excerpt":{"rendered":"<p>Hac\u0131qabulda yol-n\u0259qliyyat hadis\u0259si n\u0259tic\u0259sind\u0259 s\u00fcr\u00fcc\u00fc \u00f6l\u00fcb. \u201cReport\u201dun Aran b\u00fcrosunun m\u0259lumat\u0131na g\u00f6r\u0259, hadis\u0259 rayon m\u0259rk\u0259zind\u0259 qeyd\u0259 al\u0131n\u0131b. Bel\u0259 ki, \u015eirvan \u015f\u0259h\u0259r sakini 1965-ci il t\u0259v\u0259ll\u00fcdl\u00fc El\u00e7in Adil o\u011flu M\u0259mm\u0259dov\u00a0idar\u0259 etdiyi VAZ-2115\u00a0markal\u0131 avtomobill\u0259 h\u0259r\u0259k\u0259td\u0259 olark\u0259n anid\u0259n idar\u0259etm\u0259ni itirib v\u0259 avtomobili yolun k\u0259nar\u0131ndak\u0131 hasara \u00e7\u0131rp\u0131b. Q\u0259za zaman\u0131 m\u00fcxt\u0259lif d\u0259r\u0259c\u0259li a\u011f\u0131r b\u0259d\u0259n x\u0259sar\u0259tl\u0259ri alm\u0131\u015f s\u00fcr\u00fcc\u00fc x\u0259st\u0259xanaya \u00e7atd\u0131r\u0131lsa da, onun h\u0259yat\u0131n\u0131 xilas etm\u0259k m\u00fcmk\u00fcn olmay\u0131b. Faktla ba\u011fl\u0131 ara\u015fd\u0131rma apar\u0131l\u0131r.<\/p>\n","protected":false},"author":2,"featured_media":668091,"comment_status":"closed","ping_status":"closed","sticky":false,"template":"","format":"standard","meta":{"om_disable_all_campaigns":false,"_monsterinsights_skip_tracking":false,"_monsterinsights_sitenote_active":false,"_monsterinsights_sitenote_note":"","_monsterinsights_sitenote_category":0},"categories":[5],"tags":[],"aioseo_notices":[],"gutentor_comment":0,"rttpg_featured_image_url":{"full":["https:\/\/arantv.az\/wp-content\/uploads\/2023\/12\/d75a6c2e-48c1-3c13-b0bd-123b664d69ba_850.jpg",620,413,false],"landscape":["https:\/\/arantv.az\/wp-content\/uploads\/2023\/12\/d75a6c2e-48c1-3c13-b0bd-123b664d69ba_850.jpg",620,413,false],"portraits":["https:\/\/arantv.az\/wp-content\/uploads\/2023\/12\/d75a6c2e-48c1-3c13-b0bd-123b664d69ba_850.jpg",620,413,false],"thumbnail":["https:\/\/arantv.az\/wp-content\/uploads\/2023\/12\/d75a6c2e-48c1-3c13-b0bd-123b664d69ba_850-500x280.jpg",500,280,true],"medium":["https:\/\/arantv.az\/wp-content\/uploads\/2023\/12\/d75a6c2e-48c1-3c13-b0bd-123b664d69ba_850-548x365.jpg",548,365,true],"large":["https:\/\/arantv.az\/wp-content\/uploads\/2023\/12\/d75a6c2e-48c1-3c13-b0bd-123b664d69ba_850.jpg",620,413,false],"1536x1536":["https:\/\/arantv.az\/wp-content\/uploads\/2023\/12\/d75a6c2e-48c1-3c13-b0bd-123b664d69ba_850.jpg",620,413,false],"2048x2048":["https:\/\/arantv.az\/wp-content\/uploads\/2023\/12\/d75a6c2e-48c1-3c13-b0bd-123b664d69ba_850.jpg",620,413,false],"post-thumbnail":["https:\/\/arantv.az\/wp-content\/uploads\/2023\/12\/d75a6c2e-48c1-3c13-b0bd-123b664d69ba_850-240x172.jpg",240,172,true],"advps-thumb-one":["https:\/\/arantv.az\/wp-content\/uploads\/2023\/12\/d75a6c2e-48c1-3c13-b0bd-123b664d69ba_850.jpg",620,413,false]},"rttpg_author":{"display_name":"V\u00fcsal Rafiqo\u011flu","author_link":"https:\/\/arantv.az\/?author=2"},"rttpg_comment":0,"rttpg_category":"<a href=\"https:\/\/arantv.az\/?cat=5\" rel=\"category\">Hadis\u0259<\/a>","rttpg_excerpt":"Hac\u0131qabulda yol-n\u0259qliyyat hadis\u0259si n\u0259tic\u0259sind\u0259 s\u00fcr\u00fcc\u00fc \u00f6l\u00fcb. \u201cReport\u201dun Aran b\u00fcrosunun m\u0259lumat\u0131na g\u00f6r\u0259, hadis\u0259 rayon m\u0259rk\u0259zind\u0259 qeyd\u0259 al\u0131n\u0131b. Bel\u0259 ki, \u015eirvan \u015f\u0259h\u0259r sakini 1965-ci il t\u0259v\u0259ll\u00fcdl\u00fc El\u00e7in Adil o\u011flu M\u0259mm\u0259dov\u00a0idar\u0259 etdiyi VAZ-2115\u00a0markal\u0131 avtomobill\u0259 h\u0259r\u0259k\u0259td\u0259 olark\u0259n anid\u0259n idar\u0259etm\u0259ni itirib v\u0259 avtomobili yolun k\u0259nar\u0131ndak\u0131 hasara \u00e7\u0131rp\u0131b. Q\u0259za zaman\u0131 m\u00fcxt\u0259lif d\u0259r\u0259c\u0259li a\u011f\u0131r b\u0259d\u0259n x\u0259sar\u0259tl\u0259ri alm\u0131\u015f s\u00fcr\u00fcc\u00fc x\u0259st\u0259xanaya \u00e7atd\u0131r\u0131lsa da, onun&hellip;","_links":{"self":[{"href":"https:\/\/arantv.az\/index.php?rest_route=\/wp\/v2\/posts\/668090"}],"collection":[{"href":"https:\/\/arantv.az\/index.php?rest_route=\/wp\/v2\/posts"}],"about":[{"href":"https:\/\/arantv.az\/index.php?rest_route=\/wp\/v2\/types\/post"}],"author":[{"embeddable":true,"href":"https:\/\/arantv.az\/index.php?rest_route=\/wp\/v2\/users\/2"}],"replies":[{"embeddable":true,"href":"https:\/\/arantv.az\/index.php?rest_route=%2Fwp%2Fv2%2Fcomments&post=668090"}],"version-history":[{"count":0,"href":"https:\/\/arantv.az\/index.php?rest_route=\/wp\/v2\/posts\/668090\/revisions"}],"wp:featuredmedia":[{"embeddable":true,"href":"https:\/\/arantv.az\/index.php?rest_route=\/wp\/v2\/media\/668091"}],"wp:attachment":[{"href":"https:\/\/arantv.az\/index.php?rest_route=%2Fwp%2Fv2%2Fmedia&parent=668090"}],"wp:term":[{"taxonomy":"category","embeddable":true,"href":"https:\/\/arantv.az\/index.php?rest_route=%2Fwp%2Fv2%2Fcategories&post=668090"},{"taxonomy":"post_tag","embeddable":true,"href":"https:\/\/arantv.az\/index.php?rest_route=%2Fwp%2Fv2%2Ftags&post=668090"}],"curies":[{"name":"wp","href":"https:\/\/api.w.org\/{rel}","templated":true}]}}