{"id":668098,"date":"2023-12-13T11:13:16","date_gmt":"2023-12-13T07:13:16","guid":{"rendered":"https:\/\/arantv.az\/?p=668098"},"modified":"2023-12-13T11:13:16","modified_gmt":"2023-12-13T07:13:16","slug":"xank%c9%99ndid%c9%99-pes%c9%99-t%c9%99hsili-mu%c9%99ssis%c9%99si-acilacaq","status":"publish","type":"post","link":"https:\/\/arantv.az\/?p=668098","title":{"rendered":"Xank\u0259ndid\u0259 pe\u015f\u0259 t\u0259hsili m\u00fc\u0259ssis\u0259si a\u00e7\u0131lacaq"},"content":{"rendered":"<p>Xank\u0259ndid\u0259 pe\u015f\u0259 t\u0259hsili m\u00fc\u0259ssis\u0259si a\u00e7\u0131lacaq.<\/p>\n<p>\u201cReport\u201d x\u0259b\u0259r verir ki, bu bar\u0259d\u0259 elm v\u0259 t\u0259hsil naziri Emin \u018fmrullayev \u201cG\u00fccl\u00fc iqtisadiyyat \u00fc\u00e7\u00fcn Az\u0259rbaycanda pe\u015f\u0259 t\u0259hsilinin inki\u015faf yolu: g\u0259l\u0259c\u0259y\u0259 bax\u0131\u015f\u201d adl\u0131 konfransda \u00e7\u0131x\u0131\u015f\u0131 zaman\u0131 m\u0259lumat verib.<\/p>\n<p>Onun s\u00f6zl\u0259rin\u0259 g\u00f6r\u0259, Xank\u0259ndid\u0259 Qaraba\u011f Universitetinin n\u0259zdind\u0259 a\u00e7\u0131lmas\u0131 n\u0259z\u0259rd\u0259 tutulan pe\u015f\u0259 m\u0259kt\u0259binin yeri v\u0259 ilkin planlar\u0131 var: \u201cPlan t\u0259sdiq olunmal\u0131d\u0131r v\u0259 bundan sonra yola \u00e7\u0131x\u0131lacaq. \u00dcmumilikd\u0259 azad olunan \u0259razil\u0259rd\u0259 pe\u015f\u0259 t\u0259hsilinin \u0259hat\u0259 dair\u0259sinin geni\u015fl\u0259ndirilm\u0259si planla\u015fd\u0131r\u0131l\u0131r\u201d.<\/p>\n<p>E.\u018fmrullayev bildirib ki, azad olunan \u0259razil\u0259rd\u0259 s\u0259kkiz pe\u015f\u0259 t\u0259hsil m\u00fc\u0259ssis\u0259si yenid\u0259n qurulacaq:<\/p>\n<p>\u201cF\u00fczulid\u0259 yeni pe\u015f\u0259 t\u0259hsili m\u00fc\u0259ssis\u0259sinin b\u00fcn\u00f6vr\u0259si qoyulub, art\u0131q tikintisin\u0259 d\u0259 ba\u015flan\u0131l\u0131b, iki il sonra t\u0259l\u0259b\u0259l\u0259ri g\u00f6r\u0259c\u0259yik. \u015eu\u015fada pe\u015f\u0259 t\u0259hsil m\u00fc\u0259ssis\u0259sinin yenid\u0259n qurulmas\u0131 prosesin\u0259 d\u0259 start verilib\u201d.<\/p>\n","protected":false},"excerpt":{"rendered":"<p>Xank\u0259ndid\u0259 pe\u015f\u0259 t\u0259hsili m\u00fc\u0259ssis\u0259si a\u00e7\u0131lacaq. \u201cReport\u201d x\u0259b\u0259r verir ki, bu bar\u0259d\u0259 elm v\u0259 t\u0259hsil naziri Emin \u018fmrullayev \u201cG\u00fccl\u00fc iqtisadiyyat \u00fc\u00e7\u00fcn Az\u0259rbaycanda pe\u015f\u0259 t\u0259hsilinin inki\u015faf yolu: g\u0259l\u0259c\u0259y\u0259 bax\u0131\u015f\u201d adl\u0131 konfransda \u00e7\u0131x\u0131\u015f\u0131 zaman\u0131 m\u0259lumat verib. Onun s\u00f6zl\u0259rin\u0259 g\u00f6r\u0259, Xank\u0259ndid\u0259 Qaraba\u011f Universitetinin n\u0259zdind\u0259 a\u00e7\u0131lmas\u0131 n\u0259z\u0259rd\u0259 tutulan pe\u015f\u0259 m\u0259kt\u0259binin yeri v\u0259 ilkin planlar\u0131 var: \u201cPlan t\u0259sdiq olunmal\u0131d\u0131r v\u0259 bundan sonra yola \u00e7\u0131x\u0131lacaq. \u00dcmumilikd\u0259 azad olunan \u0259razil\u0259rd\u0259 pe\u015f\u0259 t\u0259hsilinin \u0259hat\u0259 dair\u0259sinin geni\u015fl\u0259ndirilm\u0259si planla\u015fd\u0131r\u0131l\u0131r\u201d. E.\u018fmrullayev bildirib ki, azad olunan \u0259razil\u0259rd\u0259 s\u0259kkiz pe\u015f\u0259 t\u0259hsil m\u00fc\u0259ssis\u0259si yenid\u0259n qurulacaq: \u201cF\u00fczulid\u0259 yeni pe\u015f\u0259 t\u0259hsili m\u00fc\u0259ssis\u0259sinin b\u00fcn\u00f6vr\u0259si qoyulub, art\u0131q tikintisin\u0259 d\u0259&hellip;<\/p>\n","protected":false},"author":2,"featured_media":499397,"comment_status":"closed","ping_status":"closed","sticky":false,"template":"","format":"standard","meta":{"om_disable_all_campaigns":false,"_monsterinsights_skip_tracking":false,"_monsterinsights_sitenote_active":false,"_monsterinsights_sitenote_note":"","_monsterinsights_sitenote_category":0},"categories":[1],"tags":[],"aioseo_notices":[],"gutentor_comment":0,"rttpg_featured_image_url":{"full":["https:\/\/arantv.az\/wp-content\/uploads\/2022\/07\/emin_emirullayev_2022.jpg",800,600,false],"landscape":["https:\/\/arantv.az\/wp-content\/uploads\/2022\/07\/emin_emirullayev_2022.jpg",800,600,false],"portraits":["https:\/\/arantv.az\/wp-content\/uploads\/2022\/07\/emin_emirullayev_2022.jpg",800,600,false],"thumbnail":["https:\/\/arantv.az\/wp-content\/uploads\/2022\/07\/emin_emirullayev_2022-500x280.jpg",500,280,true],"medium":["https:\/\/arantv.az\/wp-content\/uploads\/2022\/07\/emin_emirullayev_2022-487x365.jpg",487,365,true],"large":["https:\/\/arantv.az\/wp-content\/uploads\/2022\/07\/emin_emirullayev_2022.jpg",640,480,false],"1536x1536":["https:\/\/arantv.az\/wp-content\/uploads\/2022\/07\/emin_emirullayev_2022.jpg",800,600,false],"2048x2048":["https:\/\/arantv.az\/wp-content\/uploads\/2022\/07\/emin_emirullayev_2022.jpg",800,600,false],"post-thumbnail":["https:\/\/arantv.az\/wp-content\/uploads\/2022\/07\/emin_emirullayev_2022-240x172.jpg",240,172,true],"advps-thumb-one":["https:\/\/arantv.az\/wp-content\/uploads\/2022\/07\/emin_emirullayev_2022.jpg",800,600,false]},"rttpg_author":{"display_name":"V\u00fcsal Rafiqo\u011flu","author_link":"https:\/\/arantv.az\/?author=2"},"rttpg_comment":0,"rttpg_category":"<a href=\"https:\/\/arantv.az\/?cat=1\" rel=\"category\">C\u0259miyy\u0259t<\/a>","rttpg_excerpt":"Xank\u0259ndid\u0259 pe\u015f\u0259 t\u0259hsili m\u00fc\u0259ssis\u0259si a\u00e7\u0131lacaq. \u201cReport\u201d x\u0259b\u0259r verir ki, bu bar\u0259d\u0259 elm v\u0259 t\u0259hsil naziri Emin \u018fmrullayev \u201cG\u00fccl\u00fc iqtisadiyyat \u00fc\u00e7\u00fcn Az\u0259rbaycanda pe\u015f\u0259 t\u0259hsilinin inki\u015faf yolu: g\u0259l\u0259c\u0259y\u0259 bax\u0131\u015f\u201d adl\u0131 konfransda \u00e7\u0131x\u0131\u015f\u0131 zaman\u0131 m\u0259lumat verib. Onun s\u00f6zl\u0259rin\u0259 g\u00f6r\u0259, Xank\u0259ndid\u0259 Qaraba\u011f Universitetinin n\u0259zdind\u0259 a\u00e7\u0131lmas\u0131 n\u0259z\u0259rd\u0259 tutulan pe\u015f\u0259 m\u0259kt\u0259binin yeri v\u0259 ilkin planlar\u0131 var: \u201cPlan t\u0259sdiq olunmal\u0131d\u0131r v\u0259 bundan&hellip;","_links":{"self":[{"href":"https:\/\/arantv.az\/index.php?rest_route=\/wp\/v2\/posts\/668098"}],"collection":[{"href":"https:\/\/arantv.az\/index.php?rest_route=\/wp\/v2\/posts"}],"about":[{"href":"https:\/\/arantv.az\/index.php?rest_route=\/wp\/v2\/types\/post"}],"author":[{"embeddable":true,"href":"https:\/\/arantv.az\/index.php?rest_route=\/wp\/v2\/users\/2"}],"replies":[{"embeddable":true,"href":"https:\/\/arantv.az\/index.php?rest_route=%2Fwp%2Fv2%2Fcomments&post=668098"}],"version-history":[{"count":0,"href":"https:\/\/arantv.az\/index.php?rest_route=\/wp\/v2\/posts\/668098\/revisions"}],"wp:featuredmedia":[{"embeddable":true,"href":"https:\/\/arantv.az\/index.php?rest_route=\/wp\/v2\/media\/499397"}],"wp:attachment":[{"href":"https:\/\/arantv.az\/index.php?rest_route=%2Fwp%2Fv2%2Fmedia&parent=668098"}],"wp:term":[{"taxonomy":"category","embeddable":true,"href":"https:\/\/arantv.az\/index.php?rest_route=%2Fwp%2Fv2%2Fcategories&post=668098"},{"taxonomy":"post_tag","embeddable":true,"href":"https:\/\/arantv.az\/index.php?rest_route=%2Fwp%2Fv2%2Ftags&post=668098"}],"curies":[{"name":"wp","href":"https:\/\/api.w.org\/{rel}","templated":true}]}}