{"id":668191,"date":"2023-12-13T13:01:42","date_gmt":"2023-12-13T09:01:42","guid":{"rendered":"https:\/\/arantv.az\/?p=668191"},"modified":"2023-12-13T13:01:42","modified_gmt":"2023-12-13T09:01:42","slug":"quru-s%c9%99rh%c9%99dl%c9%99r-bu-s%c9%99b%c9%99bl%c9%99rd%c9%99n-acilmir-prezidentin-izahi","status":"publish","type":"post","link":"https:\/\/arantv.az\/?p=668191","title":{"rendered":"Quru s\u0259rh\u0259dl\u0259r bu s\u0259b\u0259bl\u0259rd\u0259n a\u00e7\u0131lm\u0131r &#8211; Prezidentin izah\u0131"},"content":{"rendered":"<p><strong>D\u00f6vl\u0259t ba\u015f\u00e7\u0131s\u0131 \u0130lham \u018fliyevd\u0259n \u201cs\u0259rh\u0259dl\u0259rimiz dostlar\u0131m\u0131z \u00fc\u00e7\u00fcn a\u00e7\u0131q olsun v\u0259 biz\u0259 z\u0259r\u0259r verm\u0259k ist\u0259y\u0259nl\u0259r \u00fc\u00e7\u00fcn is\u0259 ba\u011fl\u0131 qals\u0131n\u201d mesaj\u0131;\u00a0 ekspertl\u0259r d\u0259 bu q\u0259rar\u0131 birm\u0259nal\u0131 t\u0259hl\u00fck\u0259sizlikl\u0259 \u0259laq\u0259l\u0259ndirir<\/strong><\/p>\n<p>Pandemiya s\u0259b\u0259bind\u0259n ba\u011flanan quru s\u0259rh\u0259dl\u0259r art\u0131q bir ne\u00e7\u0259 il ke\u00e7m\u0259sin\u0259 baxmayaraq, h\u0259l\u0259 d\u0259 a\u00e7\u0131lmay\u0131b. Haz\u0131rda Az\u0259rbaycan quru s\u0259rh\u0259dl\u0259ri bu s\u0259b\u0259bd\u0259n ba\u011fl\u0131 olan yegan\u0259 \u00f6lk\u0259dir. Quru s\u0259rh\u0259dl\u0259rinin ba\u011fl\u0131 olmas\u0131n\u0131n \u00f6lk\u0259mizd\u0259 \u0259n m\u00fcsb\u0259t amil kimi turizm sektoruna t\u0259siri g\u00f6st\u0259rils\u0259 d\u0259, qeyd ed\u0259k ki, bu sektorda \u00f6t\u0259n d\u00f6vrd\u0259 he\u00e7 bir ciddi ir\u0259lil\u0259yi\u015f m\u00fc\u015fahid\u0259 edilm\u0259yib. B\u0259zi iddialara g\u00f6r\u0259, Az\u0259rbaycan iqtidar\u0131 Rusiyadan g\u0259l\u0259n v\u0259 ya potensial olaraq g\u0259l\u0259 bil\u0259c\u0259k ax\u0131ndan narahatd\u0131r.<\/p>\n<p>\u201cYeni M\u00fcsavat\u201d bildirir ki, son olaraq d\u00f6vl\u0259t ba\u015f\u00e7\u0131s\u0131 \u0130lham \u018fliyev \u201cEuronews\u201d televiziyas\u0131na m\u00fcsahib\u0259sind\u0259 s\u0259rh\u0259dl\u0259rl\u0259 ba\u011fl\u0131 dan\u0131\u015fm\u0131\u015fd\u0131.\u00a0<strong>\u201c\u018fsas beyn\u0259lxalq aktorlarla yax\u015f\u0131 siyasi \u0259laq\u0259l\u0259ri olan, \u00f6z\u00fcn\u00fc t\u0259min ed\u0259n iqtisadiyyat v\u0259 \u00f6lk\u0259d\u0259ki siyasi sabitlik v\u0259 birlik &#8211; b\u00fct\u00fcn bu amill\u0259r onu g\u00f6st\u0259rir ki, bizd\u0259 daxili riskl\u0259r yoxdur. Xarici riskl\u0259r, b\u0259li, var, lakin bu, s\u0259rh\u0259dl\u0259rimizin xaricind\u0259ki v\u0259ziyy\u0259td\u0259n as\u0131l\u0131 olacaq. S\u0259rh\u0259dl\u0259rimizin xaricind\u0259 \u015eimala do\u011fru m\u00fcharib\u0259 gedir, Yax\u0131n \u015e\u0259rqd\u0259 qeyri-sabit v\u0259ziyy\u0259t m\u00f6vcuddur, regionumuzda potensial g\u0259rginlikl\u0259r var. Bel\u0259likl\u0259, bu, Az\u0259rbaycan \u00fc\u00e7\u00fcn potensial risk ola bil\u0259r. Bu m\u0259qs\u0259dl\u0259 biz s\u0259rh\u0259dl\u0259rimizin m\u00fcdafi\u0259sin\u0259 daha \u00e7ox diqq\u0259t yetirm\u0259liyik ki, s\u0259rh\u0259dl\u0259rimiz dostlar\u0131m\u0131z \u00fc\u00e7\u00fcn a\u00e7\u0131q olsun v\u0259 biz\u0259 z\u0259r\u0259r verm\u0259k ist\u0259y\u0259nl\u0259r \u00fc\u00e7\u00fcn is\u0259 ba\u011fl\u0131 qals\u0131n\u201d,<\/strong>\u00a0&#8211; dey\u0259 d\u00f6vl\u0259t ba\u015f\u00e7\u0131s\u0131 bildirmi\u015fdi.<\/p>\n<p>B\u0259s \u201cdostlar\u0131m\u0131z \u00fc\u00e7\u00fcn a\u00e7\u0131q, biz\u0259 z\u0259r\u0259r verm\u0259k ist\u0259y\u0259nl\u0259r \u00fc\u00e7\u00fcn ba\u011fl\u0131 qals\u0131n\u201d fikrinin arxas\u0131nda hans\u0131 ger\u00e7\u0259kl\u0259r dayan\u0131r? Az\u0259rbaycan h\u0259r zaman \u015fimal v\u0259 c\u0259nub s\u0259rh\u0259dl\u0259rind\u0259n z\u0259r\u0259r g\u00f6zl\u0259yib, h\u0259m d\u0259 g\u00f6r\u00fcb. Bunu n\u0259z\u0259r\u0259 alsaq, Rusiya v\u0259 \u0130ran s\u0259rh\u0259dl\u0259rinin ba\u011fl\u0131 qalaca\u011f\u0131n\u0131, q\u0259rb s\u0259rh\u0259dl\u0259rinin a\u00e7\u0131laca\u011f\u0131n\u0131 g\u00f6zl\u0259m\u0259k olard\u0131. Y\u0259ni G\u00fcrc\u00fcstan v\u0259 T\u00fcrkiy\u0259 istiqam\u0259tind\u0259 quru s\u0259rh\u0259dl\u0259r a\u00e7\u0131lmal\u0131yd\u0131, lakin he\u00e7 biri olmad\u0131. Bel\u0259likl\u0259, Az\u0259rbaycan \u0259razisind\u0259 x\u00fcsusi karantin rejiminin m\u00fcdd\u0259ti uzad\u0131ld\u0131. Art\u0131q bununla ba\u011fl\u0131 ba\u015f nazir \u018fli \u018fs\u0259dov Q\u0259rar imzalay\u0131b. Q\u0259rara \u0259sas\u0259n, koronavirus (COV\u0130D-19) infeksiyas\u0131n\u0131n \u00f6lk\u0259 \u0259razisind\u0259 yay\u0131lmas\u0131n\u0131n, onun t\u00f6r\u0259d\u0259 bil\u0259c\u0259yi f\u0259sadlar\u0131n qar\u015f\u0131s\u0131n\u0131n al\u0131nmas\u0131 m\u0259qs\u0259dil\u0259 Az\u0259rbaycan Respublikas\u0131n\u0131n \u0259razisind\u0259 x\u00fcsusi karantin rejiminin m\u00fcdd\u0259ti 2024-c\u00fc il 2 aprel saat 06:00-d\u0259k uzad\u0131l\u0131b. Qeyd ed\u0259k ki, bundan \u0259vv\u0259lki q\u0259rar 2024-c\u00fc il 2 yanvar saat 06:00-d\u0259k olan d\u00f6vr\u00fc \u0259hat\u0259 edib. Xat\u0131rladaq ki, quru s\u0259rh\u0259dl\u0259rinin a\u00e7\u0131q olmas\u0131 eyni zamanda bir \u00e7ox v\u0259t\u0259nda\u015flar\u0131n, o c\u00fcml\u0259d\u0259n s\u0259rh\u0259dyan\u0131 b\u00f6lg\u0259l\u0259rd\u0259 ya\u015fayan \u0259halinin dolan\u0131\u015f\u0131\u011f\u0131 \u00fc\u00e7\u00fcn \u0259sas amill\u0259rd\u0259n biri idi. D\u00f6vl\u0259t G\u00f6mr\u00fck Komit\u0259sinin s\u0259dri \u015eahin Ba\u011f\u0131rov bug\u00fcnl\u0259rd\u0259 deyib ki, s\u0259rh\u0259dl\u0259rin ba\u011flanmas\u0131n\u0131n b\u00fcdc\u0259y\u0259 xeyri proqnozdan azd\u0131r.<\/p>\n<p><img src=\"https:\/\/pravda.az\/cdn\/2020\/june\/13\/ramilmemmedli67.jpg\" alt=\"Ramil M\u0259mm\u0259dli: \u201cAz\u0259rbaycan ordusu n\u0259zar\u0259t imkanlar\u0131n\u0131 g\u00fccl\u0259ndirdi\u201d  Pravda.az\" \/><\/p>\n<p><strong>Ramil M\u0259mm\u0259dli\u00a0<\/strong><\/p>\n<p><strong>H\u0259rbi ekspert Ramil M\u0259mm\u0259dli \u201cYeni M\u00fcsavat\u201da a\u00e7\u0131qlad\u0131 ki, Az\u0259rbaycan d\u00fcnyada ged\u0259n m\u00fcr\u0259kk\u0259b prosesl\u0259ri, onun k\u00fcl\u0259yinin regiona t\u0259sirl\u0259rini m\u00fc\u015fahid\u0259 etm\u0259kd\u0259dir. Ekspertin s\u00f6zl\u0259rin\u0259 g\u00f6r\u0259, Az\u0259rbaycan d\u00f6vl\u0259ti t\u0259hl\u00fck\u0259sizlik parametrl\u0259rin\u0259 riay\u0259t edir:<\/strong>\u00a0\u201c\u015eimal-Q\u0259rb qar\u015f\u0131durmas\u0131n\u0131n q\u0259lp\u0259l\u0259ri ist\u0259r-ist\u0259m\u0259z biz\u0259 d\u0259 toxuna bil\u0259r. Bu qar\u015f\u0131durmada Az\u0259rbaycan \u00f6z istiqam\u0259tini m\u00fc\u0259yy\u0259n edib v\u0259 quru s\u0259rh\u0259dl\u0259rin qapal\u0131 saxlanmas\u0131 r\u0259smi \u015f\u0259kild\u0259 t\u0259hl\u00fck\u0259sizlikl\u0259 \u0259laq\u0259l\u0259ndirilm\u0259s\u0259 d\u0259, g\u00f6r\u00fcn\u0259n budur ki, \u0259sl s\u0259b\u0259b m\u0259lumdur. \u018fg\u0259r d\u00f6vl\u0259tin ciddi informasiyalar\u0131, k\u0259\u015ffiyyat m\u0259lumatlar\u0131 varsa, el\u0259c\u0259 d\u0259 prosesl\u0259ri t\u0259hlil ed\u0259n strateji m\u0259rk\u0259zi bu q\u0259na\u0259td\u0259dirs\u0259, dem\u0259li, quru s\u0259rh\u0259dl\u0259rin t\u0259hl\u00fck\u0259sizlik n\u00f6qteyi-n\u0259z\u0259rd\u0259n qapal\u0131 saxlanmas\u0131 m\u0259ntiqlidir. Biz m\u00fcharib\u0259d\u0259n yeni \u00e7\u0131xm\u0131\u015f d\u00f6vl\u0259tik, \u0259traf\u0131m\u0131zda m\u00fcxt\u0259lif hadis\u0259l\u0259r c\u0259r\u0259yan edir v\u0259 b\u00fct\u00fcn bu prosesl\u0259ri n\u0259z\u0259r\u0259 alaraq, d\u00f6vl\u0259t bel\u0259 bir add\u0131m atmaq q\u0259rar\u0131 verib\u201d. R.M\u0259mm\u0259dli \u015fimalda\u00a0 ged\u0259n m\u00fcharib\u0259nin g\u0259l\u0259n il daha da k\u0259skinl\u0259\u015f\u0259c\u0259yini g\u00f6zl\u0259yir: \u201cRusiya ba\u015f nazirinin m\u00fcavini d\u0259 a\u00e7\u0131qlad\u0131 ki, 2024-ci ild\u0259 m\u00fcharib\u0259 davam ed\u0259c\u0259k. Q\u0259rb yeni yard\u0131mlar ay\u0131rma\u011f\u0131 planla\u015fd\u0131r\u0131r, Bayden Zelenskini \u00e7a\u011f\u0131rd\u0131 v\u0259 Va\u015finqton d\u0259v\u0259ti &#8220;t\u0259cili d\u0259st\u0259k&#8221; ad\u0131 il\u0259 \u0259laq\u0259l\u0259ndirdi. Ona g\u00f6r\u0259 d\u0259 m\u00fcharib\u0259 g\u0259l\u0259n il \u015fidd\u0259tli forma ala bil\u0259r. \u00dcst\u0259lik, h\u0259m Rusiya, h\u0259m Amerikada se\u00e7kil\u0259rdir, Az\u0259rbaycanda da fevralda prezident se\u00e7kisi ke\u00e7iril\u0259c\u0259k. Bu amill\u0259r siyasi g\u00f6r\u00fcns\u0259 d\u0259, arxas\u0131nda t\u0259hl\u00fck\u0259sizlik faktorlar\u0131 dayan\u0131r. M\u0259n quru s\u0259rh\u0259dl\u0259rin ba\u011fl\u0131 saxlanmas\u0131nda ba\u015fqa bir s\u0259b\u0259b g\u00f6rm\u00fcr\u0259m&#8221;.<\/p>\n<p><img src=\"https:\/\/pravda.az\/cdn\/2022\/february\/17\/natiq22.jpg\" alt=\"Natiq C\u0259f\u0259rli: \u201cDini v\u0259 etnik m\u0259s\u0259l\u0259l\u0259r \u00e7ox h\u0259ssasd\u0131r, \u201ctezal\u0131\u015fan\u201dd\u0131r,  t\u0259xribatlara uymamal\u0131y\u0131q...\u201d Pravda.az\" \/><\/p>\n<p><strong>\u00a0Natiq C\u0259f\u0259rli<\/strong><\/p>\n<p><strong>REAL Partiyas\u0131n\u0131n Siyasi Komit\u0259sinin \u00fczv\u00fc Natiq C\u0259f\u0259rlinin \u201cYeni M\u00fcsavat\u201da bildirdiyin\u0259 g\u00f6r\u0259, bunun s\u0259b\u0259bi t\u0259hl\u00fck\u0259sizlikl\u0259 ba\u011fl\u0131 ola bil\u0259r v\u0259 Rusiyadan ax\u0131n olmas\u0131 istisna edilmir. Onun fikrinc\u0259, quru s\u0259rh\u0259dl\u0259rin qapal\u0131 saxlanmas\u0131n\u0131n pandemiya il\u0259 \u0259laq\u0259l\u0259ndirilm\u0259sin\u0259 inam qalmay\u0131b:<\/strong>\u00a0\u201c\u018fg\u0259r m\u0259s\u0259l\u0259 t\u0259hl\u00fck\u0259sizlikdirs\u0259, Rusiya-Ukrayna m\u00fcharib\u0259sidirs\u0259, o zaman G\u00fcrc\u00fcstan\u0131n da Rusiya il\u0259 s\u0259rh\u0259d oldu\u011funu n\u0259z\u0259r\u0259 almal\u0131y\u0131q. \u00dcst\u0259lik, G\u00fcrc\u00fcstan\u0131n C\u0259nubi Osetiya v\u0259 Abxaziya kimi i\u015f\u011fal problemi var, bununla bel\u0259, s\u0259rh\u0259d a\u00e7\u0131qd\u0131r. Az\u0259rbaycan is\u0259 g\u00fccl\u00fc d\u00f6vl\u0259tdir, h\u00fcquq-m\u00fchafiz\u0259 orqanlar\u0131, ordusu, s\u0259rh\u0259d xidm\u0259ti pe\u015f\u0259kard\u0131r, bu m\u0259s\u0259l\u0259d\u0259 G\u00fcrc\u00fcstandan d\u0259f\u0259l\u0259rl\u0259 \u00fcst\u00fcn\u00fck, o zaman Rusiya il\u0259 quru s\u0259rh\u0259di a\u00e7\u0131q saxlay\u0131b, biz qapad\u0131r\u0131qsa, he\u00e7 d\u0259 yax\u015f\u0131 g\u00f6r\u00fcnm\u00fcr\u201d. N.C\u0259f\u0259rli hesab edir ki, quru s\u0259rh\u0259dl\u0259rin ba\u011fl\u0131 saxlanmas\u0131 iqtisadi g\u00f6st\u0259ricil\u0259r\u0259 d\u0259 m\u0259nfi t\u0259sir edir: \u201c\u00d6lk\u0259y\u0259 3 milyon turist g\u0259lmi\u015fdi, indi onun 30-35 faizini t\u0259krarlaya bilm\u0259y\u0259c\u0259yik\u201d.<\/p>\n<p><img loading=\"lazy\" src=\"https:\/\/cdn.musavat.com\/news\/thumbnails\/d5da1679d817be273d10ac5470b64614.jpg\" alt=\"Partiya s\u0259dri prezidentin \u00e7a\u011f\u0131r\u0131\u015f\u0131na qo\u015fuldu -Fuad \u018fliyev qeydiyyatdan ke\u00e7di\" width=\"659\" height=\"439\" \/><\/p>\n<p><strong>Fuad \u018fliyev<\/strong><\/p>\n<p><strong>Siyasi \u015f\u0259rh\u00e7i Fuad \u018fliyev is\u0259 quru s\u0259rh\u0259dl\u0259rin a\u00e7\u0131lmas\u0131n\u0131 z\u0259ruri say\u0131r:<\/strong>\u00a0\u201cBunun iqtisadi z\u0259r\u0259rl\u0259ri g\u00f6z qaba\u011f\u0131ndad\u0131r. Art\u0131q 4-c\u00fc il\u0259 ke\u00e7ir ki, insanlar yaln\u0131z t\u0259yyar\u0259 il\u0259 \u00f6lk\u0259 xaricin\u0259 \u00e7\u0131xa bilirl\u0259r. \u018fn az\u0131ndan G\u00fcrc\u00fcstan istiqam\u0259ti a\u00e7\u0131la bil\u0259rdi ki, bu h\u0259m d\u0259 T\u00fcrkiy\u0259y\u0259 quru s\u0259rh\u0259din a\u00e7\u0131lmas\u0131 dem\u0259kdir. Sad\u0259c\u0259, bunu ets\u0259l\u0259r, t\u0259bii olaraq suallar yaranacaq ki, \u015fimal v\u0259 c\u0259nub s\u0259rh\u0259dl\u0259ri niy\u0259 a\u00e7\u0131lm\u0131r, hans\u0131sa t\u0259hl\u00fck\u0259 varm\u0131? Ona g\u00f6r\u0259 d\u0259 ya ham\u0131s\u0131 a\u00e7\u0131lmal\u0131d\u0131r, ya da he\u00e7 biri. H\u00f6kum\u0259t d\u0259 ikinci variant\u0131 se\u00e7ib. Amma koronavirusa yoluxma minimuma enib, d\u00fcnyada bu x\u0259st\u0259likl\u0259 ba\u011fl\u0131 h\u0259r hans\u0131 qorxulu proses d\u0259 getmir, o bax\u0131mdan burada siyasi v\u0259 t\u0259hl\u00fck\u0259sizlik amill\u0259ri axtarmaq m\u00fcmk\u00fcnd\u00fcr. Prezident &#8220;Biz\u0259 z\u0259r\u0259r verm\u0259k ist\u0259y\u0259nl\u0259r\u0259 ba\u011fl\u0131 qals\u0131n&#8221; dem\u0259kl\u0259 hans\u0131sa mesaj\u0131 \u00f6t\u00fcrm\u00fc\u015f oldu. G\u00f6r\u00fcn\u00fcr, d\u00f6vl\u0259t ba\u015f\u00e7\u0131s\u0131 k\u0259nardan Az\u0259rbaycana ziyan vurmaq ist\u0259y\u0259nl\u0259rin oldu\u011funu g\u00f6rm\u0259kd\u0259dir&#8221;.<\/p>\n","protected":false},"excerpt":{"rendered":"<p>D\u00f6vl\u0259t ba\u015f\u00e7\u0131s\u0131 \u0130lham \u018fliyevd\u0259n \u201cs\u0259rh\u0259dl\u0259rimiz dostlar\u0131m\u0131z \u00fc\u00e7\u00fcn a\u00e7\u0131q olsun v\u0259 biz\u0259 z\u0259r\u0259r verm\u0259k ist\u0259y\u0259nl\u0259r \u00fc\u00e7\u00fcn is\u0259 ba\u011fl\u0131 qals\u0131n\u201d mesaj\u0131;\u00a0 ekspertl\u0259r d\u0259 bu q\u0259rar\u0131 birm\u0259nal\u0131 t\u0259hl\u00fck\u0259sizlikl\u0259 \u0259laq\u0259l\u0259ndirir Pandemiya s\u0259b\u0259bind\u0259n ba\u011flanan quru s\u0259rh\u0259dl\u0259r art\u0131q bir ne\u00e7\u0259 il ke\u00e7m\u0259sin\u0259 baxmayaraq, h\u0259l\u0259 d\u0259 a\u00e7\u0131lmay\u0131b. Haz\u0131rda Az\u0259rbaycan quru s\u0259rh\u0259dl\u0259ri bu s\u0259b\u0259bd\u0259n ba\u011fl\u0131 olan yegan\u0259 \u00f6lk\u0259dir. Quru s\u0259rh\u0259dl\u0259rinin ba\u011fl\u0131 olmas\u0131n\u0131n \u00f6lk\u0259mizd\u0259 \u0259n m\u00fcsb\u0259t amil kimi turizm sektoruna t\u0259siri g\u00f6st\u0259rils\u0259 d\u0259, qeyd ed\u0259k ki, bu sektorda \u00f6t\u0259n d\u00f6vrd\u0259 he\u00e7 bir ciddi ir\u0259lil\u0259yi\u015f m\u00fc\u015fahid\u0259 edilm\u0259yib. B\u0259zi iddialara g\u00f6r\u0259, Az\u0259rbaycan iqtidar\u0131 Rusiyadan g\u0259l\u0259n v\u0259 ya potensial olaraq g\u0259l\u0259 bil\u0259c\u0259k&hellip;<\/p>\n","protected":false},"author":2,"featured_media":668192,"comment_status":"closed","ping_status":"closed","sticky":false,"template":"","format":"standard","meta":{"om_disable_all_campaigns":false,"_monsterinsights_skip_tracking":false,"_monsterinsights_sitenote_active":false,"_monsterinsights_sitenote_note":"","_monsterinsights_sitenote_category":0},"categories":[19],"tags":[],"aioseo_notices":[],"gutentor_comment":0,"rttpg_featured_image_url":{"full":["https:\/\/arantv.az\/wp-content\/uploads\/2023\/12\/4bb922713b8d197495a07df69f52fc38.jpg",850,500,false],"landscape":["https:\/\/arantv.az\/wp-content\/uploads\/2023\/12\/4bb922713b8d197495a07df69f52fc38.jpg",850,500,false],"portraits":["https:\/\/arantv.az\/wp-content\/uploads\/2023\/12\/4bb922713b8d197495a07df69f52fc38.jpg",850,500,false],"thumbnail":["https:\/\/arantv.az\/wp-content\/uploads\/2023\/12\/4bb922713b8d197495a07df69f52fc38-500x280.jpg",500,280,true],"medium":["https:\/\/arantv.az\/wp-content\/uploads\/2023\/12\/4bb922713b8d197495a07df69f52fc38-621x365.jpg",621,365,true],"large":["https:\/\/arantv.az\/wp-content\/uploads\/2023\/12\/4bb922713b8d197495a07df69f52fc38-840x494.jpg",640,376,true],"1536x1536":["https:\/\/arantv.az\/wp-content\/uploads\/2023\/12\/4bb922713b8d197495a07df69f52fc38.jpg",850,500,false],"2048x2048":["https:\/\/arantv.az\/wp-content\/uploads\/2023\/12\/4bb922713b8d197495a07df69f52fc38.jpg",850,500,false],"post-thumbnail":["https:\/\/arantv.az\/wp-content\/uploads\/2023\/12\/4bb922713b8d197495a07df69f52fc38-240x172.jpg",240,172,true],"advps-thumb-one":["https:\/\/arantv.az\/wp-content\/uploads\/2023\/12\/4bb922713b8d197495a07df69f52fc38.jpg",850,500,false]},"rttpg_author":{"display_name":"V\u00fcsal Rafiqo\u011flu","author_link":"https:\/\/arantv.az\/?author=2"},"rttpg_comment":0,"rttpg_category":"<a href=\"https:\/\/arantv.az\/?cat=19\" rel=\"category\">G\u00fcnd\u0259m<\/a>","rttpg_excerpt":"D\u00f6vl\u0259t ba\u015f\u00e7\u0131s\u0131 \u0130lham \u018fliyevd\u0259n \u201cs\u0259rh\u0259dl\u0259rimiz dostlar\u0131m\u0131z \u00fc\u00e7\u00fcn a\u00e7\u0131q olsun v\u0259 biz\u0259 z\u0259r\u0259r verm\u0259k ist\u0259y\u0259nl\u0259r \u00fc\u00e7\u00fcn is\u0259 ba\u011fl\u0131 qals\u0131n\u201d mesaj\u0131;\u00a0 ekspertl\u0259r d\u0259 bu q\u0259rar\u0131 birm\u0259nal\u0131 t\u0259hl\u00fck\u0259sizlikl\u0259 \u0259laq\u0259l\u0259ndirir Pandemiya s\u0259b\u0259bind\u0259n ba\u011flanan quru s\u0259rh\u0259dl\u0259r art\u0131q bir ne\u00e7\u0259 il ke\u00e7m\u0259sin\u0259 baxmayaraq, h\u0259l\u0259 d\u0259 a\u00e7\u0131lmay\u0131b. Haz\u0131rda Az\u0259rbaycan quru s\u0259rh\u0259dl\u0259ri bu s\u0259b\u0259bd\u0259n ba\u011fl\u0131 olan yegan\u0259 \u00f6lk\u0259dir. Quru s\u0259rh\u0259dl\u0259rinin ba\u011fl\u0131 olmas\u0131n\u0131n \u00f6lk\u0259mizd\u0259&hellip;","_links":{"self":[{"href":"https:\/\/arantv.az\/index.php?rest_route=\/wp\/v2\/posts\/668191"}],"collection":[{"href":"https:\/\/arantv.az\/index.php?rest_route=\/wp\/v2\/posts"}],"about":[{"href":"https:\/\/arantv.az\/index.php?rest_route=\/wp\/v2\/types\/post"}],"author":[{"embeddable":true,"href":"https:\/\/arantv.az\/index.php?rest_route=\/wp\/v2\/users\/2"}],"replies":[{"embeddable":true,"href":"https:\/\/arantv.az\/index.php?rest_route=%2Fwp%2Fv2%2Fcomments&post=668191"}],"version-history":[{"count":0,"href":"https:\/\/arantv.az\/index.php?rest_route=\/wp\/v2\/posts\/668191\/revisions"}],"wp:featuredmedia":[{"embeddable":true,"href":"https:\/\/arantv.az\/index.php?rest_route=\/wp\/v2\/media\/668192"}],"wp:attachment":[{"href":"https:\/\/arantv.az\/index.php?rest_route=%2Fwp%2Fv2%2Fmedia&parent=668191"}],"wp:term":[{"taxonomy":"category","embeddable":true,"href":"https:\/\/arantv.az\/index.php?rest_route=%2Fwp%2Fv2%2Fcategories&post=668191"},{"taxonomy":"post_tag","embeddable":true,"href":"https:\/\/arantv.az\/index.php?rest_route=%2Fwp%2Fv2%2Ftags&post=668191"}],"curies":[{"name":"wp","href":"https:\/\/api.w.org\/{rel}","templated":true}]}}