{"id":668207,"date":"2023-12-13T13:11:43","date_gmt":"2023-12-13T09:11:43","guid":{"rendered":"https:\/\/arantv.az\/?p=668207"},"modified":"2023-12-13T13:11:43","modified_gmt":"2023-12-13T09:11:43","slug":"sarkis-asatryan-sulh-muqavil%c9%99sinin-m%c9%99tni-dem%c9%99k-olar-ki-hazirdir-son-tamamlamalar-h%c9%99yata-kecirilir","status":"publish","type":"post","link":"https:\/\/arantv.az\/?p=668207","title":{"rendered":"Sarkis Asatryan: \u201cS\u00fclh m\u00fcqavil\u0259sinin m\u0259tni, dem\u0259k olar ki, haz\u0131rd\u0131r, son tamamlamalar h\u0259yata ke\u00e7irilir\u201d"},"content":{"rendered":"<p>\u201cAz\u0259rbaycan v\u0259 Erm\u0259nistan aras\u0131nda ikit\u0259r\u0259fli dialoqun alternativi yoxdur\u201d.<\/p>\n<p>Bu s\u00f6zl\u0259ri\u00a0<strong>Oxu.Az<\/strong>-a a\u00e7\u0131qlamas\u0131nda erm\u0259ni ictimai-siyasi xadim, Rusiya Humanitar v\u0259 Beyn\u0259lxalq Proqramlar \u00fczr\u0259 \u201cKupol\u201d Fondunun Himay\u0259\u00e7il\u0259r \u015euras\u0131n\u0131n s\u0259dri\u00a0<strong>Sarkis Asatryan<\/strong>\u00a0deyib.<\/p>\n<p>Onun s\u00f6zl\u0259rin\u0259 g\u00f6r\u0259, ad\u0259t\u0259n, m\u0259hz m\u00fcnaqi\u015f\u0259 ed\u0259n t\u0259r\u0259fl\u0259r aras\u0131nda dan\u0131\u015f\u0131qlar\u0131n ikit\u0259r\u0259fli format\u0131 davaml\u0131 s\u00fclh\u0259 s\u0259b\u0259b olur v\u0259 bunu \u00e7oxsayl\u0131 tarixi n\u00fcmun\u0259l\u0259r d\u0259 s\u00fcbuta yetirir. \u018fg\u0259r dialoq \u0259v\u0259zin\u0259 yaln\u0131z iddialar v\u0259 ittihamlar varsa, o zaman m\u00fcnaqi\u015f\u0259 bitm\u0259y\u0259c\u0259k:<\/p>\n<p>&#8211; \u018fg\u0259r biz regionumuzda bird\u0259f\u0259lik s\u00fclh\u00fcn b\u0259rq\u0259rar olmas\u0131n\u0131 ist\u0259yiriks\u0259, o zaman dan\u0131\u015f\u0131qlar masas\u0131 arxas\u0131nda m\u00fczakir\u0259 edib, m\u00fcnasib\u0259tl\u0259rimizi yoluna qoymal\u0131y\u0131q. Bu yax\u0131nlarda Bak\u0131-\u0130r\u0259van birg\u0259 b\u0259yanat\u0131 Az\u0259rbaycan v\u0259 Erm\u0259nistan r\u0259hb\u0259rliyinin siyasi irad\u0259si say\u0259sind\u0259 m\u00fcmk\u00fcn olmu\u015f misli g\u00f6r\u00fcnm\u0259mi\u015f bir hadis\u0259dir. \u00d6lk\u0259l\u0259rimiz aras\u0131nda m\u00fcnasib\u0259tl\u0259rin tarixind\u0259 ilk d\u0259f\u0259 olaraq ikit\u0259r\u0259fli \u0259sasda \u00e7oxvektorlu m\u0259s\u0259l\u0259l\u0259r h\u0259ll olundu. Hesab edir\u0259m ki, Bak\u0131da v\u0259 \u0130r\u0259vanda Erm\u0259nistan v\u0259 Az\u0259rbaycan\u0131n diplomatik n\u00fcmay\u0259nd\u0259likl\u0259rinin olmamas\u0131na baxmayaraq, bu proses u\u011furla davam etdiril\u0259c\u0259k. Amma s\u00fclh m\u00fcqavil\u0259si imzalanandan sonra, hans\u0131 ki \u00e7ox tezlikl\u0259 ba\u015f verm\u0259lidir, s\u0259firlikl\u0259r a\u00e7\u0131lacaq, bir \u00e7ox m\u0259s\u0259l\u0259l\u0259r i\u015fl\u0259k \u015f\u0259kild\u0259 h\u0259ll olunacaq.<\/p>\n<p><strong>&#8211; Vur\u011fulad\u0131\u011f\u0131n\u0131z s\u00fclh m\u00fcqavil\u0259si eynil\u0259 ikit\u0259r\u0259fli formatda, vasit\u0259\u00e7il\u0259rsiz imzalana bil\u0259rmi? B\u0259s buna vasit\u0259\u00e7i olma\u011fa iddial\u0131 olan Fransa, AB\u015e v\u0259 Rusiya nec\u0259 reaksiya ver\u0259c\u0259kl\u0259r?<\/strong><\/p>\n<p>&#8211; Erm\u0259nistan da, Az\u0259rbaycan da suveren d\u00f6vl\u0259tl\u0259rdir. T\u0259bii ki, onlar vasit\u0259\u00e7isiz dan\u0131\u015f\u0131qlar aparma\u011fa \u00e7al\u0131\u015fmal\u0131d\u0131rlar. Baxmayaraq ki, Bak\u0131 v\u0259 \u0130r\u0259van birba\u015fa raz\u0131l\u0131\u011fa g\u0259ls\u0259l\u0259r, b\u0259zi \u00f6lk\u0259l\u0259r \u00f6zl\u0259rini o q\u0259d\u0259r d\u0259 komfortlu hiss etm\u0259y\u0259c\u0259kl\u0259r. M\u0259s\u0259l\u0259 ondan ibar\u0259tdir ki, bir \u00e7oxlar\u0131 \u00fc\u00e7\u00fcn s\u00fclh m\u00fcqavil\u0259sinin ad\u0131 \u0259h\u0259miyy\u0259t da\u015f\u0131y\u0131r, bu is\u0259 imzalanma m\u0259kan\u0131ndan as\u0131l\u0131d\u0131r. M\u0259s\u0259l\u0259n, Va\u015finqton s\u00fclh m\u00fcqavil\u0259si, Paris sazi\u015fi, Br\u00fcssel m\u00fcqavil\u0259si v\u0259 sair. Q\u0259rb \u00fc\u00e7\u00fcn s\u0259n\u0259din m\u0259zmunu v\u0259 mahiyy\u0259ti deyil, ad\u0131 \u00f6n\u0259mlidir. Odur ki, bizim r\u0259hb\u0259rl\u0259rimiz siyasi t\u0259mkin n\u00fcmayi\u015f etdirm\u0259li, bu h\u0259ssas m\u0259qamlardan yan ke\u00e7\u0259r\u0259k s\u00fclh raz\u0131l\u0131\u011f\u0131na g\u0259lm\u0259lidirl\u0259r. Vasit\u0259\u00e7il\u0259rin rolu is\u0259 prosesi s\u00fcr\u0259tl\u0259ndirm\u0259kd\u0259n ibar\u0259t olmal\u0131d\u0131r, n\u0259inki yor\u011fan\u0131 \u00f6z \u00fcz\u0259rin\u0259 \u00e7\u0259k\u0259r\u0259k raz\u0131la\u015fman\u0131 tormozlamaq.<\/p>\n<p>M\u0259n d\u00fc\u015f\u00fcn\u00fcr\u0259m ki, s\u00fclh sazi\u015fi Erm\u0259nistan-Az\u0259rbaycan s\u0259rh\u0259dind\u0259 imzalana bil\u0259r. Niy\u0259 bu t\u0259dbirin ke\u00e7iril\u0259c\u0259yi yerd\u0259 \u201cs\u00fclh \u00e7ad\u0131r\u0131\u201d qurmayaq? \u018fg\u0259r ma\u015f\u0131nla s\u0259rh\u0259dd\u0259 g\u00f6r\u00fc\u015fm\u0259k m\u00fcmk\u00fcnd\u00fcrs\u0259, niy\u0259 x\u00fcsusi \u015f\u0259kild\u0259 Va\u015finqtona v\u0259 ya Paris\u0259 u\u00e7maq laz\u0131md\u0131r? \u018fg\u0259r beyn\u0259lxalq ictimaiyy\u0259td\u0259n qarantlar laz\u0131md\u0131rsa, o zaman bel\u0259 qurumlar var &#8211; BMT, AT\u018fT, onlar\u0131n n\u00fcmay\u0259nd\u0259l\u0259ri, b\u0259lk\u0259 d\u0259, h\u0259tta BMT-nin ba\u015f katibi d\u0259 imzalanma m\u0259rasimin\u0259 d\u0259v\u0259t oluna bil\u0259r. B\u00f6y\u00fck regional g\u00fccl\u0259rin &#8211; Rusiya, T\u00fcrkiy\u0259 v\u0259 \u0130ran\u0131n i\u015ftirak\u0131 da m\u00fcmk\u00fcnd\u00fcr. M\u0259n bunu bel\u0259 g\u00f6r\u00fcr\u0259m.<\/p>\n<p>S\u00fclh m\u00fcqavil\u0259sinin m\u0259tni is\u0259 dem\u0259k olar ki, haz\u0131rd\u0131r. \u0130ndi o, yoxlamadan ke\u00e7irilir, m\u00fct\u0259x\u0259ssisl\u0259r onu \u00f6yr\u0259nirl\u0259r, son tamamlama i\u015fl\u0259ri apar\u0131l\u0131r.<\/p>\n<p><strong>&#8211; B\u0259s Erm\u0259nistanda Az\u0259rbaycanla s\u00fclh sazi\u015finin imzalanmas\u0131na nec\u0259 reaksiya ver\u0259c\u0259kl\u0259r? Bel\u0259 ki, \u0130r\u0259vanda Erm\u0259nistan-Az\u0259rbaycan birg\u0259 b\u0259yanat\u0131 d\u0259rc edildikd\u0259n sonra bir \u00e7ox m\u00fcxalif siyas\u0259t\u00e7il\u0259r v\u0259 deputatlar ikit\u0259r\u0259fli format\u0131n, Az\u0259rbaycanla raz\u0131la\u015fman\u0131n \u0259leyhin\u0259 \u00e7\u0131xd\u0131lar.<\/strong><\/p>\n<p>&#8211; \u018fg\u0259r siz Erm\u0259nistan parlamentind\u0259 t\u0259msil olunan m\u00fcxalif\u0259ti n\u0259z\u0259rd\u0259 tutursunuzsa, onun, h\u0259qiq\u0259t\u0259n d\u0259, b\u00f6y\u00fck maliyy\u0259 v\u0259 media resurslar\u0131 var. Amma m\u00fcxalif\u0259t \u00f6lk\u0259 \u0259halisinin d\u0259st\u0259yini ala bilm\u0259diyi \u00fc\u00e7\u00fcn Erm\u0259nistanda daxili siyasi v\u0259ziyy\u0259t\u0259 t\u0259sir ed\u0259 bilmir. M\u0259n parlamentd\u0259 t\u0259msil olunan partiyalardan biri &#8211; Da\u015fnaks\u00fctyunla ba\u011fl\u0131 fikrimi dey\u0259 bil\u0259r\u0259m. Bu q\u00fcvv\u0259 da\u011f\u0131d\u0131c\u0131d\u0131r, o, Erm\u0259nistan\u0131n \u00f6z\u00fcn\u0259 ziyan vurur. D\u00fc\u015f\u00fcn\u00fcr\u0259m ki, n\u00f6vb\u0259ti se\u00e7kil\u0259rd\u0259 xalq \u0259sas m\u0259qs\u0259di m\u00fcharib\u0259 v\u0259 qon\u015fulara nifr\u0259t etm\u0259kd\u0259n ibar\u0259t olan bu marginal partiyan\u0131 iqnor ed\u0259c\u0259k. \u00d6lk\u0259l\u0259rimiz xalqlar aras\u0131nda nifr\u0259t \u00fc\u00e7\u00fcn z\u0259min yaradan marginal q\u00fcvv\u0259l\u0259rin t\u0259sirind\u0259n qurtulmal\u0131d\u0131r. Nifr\u0259t nitqini qada\u011fan ed\u0259n qanunlar q\u0259bul etm\u0259liyik.<\/p>\n","protected":false},"excerpt":{"rendered":"<p>\u201cAz\u0259rbaycan v\u0259 Erm\u0259nistan aras\u0131nda ikit\u0259r\u0259fli dialoqun alternativi yoxdur\u201d. Bu s\u00f6zl\u0259ri\u00a0Oxu.Az-a a\u00e7\u0131qlamas\u0131nda erm\u0259ni ictimai-siyasi xadim, Rusiya Humanitar v\u0259 Beyn\u0259lxalq Proqramlar \u00fczr\u0259 \u201cKupol\u201d Fondunun Himay\u0259\u00e7il\u0259r \u015euras\u0131n\u0131n s\u0259dri\u00a0Sarkis Asatryan\u00a0deyib. Onun s\u00f6zl\u0259rin\u0259 g\u00f6r\u0259, ad\u0259t\u0259n, m\u0259hz m\u00fcnaqi\u015f\u0259 ed\u0259n t\u0259r\u0259fl\u0259r aras\u0131nda dan\u0131\u015f\u0131qlar\u0131n ikit\u0259r\u0259fli format\u0131 davaml\u0131 s\u00fclh\u0259 s\u0259b\u0259b olur v\u0259 bunu \u00e7oxsayl\u0131 tarixi n\u00fcmun\u0259l\u0259r d\u0259 s\u00fcbuta yetirir. \u018fg\u0259r dialoq \u0259v\u0259zin\u0259 yaln\u0131z iddialar v\u0259 ittihamlar varsa, o zaman m\u00fcnaqi\u015f\u0259 bitm\u0259y\u0259c\u0259k: &#8211; \u018fg\u0259r biz regionumuzda bird\u0259f\u0259lik s\u00fclh\u00fcn b\u0259rq\u0259rar olmas\u0131n\u0131 ist\u0259yiriks\u0259, o zaman dan\u0131\u015f\u0131qlar masas\u0131 arxas\u0131nda m\u00fczakir\u0259 edib, m\u00fcnasib\u0259tl\u0259rimizi yoluna qoymal\u0131y\u0131q. Bu yax\u0131nlarda Bak\u0131-\u0130r\u0259van birg\u0259 b\u0259yanat\u0131 Az\u0259rbaycan v\u0259 Erm\u0259nistan r\u0259hb\u0259rliyinin&hellip;<\/p>\n","protected":false},"author":2,"featured_media":668208,"comment_status":"closed","ping_status":"closed","sticky":false,"template":"","format":"standard","meta":{"om_disable_all_campaigns":false,"_monsterinsights_skip_tracking":false,"_monsterinsights_sitenote_active":false,"_monsterinsights_sitenote_note":"","_monsterinsights_sitenote_category":0},"categories":[4],"tags":[],"aioseo_notices":[],"gutentor_comment":0,"rttpg_featured_image_url":{"full":["https:\/\/arantv.az\/wp-content\/uploads\/2023\/12\/406507986_1275442667180764_697131982543721371_n.jpg",620,413,false],"landscape":["https:\/\/arantv.az\/wp-content\/uploads\/2023\/12\/406507986_1275442667180764_697131982543721371_n.jpg",620,413,false],"portraits":["https:\/\/arantv.az\/wp-content\/uploads\/2023\/12\/406507986_1275442667180764_697131982543721371_n.jpg",620,413,false],"thumbnail":["https:\/\/arantv.az\/wp-content\/uploads\/2023\/12\/406507986_1275442667180764_697131982543721371_n-500x280.jpg",500,280,true],"medium":["https:\/\/arantv.az\/wp-content\/uploads\/2023\/12\/406507986_1275442667180764_697131982543721371_n-548x365.jpg",548,365,true],"large":["https:\/\/arantv.az\/wp-content\/uploads\/2023\/12\/406507986_1275442667180764_697131982543721371_n.jpg",620,413,false],"1536x1536":["https:\/\/arantv.az\/wp-content\/uploads\/2023\/12\/406507986_1275442667180764_697131982543721371_n.jpg",620,413,false],"2048x2048":["https:\/\/arantv.az\/wp-content\/uploads\/2023\/12\/406507986_1275442667180764_697131982543721371_n.jpg",620,413,false],"post-thumbnail":["https:\/\/arantv.az\/wp-content\/uploads\/2023\/12\/406507986_1275442667180764_697131982543721371_n-240x172.jpg",240,172,true],"advps-thumb-one":["https:\/\/arantv.az\/wp-content\/uploads\/2023\/12\/406507986_1275442667180764_697131982543721371_n.jpg",620,413,false]},"rttpg_author":{"display_name":"V\u00fcsal Rafiqo\u011flu","author_link":"https:\/\/arantv.az\/?author=2"},"rttpg_comment":0,"rttpg_category":"<a href=\"https:\/\/arantv.az\/?cat=4\" rel=\"category\">Siyas\u0259t<\/a>","rttpg_excerpt":"\u201cAz\u0259rbaycan v\u0259 Erm\u0259nistan aras\u0131nda ikit\u0259r\u0259fli dialoqun alternativi yoxdur\u201d. Bu s\u00f6zl\u0259ri\u00a0Oxu.Az-a a\u00e7\u0131qlamas\u0131nda erm\u0259ni ictimai-siyasi xadim, Rusiya Humanitar v\u0259 Beyn\u0259lxalq Proqramlar \u00fczr\u0259 \u201cKupol\u201d Fondunun Himay\u0259\u00e7il\u0259r \u015euras\u0131n\u0131n s\u0259dri\u00a0Sarkis Asatryan\u00a0deyib. Onun s\u00f6zl\u0259rin\u0259 g\u00f6r\u0259, ad\u0259t\u0259n, m\u0259hz m\u00fcnaqi\u015f\u0259 ed\u0259n t\u0259r\u0259fl\u0259r aras\u0131nda dan\u0131\u015f\u0131qlar\u0131n ikit\u0259r\u0259fli format\u0131 davaml\u0131 s\u00fclh\u0259 s\u0259b\u0259b olur v\u0259 bunu \u00e7oxsayl\u0131 tarixi n\u00fcmun\u0259l\u0259r d\u0259 s\u00fcbuta yetirir. \u018fg\u0259r dialoq \u0259v\u0259zin\u0259 yaln\u0131z iddialar&hellip;","_links":{"self":[{"href":"https:\/\/arantv.az\/index.php?rest_route=\/wp\/v2\/posts\/668207"}],"collection":[{"href":"https:\/\/arantv.az\/index.php?rest_route=\/wp\/v2\/posts"}],"about":[{"href":"https:\/\/arantv.az\/index.php?rest_route=\/wp\/v2\/types\/post"}],"author":[{"embeddable":true,"href":"https:\/\/arantv.az\/index.php?rest_route=\/wp\/v2\/users\/2"}],"replies":[{"embeddable":true,"href":"https:\/\/arantv.az\/index.php?rest_route=%2Fwp%2Fv2%2Fcomments&post=668207"}],"version-history":[{"count":0,"href":"https:\/\/arantv.az\/index.php?rest_route=\/wp\/v2\/posts\/668207\/revisions"}],"wp:featuredmedia":[{"embeddable":true,"href":"https:\/\/arantv.az\/index.php?rest_route=\/wp\/v2\/media\/668208"}],"wp:attachment":[{"href":"https:\/\/arantv.az\/index.php?rest_route=%2Fwp%2Fv2%2Fmedia&parent=668207"}],"wp:term":[{"taxonomy":"category","embeddable":true,"href":"https:\/\/arantv.az\/index.php?rest_route=%2Fwp%2Fv2%2Fcategories&post=668207"},{"taxonomy":"post_tag","embeddable":true,"href":"https:\/\/arantv.az\/index.php?rest_route=%2Fwp%2Fv2%2Ftags&post=668207"}],"curies":[{"name":"wp","href":"https:\/\/api.w.org\/{rel}","templated":true}]}}