{"id":668220,"date":"2023-12-13T13:14:39","date_gmt":"2023-12-13T09:14:39","guid":{"rendered":"https:\/\/arantv.az\/?p=668220"},"modified":"2023-12-13T13:14:39","modified_gmt":"2023-12-13T09:14:39","slug":"sabah-qar-yagacaq-4","status":"publish","type":"post","link":"https:\/\/arantv.az\/?p=668220","title":{"rendered":"Sabah qar ya\u011facaq"},"content":{"rendered":"<p>Dekabr\u0131n 14-n\u0259 g\u00f6zl\u0259nil\u0259n hava proqnozu a\u00e7\u0131qlan\u0131b.<\/p>\n<p>Milli Hidrometeorologiya Xidm\u0259tind\u0259n veril\u0259n x\u0259b\u0259r\u0259 g\u00f6r\u0259, Bak\u0131da v\u0259 Ab\u015feron yar\u0131madas\u0131nda b\u0259zi yerl\u0259rd\u0259 arabir ya\u011f\u0131nt\u0131l\u0131 olaca\u011f\u0131 g\u00f6zl\u0259nilir. Yar\u0131madan\u0131n b\u0259zi yerl\u0259rind\u0259 intensivl\u0259\u015f\u0259c\u0259yi ehtimal\u0131 var. Ax\u015fama do\u011fru t\u0259dric\u0259n k\u0259sil\u0259c\u0259k.<\/p>\n<p>Dekabr\u0131n 13-d\u0259n 14-n\u0259 ke\u00e7\u0259n gec\u0259 Ab\u015feron yar\u0131madas\u0131n\u0131n \u0259sas\u0259n \u015fimal\u0131nda q\u0131sa m\u00fcdd\u0259t\u0259 ya\u011f\u0131\u015f\u0131n sulu qarla qar\u0131\u015f\u0131q ya\u011fma ehtimal\u0131 var. M\u00fclayim \u015fimal k\u00fcl\u0259yi \u0259s\u0259c\u0259k.<\/p>\n<p>Havan\u0131n temperaturu gec\u0259 3-5 d\u0259r\u0259c\u0259 isti, g\u00fcnd\u00fcz 5-7 d\u0259r\u0259c\u0259 isti olacaq. Atmosfer t\u0259zyiqi normadan y\u00fcks\u0259k 766 mm civ\u0259 s\u00fctunu olacaq. Nisbi r\u00fctub\u0259t 80-85% olacaq.<\/p>\n<p>Az\u0259rbaycan\u0131n rayonlar\u0131nda b\u0259zi yerl\u0259rd\u0259 arabir ya\u011f\u0131nt\u0131l\u0131 olaca\u011f\u0131, qar ya\u011faca\u011f\u0131 g\u00f6zl\u0259nilir. Ayr\u0131-ayr\u0131 yerl\u0259rd\u0259 intensiv olaca\u011f\u0131 ehtimal\u0131 var. Gec\u0259 v\u0259 s\u0259h\u0259r b\u0259zi rayonlarda duman olacaq. M\u00fclayim \u015f\u0259rq k\u00fcl\u0259yi \u0259s\u0259c\u0259k.<\/p>\n<p>Havan\u0131n temperaturu gec\u0259 2-6 d\u0259r\u0259c\u0259 isti, g\u00fcnd\u00fcz 6-10 d\u0259r\u0259c\u0259 isti, da\u011flarda gec\u0259 3-8 d\u0259r\u0259c\u0259 \u015faxta, g\u00fcnd\u00fcz 0-3 d\u0259r\u0259c\u0259 \u015faxta olacaq.<\/p>\n","protected":false},"excerpt":{"rendered":"<p>Dekabr\u0131n 14-n\u0259 g\u00f6zl\u0259nil\u0259n hava proqnozu a\u00e7\u0131qlan\u0131b. Milli Hidrometeorologiya Xidm\u0259tind\u0259n veril\u0259n x\u0259b\u0259r\u0259 g\u00f6r\u0259, Bak\u0131da v\u0259 Ab\u015feron yar\u0131madas\u0131nda b\u0259zi yerl\u0259rd\u0259 arabir ya\u011f\u0131nt\u0131l\u0131 olaca\u011f\u0131 g\u00f6zl\u0259nilir. Yar\u0131madan\u0131n b\u0259zi yerl\u0259rind\u0259 intensivl\u0259\u015f\u0259c\u0259yi ehtimal\u0131 var. Ax\u015fama do\u011fru t\u0259dric\u0259n k\u0259sil\u0259c\u0259k. Dekabr\u0131n 13-d\u0259n 14-n\u0259 ke\u00e7\u0259n gec\u0259 Ab\u015feron yar\u0131madas\u0131n\u0131n \u0259sas\u0259n \u015fimal\u0131nda q\u0131sa m\u00fcdd\u0259t\u0259 ya\u011f\u0131\u015f\u0131n sulu qarla qar\u0131\u015f\u0131q ya\u011fma ehtimal\u0131 var. M\u00fclayim \u015fimal k\u00fcl\u0259yi \u0259s\u0259c\u0259k. Havan\u0131n temperaturu gec\u0259 3-5 d\u0259r\u0259c\u0259 isti, g\u00fcnd\u00fcz 5-7 d\u0259r\u0259c\u0259 isti olacaq. Atmosfer t\u0259zyiqi normadan y\u00fcks\u0259k 766 mm civ\u0259 s\u00fctunu olacaq. Nisbi r\u00fctub\u0259t 80-85% olacaq. Az\u0259rbaycan\u0131n rayonlar\u0131nda b\u0259zi yerl\u0259rd\u0259 arabir ya\u011f\u0131nt\u0131l\u0131 olaca\u011f\u0131, qar ya\u011faca\u011f\u0131 g\u00f6zl\u0259nilir. Ayr\u0131-ayr\u0131 yerl\u0259rd\u0259&hellip;<\/p>\n","protected":false},"author":2,"featured_media":540755,"comment_status":"closed","ping_status":"closed","sticky":false,"template":"","format":"standard","meta":{"om_disable_all_campaigns":false,"_monsterinsights_skip_tracking":false,"_monsterinsights_sitenote_active":false,"_monsterinsights_sitenote_note":"","_monsterinsights_sitenote_category":0},"categories":[22],"tags":[],"aioseo_notices":[],"gutentor_comment":0,"rttpg_featured_image_url":{"full":["https:\/\/arantv.az\/wp-content\/uploads\/2022\/12\/qar_71669975603.jpg",637,400,false],"landscape":["https:\/\/arantv.az\/wp-content\/uploads\/2022\/12\/qar_71669975603.jpg",637,400,false],"portraits":["https:\/\/arantv.az\/wp-content\/uploads\/2022\/12\/qar_71669975603.jpg",637,400,false],"thumbnail":["https:\/\/arantv.az\/wp-content\/uploads\/2022\/12\/qar_71669975603-500x280.jpg",500,280,true],"medium":["https:\/\/arantv.az\/wp-content\/uploads\/2022\/12\/qar_71669975603-581x365.jpg",581,365,true],"large":["https:\/\/arantv.az\/wp-content\/uploads\/2022\/12\/qar_71669975603.jpg",637,400,false],"1536x1536":["https:\/\/arantv.az\/wp-content\/uploads\/2022\/12\/qar_71669975603.jpg",637,400,false],"2048x2048":["https:\/\/arantv.az\/wp-content\/uploads\/2022\/12\/qar_71669975603.jpg",637,400,false],"post-thumbnail":["https:\/\/arantv.az\/wp-content\/uploads\/2022\/12\/qar_71669975603-240x172.jpg",240,172,true],"advps-thumb-one":["https:\/\/arantv.az\/wp-content\/uploads\/2022\/12\/qar_71669975603.jpg",637,400,false]},"rttpg_author":{"display_name":"V\u00fcsal Rafiqo\u011flu","author_link":"https:\/\/arantv.az\/?author=2"},"rttpg_comment":0,"rttpg_category":"<a href=\"https:\/\/arantv.az\/?cat=22\" rel=\"category\">Hava<\/a>","rttpg_excerpt":"Dekabr\u0131n 14-n\u0259 g\u00f6zl\u0259nil\u0259n hava proqnozu a\u00e7\u0131qlan\u0131b. Milli Hidrometeorologiya Xidm\u0259tind\u0259n veril\u0259n x\u0259b\u0259r\u0259 g\u00f6r\u0259, Bak\u0131da v\u0259 Ab\u015feron yar\u0131madas\u0131nda b\u0259zi yerl\u0259rd\u0259 arabir ya\u011f\u0131nt\u0131l\u0131 olaca\u011f\u0131 g\u00f6zl\u0259nilir. Yar\u0131madan\u0131n b\u0259zi yerl\u0259rind\u0259 intensivl\u0259\u015f\u0259c\u0259yi ehtimal\u0131 var. Ax\u015fama do\u011fru t\u0259dric\u0259n k\u0259sil\u0259c\u0259k. Dekabr\u0131n 13-d\u0259n 14-n\u0259 ke\u00e7\u0259n gec\u0259 Ab\u015feron yar\u0131madas\u0131n\u0131n \u0259sas\u0259n \u015fimal\u0131nda q\u0131sa m\u00fcdd\u0259t\u0259 ya\u011f\u0131\u015f\u0131n sulu qarla qar\u0131\u015f\u0131q ya\u011fma ehtimal\u0131 var. M\u00fclayim \u015fimal k\u00fcl\u0259yi \u0259s\u0259c\u0259k. Havan\u0131n&hellip;","_links":{"self":[{"href":"https:\/\/arantv.az\/index.php?rest_route=\/wp\/v2\/posts\/668220"}],"collection":[{"href":"https:\/\/arantv.az\/index.php?rest_route=\/wp\/v2\/posts"}],"about":[{"href":"https:\/\/arantv.az\/index.php?rest_route=\/wp\/v2\/types\/post"}],"author":[{"embeddable":true,"href":"https:\/\/arantv.az\/index.php?rest_route=\/wp\/v2\/users\/2"}],"replies":[{"embeddable":true,"href":"https:\/\/arantv.az\/index.php?rest_route=%2Fwp%2Fv2%2Fcomments&post=668220"}],"version-history":[{"count":0,"href":"https:\/\/arantv.az\/index.php?rest_route=\/wp\/v2\/posts\/668220\/revisions"}],"wp:featuredmedia":[{"embeddable":true,"href":"https:\/\/arantv.az\/index.php?rest_route=\/wp\/v2\/media\/540755"}],"wp:attachment":[{"href":"https:\/\/arantv.az\/index.php?rest_route=%2Fwp%2Fv2%2Fmedia&parent=668220"}],"wp:term":[{"taxonomy":"category","embeddable":true,"href":"https:\/\/arantv.az\/index.php?rest_route=%2Fwp%2Fv2%2Fcategories&post=668220"},{"taxonomy":"post_tag","embeddable":true,"href":"https:\/\/arantv.az\/index.php?rest_route=%2Fwp%2Fv2%2Ftags&post=668220"}],"curies":[{"name":"wp","href":"https:\/\/api.w.org\/{rel}","templated":true}]}}