{"id":66825,"date":"2019-06-15T11:33:23","date_gmt":"2019-06-15T08:33:23","guid":{"rendered":"http:\/\/arantv.az\/?p=66825"},"modified":"2019-06-15T11:33:23","modified_gmt":"2019-06-15T08:33:23","slug":"ail%c9%99l%c9%99rin-g%c9%99ldiyi-cim%c9%99rlikd%c9%99-lut-g%c9%99z%c9%99n-kisini-doydul%c9%99r-video-foto","status":"publish","type":"post","link":"https:\/\/arantv.az\/?p=66825","title":{"rendered":"Ail\u0259l\u0259rin g\u0259ldiyi \u00e7im\u0259rlikd\u0259 l\u00fct g\u0259z\u0259n ki\u015fini d\u00f6yd\u00fcl\u0259r &#8211; V\u0130DEO &#8211; FOTO"},"content":{"rendered":"<p>Sosial \u015f\u0259b\u0259k\u0259l\u0259rd\u0259 yay\u0131lan video etiraz do\u011furub.<\/p>\n<p><b>ARANTV.AZ\u00a0<\/b>\u00a0milli.az-a istinadla x\u0259b\u0259r verir ki, g\u00f6r\u00fcnt\u00fcl\u0259r T\u00fcrkiy\u0259d\u0259 d\u0259niz sahilind\u0259 \u00e7\u0259kilib.<\/p>\n<div id=\"AdviadNativeVideo0\" class=\"AdviadNativeVideo\"><\/div>\n<p>Kadrlarda Suriya v\u0259t\u0259nda\u015f\u0131n\u0131n qumda \u00e7\u0131lpaq halda g\u0259zm\u0259si \u0259ks olunub.<\/p>\n<p>Ail\u0259vi \u00e7im\u0259rliy\u0259 daxil olan Suriya v\u0259t\u0259nda\u015f\u0131 qad\u0131nlar\u0131n olmas\u0131na \u0259h\u0259miyy\u0259t verm\u0259d\u0259n l\u00fct halda qumda g\u0259zib.<\/p>\n<p>Yerli sakinl\u0259r olaya m\u00fcdaxil\u0259 edib, suriyal\u0131n\u0131 d\u00f6y\u00fcbl\u0259r.<\/p>\n<div class=\"embed-responsive embed-responsive-16by9\"><iframe loading=\"lazy\" id=\"nmqembedid\" class=\"embed-responsive-item\" title=\"video player\" src=\"https:\/\/izle.az\/embed\/SymxtTAxMTACAA~~\" width=\"600\" height=\"340\" frameborder=\"0\" scrolling=\"no\" allowfullscreen=\"allowfullscreen\" data-mce-fragment=\"1\"><\/iframe><\/div>\n<div id=\"myrekopen\" class=\"bannerklass\">\n<div id=\"SC_TBlock_538956\" class=\"SC_TBlock\"><\/div>\n<\/div>\n","protected":false},"excerpt":{"rendered":"<p>Sosial \u015f\u0259b\u0259k\u0259l\u0259rd\u0259 yay\u0131lan video etiraz do\u011furub. ARANTV.AZ\u00a0\u00a0milli.az-a istinadla x\u0259b\u0259r verir ki, g\u00f6r\u00fcnt\u00fcl\u0259r T\u00fcrkiy\u0259d\u0259 d\u0259niz sahilind\u0259 \u00e7\u0259kilib. Kadrlarda Suriya v\u0259t\u0259nda\u015f\u0131n\u0131n qumda \u00e7\u0131lpaq halda g\u0259zm\u0259si \u0259ks olunub. Ail\u0259vi \u00e7im\u0259rliy\u0259 daxil olan Suriya v\u0259t\u0259nda\u015f\u0131 qad\u0131nlar\u0131n olmas\u0131na \u0259h\u0259miyy\u0259t verm\u0259d\u0259n l\u00fct halda qumda g\u0259zib. Yerli sakinl\u0259r olaya m\u00fcdaxil\u0259 edib, suriyal\u0131n\u0131 d\u00f6y\u00fcbl\u0259r.<\/p>\n","protected":false},"author":2,"featured_media":66826,"comment_status":"closed","ping_status":"closed","sticky":false,"template":"","format":"standard","meta":{"om_disable_all_campaigns":false,"_monsterinsights_skip_tracking":false,"_monsterinsights_sitenote_active":false,"_monsterinsights_sitenote_note":"","_monsterinsights_sitenote_category":0},"categories":[7],"tags":[],"aioseo_notices":[],"gutentor_comment":0,"rttpg_featured_image_url":{"full":["https:\/\/arantv.az\/wp-content\/uploads\/2019\/06\/763310.jpg",549,412,false],"landscape":["https:\/\/arantv.az\/wp-content\/uploads\/2019\/06\/763310.jpg",549,412,false],"portraits":["https:\/\/arantv.az\/wp-content\/uploads\/2019\/06\/763310.jpg",549,412,false],"thumbnail":["https:\/\/arantv.az\/wp-content\/uploads\/2019\/06\/763310-150x150.jpg",150,150,true],"medium":["https:\/\/arantv.az\/wp-content\/uploads\/2019\/06\/763310-300x225.jpg",300,225,true],"large":["https:\/\/arantv.az\/wp-content\/uploads\/2019\/06\/763310.jpg",549,412,false],"1536x1536":["https:\/\/arantv.az\/wp-content\/uploads\/2019\/06\/763310.jpg",549,412,false],"2048x2048":["https:\/\/arantv.az\/wp-content\/uploads\/2019\/06\/763310.jpg",549,412,false],"post-thumbnail":["https:\/\/arantv.az\/wp-content\/uploads\/2019\/06\/763310-240x172.jpg",240,172,true],"advps-thumb-one":["https:\/\/arantv.az\/wp-content\/uploads\/2019\/06\/763310.jpg",549,412,false]},"rttpg_author":{"display_name":"V\u00fcsal Rafiqo\u011flu","author_link":"https:\/\/arantv.az\/?author=2"},"rttpg_comment":0,"rttpg_category":"<a href=\"https:\/\/arantv.az\/?cat=7\" rel=\"category\">D\u00fcnya<\/a>","rttpg_excerpt":"Sosial \u015f\u0259b\u0259k\u0259l\u0259rd\u0259 yay\u0131lan video etiraz do\u011furub. ARANTV.AZ\u00a0\u00a0milli.az-a istinadla x\u0259b\u0259r verir ki, g\u00f6r\u00fcnt\u00fcl\u0259r T\u00fcrkiy\u0259d\u0259 d\u0259niz sahilind\u0259 \u00e7\u0259kilib. Kadrlarda Suriya v\u0259t\u0259nda\u015f\u0131n\u0131n qumda \u00e7\u0131lpaq halda g\u0259zm\u0259si \u0259ks olunub. Ail\u0259vi \u00e7im\u0259rliy\u0259 daxil olan Suriya v\u0259t\u0259nda\u015f\u0131 qad\u0131nlar\u0131n olmas\u0131na \u0259h\u0259miyy\u0259t verm\u0259d\u0259n l\u00fct halda qumda g\u0259zib. Yerli sakinl\u0259r olaya m\u00fcdaxil\u0259 edib, suriyal\u0131n\u0131 d\u00f6y\u00fcbl\u0259r.","_links":{"self":[{"href":"https:\/\/arantv.az\/index.php?rest_route=\/wp\/v2\/posts\/66825"}],"collection":[{"href":"https:\/\/arantv.az\/index.php?rest_route=\/wp\/v2\/posts"}],"about":[{"href":"https:\/\/arantv.az\/index.php?rest_route=\/wp\/v2\/types\/post"}],"author":[{"embeddable":true,"href":"https:\/\/arantv.az\/index.php?rest_route=\/wp\/v2\/users\/2"}],"replies":[{"embeddable":true,"href":"https:\/\/arantv.az\/index.php?rest_route=%2Fwp%2Fv2%2Fcomments&post=66825"}],"version-history":[{"count":0,"href":"https:\/\/arantv.az\/index.php?rest_route=\/wp\/v2\/posts\/66825\/revisions"}],"wp:featuredmedia":[{"embeddable":true,"href":"https:\/\/arantv.az\/index.php?rest_route=\/wp\/v2\/media\/66826"}],"wp:attachment":[{"href":"https:\/\/arantv.az\/index.php?rest_route=%2Fwp%2Fv2%2Fmedia&parent=66825"}],"wp:term":[{"taxonomy":"category","embeddable":true,"href":"https:\/\/arantv.az\/index.php?rest_route=%2Fwp%2Fv2%2Fcategories&post=66825"},{"taxonomy":"post_tag","embeddable":true,"href":"https:\/\/arantv.az\/index.php?rest_route=%2Fwp%2Fv2%2Ftags&post=66825"}],"curies":[{"name":"wp","href":"https:\/\/api.w.org\/{rel}","templated":true}]}}