{"id":668294,"date":"2023-12-13T15:10:07","date_gmt":"2023-12-13T11:10:07","guid":{"rendered":"https:\/\/arantv.az\/?p=668294"},"modified":"2023-12-13T15:10:07","modified_gmt":"2023-12-13T11:10:07","slug":"elmi-t%c9%99dqiqat-pediatriya-institutuna-direktor-v%c9%99-muavin-t%c9%99yin-edilib-foto","status":"publish","type":"post","link":"https:\/\/arantv.az\/?p=668294","title":{"rendered":"Elmi-T\u0259dqiqat Pediatriya \u0130nstitutuna direktor v\u0259 m\u00fcavin t\u0259yin edilib &#8211; FOTO"},"content":{"rendered":"<p>S\u0259hiyy\u0259 Nazirliyinin K.F\u0259r\u0259cova ad\u0131na Elmi-T\u0259dqiqat Pediatriya \u0130nstitutuna direktor v\u0259 direktor m\u00fcavini t\u0259yin edilib.<\/p>\n<p>S\u0259hiyy\u0259 naziri Teymur Musayev bununla ba\u011fl\u0131 m\u00fcvafiq \u0259mrl\u0259r imzalay\u0131b.<\/p>\n<p>\u018fmrl\u0259r\u0259 \u0259sas\u0259n, Aynur Poluxova institutun direktoru, N\u00fc\u015fab\u0259 P\u0259nahova is\u0259 direktorun m\u00fcavini (m\u00fcalic\u0259 i\u015fl\u0259ri \u00fczr\u0259) v\u0259zif\u0259sin\u0259 t\u0259yin olunublar.<\/p>\n<p>&nbsp;<\/p>\n<div class=\"gallery\">\n<div class=\"gallery-i\"><img src=\"https:\/\/cdn.oxu.az\/uploads\/W1siZiIsIjIwMjMvMTIvMTMvMTQvMTYvMTQvM2E1MDJlOTItZWM4NS00MDFhLWIyNmMtZTQyMzMxM2YyY2QwL2Y5NGMwM2I1LTA4OWYtMzBiYS1iYzY0LTE0ODYxZjMyNWIzNi5qcGciXSxbInAiLCJlbmNvZGUiLCJqcGciLCItcXVhbGl0eSA4MCJdLFsicCIsInRodW1iIiwiNTkweDU5MFx1MDAzZSJdXQ?sha=9f880953709a8ea7\" alt=\"\" \/><\/div>\n<\/div>\n","protected":false},"excerpt":{"rendered":"<p>S\u0259hiyy\u0259 Nazirliyinin K.F\u0259r\u0259cova ad\u0131na Elmi-T\u0259dqiqat Pediatriya \u0130nstitutuna direktor v\u0259 direktor m\u00fcavini t\u0259yin edilib. S\u0259hiyy\u0259 naziri Teymur Musayev bununla ba\u011fl\u0131 m\u00fcvafiq \u0259mrl\u0259r imzalay\u0131b. \u018fmrl\u0259r\u0259 \u0259sas\u0259n, Aynur Poluxova institutun direktoru, N\u00fc\u015fab\u0259 P\u0259nahova is\u0259 direktorun m\u00fcavini (m\u00fcalic\u0259 i\u015fl\u0259ri \u00fczr\u0259) v\u0259zif\u0259sin\u0259 t\u0259yin olunublar. &nbsp;<\/p>\n","protected":false},"author":2,"featured_media":668295,"comment_status":"closed","ping_status":"closed","sticky":false,"template":"","format":"standard","meta":{"om_disable_all_campaigns":false,"_monsterinsights_skip_tracking":false,"_monsterinsights_sitenote_active":false,"_monsterinsights_sitenote_note":"","_monsterinsights_sitenote_category":0},"categories":[1],"tags":[],"aioseo_notices":[],"gutentor_comment":0,"rttpg_featured_image_url":{"full":["https:\/\/arantv.az\/wp-content\/uploads\/2023\/12\/2b090668-07bf-3440-9da0-13cc694e7308_850.jpg",620,413,false],"landscape":["https:\/\/arantv.az\/wp-content\/uploads\/2023\/12\/2b090668-07bf-3440-9da0-13cc694e7308_850.jpg",620,413,false],"portraits":["https:\/\/arantv.az\/wp-content\/uploads\/2023\/12\/2b090668-07bf-3440-9da0-13cc694e7308_850.jpg",620,413,false],"thumbnail":["https:\/\/arantv.az\/wp-content\/uploads\/2023\/12\/2b090668-07bf-3440-9da0-13cc694e7308_850-500x280.jpg",500,280,true],"medium":["https:\/\/arantv.az\/wp-content\/uploads\/2023\/12\/2b090668-07bf-3440-9da0-13cc694e7308_850-548x365.jpg",548,365,true],"large":["https:\/\/arantv.az\/wp-content\/uploads\/2023\/12\/2b090668-07bf-3440-9da0-13cc694e7308_850.jpg",620,413,false],"1536x1536":["https:\/\/arantv.az\/wp-content\/uploads\/2023\/12\/2b090668-07bf-3440-9da0-13cc694e7308_850.jpg",620,413,false],"2048x2048":["https:\/\/arantv.az\/wp-content\/uploads\/2023\/12\/2b090668-07bf-3440-9da0-13cc694e7308_850.jpg",620,413,false],"post-thumbnail":["https:\/\/arantv.az\/wp-content\/uploads\/2023\/12\/2b090668-07bf-3440-9da0-13cc694e7308_850-240x172.jpg",240,172,true],"advps-thumb-one":["https:\/\/arantv.az\/wp-content\/uploads\/2023\/12\/2b090668-07bf-3440-9da0-13cc694e7308_850.jpg",620,413,false]},"rttpg_author":{"display_name":"V\u00fcsal Rafiqo\u011flu","author_link":"https:\/\/arantv.az\/?author=2"},"rttpg_comment":0,"rttpg_category":"<a href=\"https:\/\/arantv.az\/?cat=1\" rel=\"category\">C\u0259miyy\u0259t<\/a>","rttpg_excerpt":"S\u0259hiyy\u0259 Nazirliyinin K.F\u0259r\u0259cova ad\u0131na Elmi-T\u0259dqiqat Pediatriya \u0130nstitutuna direktor v\u0259 direktor m\u00fcavini t\u0259yin edilib. S\u0259hiyy\u0259 naziri Teymur Musayev bununla ba\u011fl\u0131 m\u00fcvafiq \u0259mrl\u0259r imzalay\u0131b. \u018fmrl\u0259r\u0259 \u0259sas\u0259n, Aynur Poluxova institutun direktoru, N\u00fc\u015fab\u0259 P\u0259nahova is\u0259 direktorun m\u00fcavini (m\u00fcalic\u0259 i\u015fl\u0259ri \u00fczr\u0259) v\u0259zif\u0259sin\u0259 t\u0259yin olunublar. &nbsp;","_links":{"self":[{"href":"https:\/\/arantv.az\/index.php?rest_route=\/wp\/v2\/posts\/668294"}],"collection":[{"href":"https:\/\/arantv.az\/index.php?rest_route=\/wp\/v2\/posts"}],"about":[{"href":"https:\/\/arantv.az\/index.php?rest_route=\/wp\/v2\/types\/post"}],"author":[{"embeddable":true,"href":"https:\/\/arantv.az\/index.php?rest_route=\/wp\/v2\/users\/2"}],"replies":[{"embeddable":true,"href":"https:\/\/arantv.az\/index.php?rest_route=%2Fwp%2Fv2%2Fcomments&post=668294"}],"version-history":[{"count":0,"href":"https:\/\/arantv.az\/index.php?rest_route=\/wp\/v2\/posts\/668294\/revisions"}],"wp:featuredmedia":[{"embeddable":true,"href":"https:\/\/arantv.az\/index.php?rest_route=\/wp\/v2\/media\/668295"}],"wp:attachment":[{"href":"https:\/\/arantv.az\/index.php?rest_route=%2Fwp%2Fv2%2Fmedia&parent=668294"}],"wp:term":[{"taxonomy":"category","embeddable":true,"href":"https:\/\/arantv.az\/index.php?rest_route=%2Fwp%2Fv2%2Fcategories&post=668294"},{"taxonomy":"post_tag","embeddable":true,"href":"https:\/\/arantv.az\/index.php?rest_route=%2Fwp%2Fv2%2Ftags&post=668294"}],"curies":[{"name":"wp","href":"https:\/\/api.w.org\/{rel}","templated":true}]}}