{"id":668298,"date":"2023-12-13T15:10:47","date_gmt":"2023-12-13T11:10:47","guid":{"rendered":"https:\/\/arantv.az\/?p=668298"},"modified":"2023-12-13T15:10:47","modified_gmt":"2023-12-13T11:10:47","slug":"az%c9%99rbaycan-xin-pakistana-bassagligi-verib-foto-4","status":"publish","type":"post","link":"https:\/\/arantv.az\/?p=668298","title":{"rendered":"Az\u0259rbaycan X\u0130N Pakistana ba\u015fsa\u011fl\u0131\u011f\u0131 verib &#8211; FOTO"},"content":{"rendered":"<p>Az\u0259rbaycan Xarici \u0130\u015fl\u0259r Nazirliyi Pakistana ba\u015fsa\u011fl\u0131\u011f\u0131 verib.<\/p>\n<p>Bu bar\u0259d\u0259 xarici siyas\u0259t idar\u0259sinin \u201cX\u201d hesab\u0131nda payla\u015f\u0131m edilib.<\/p>\n<p>Bildirilib ki, Pakistanda 23 \u0259sg\u0259rin h\u0259lak oldu\u011fu d\u0259h\u015f\u0259tli terror akt\u0131 x\u0259b\u0259ri d\u0259rind\u0259n sars\u0131d\u0131b v\u0259 k\u0259d\u0259rl\u0259ndirib.<\/p>\n<p>\u201cQarda\u015f Pakistan \u0130slam Respublikas\u0131na d\u0259rin h\u00fcznl\u0259 ba\u015fsa\u011fl\u0131\u011f\u0131 verir v\u0259 h\u0259mr\u0259yliyimizi bildiririk. Biz terrorizmin b\u00fct\u00fcn formalar\u0131n\u0131 k\u0259skin \u015f\u0259kild\u0259 pisl\u0259yirik\u201d, &#8211; dey\u0259 qeyd olunub.<\/p>\n<div>\n<div class=\"twitter-tweet twitter-tweet-rendered\"><iframe id=\"twitter-widget-0\" class=\"\" title=\"X Post\" src=\"https:\/\/platform.twitter.com\/embed\/Tweet.html?creatorScreenName=oxuaz&amp;dnt=false&amp;embedId=twitter-widget-0&amp;features=eyJ0ZndfdGltZWxpbmVfbGlzdCI6eyJidWNrZXQiOltdLCJ2ZXJzaW9uIjpudWxsfSwidGZ3X2ZvbGxvd2VyX2NvdW50X3N1bnNldCI6eyJidWNrZXQiOnRydWUsInZlcnNpb24iOm51bGx9LCJ0ZndfdHdlZXRfZWRpdF9iYWNrZW5kIjp7ImJ1Y2tldCI6Im9uIiwidmVyc2lvbiI6bnVsbH0sInRmd19yZWZzcmNfc2Vzc2lvbiI6eyJidWNrZXQiOiJvbiIsInZlcnNpb24iOm51bGx9LCJ0ZndfZm9zbnJfc29mdF9pbnRlcnZlbnRpb25zX2VuYWJsZWQiOnsiYnVja2V0Ijoib24iLCJ2ZXJzaW9uIjpudWxsfSwidGZ3X21peGVkX21lZGlhXzE1ODk3Ijp7ImJ1Y2tldCI6InRyZWF0bWVudCIsInZlcnNpb24iOm51bGx9LCJ0ZndfZXhwZXJpbWVudHNfY29va2llX2V4cGlyYXRpb24iOnsiYnVja2V0IjoxMjA5NjAwLCJ2ZXJzaW9uIjpudWxsfSwidGZ3X3Nob3dfYmlyZHdhdGNoX3Bpdm90c19lbmFibGVkIjp7ImJ1Y2tldCI6Im9uIiwidmVyc2lvbiI6bnVsbH0sInRmd19kdXBsaWNhdGVfc2NyaWJlc190b19zZXR0aW5ncyI6eyJidWNrZXQiOiJvbiIsInZlcnNpb24iOm51bGx9LCJ0ZndfdXNlX3Byb2ZpbGVfaW1hZ2Vfc2hhcGVfZW5hYmxlZCI6eyJidWNrZXQiOiJvbiIsInZlcnNpb24iOm51bGx9LCJ0ZndfdmlkZW9faGxzX2R5bmFtaWNfbWFuaWZlc3RzXzE1MDgyIjp7ImJ1Y2tldCI6InRydWVfYml0cmF0ZSIsInZlcnNpb24iOm51bGx9LCJ0ZndfbGVnYWN5X3RpbWVsaW5lX3N1bnNldCI6eyJidWNrZXQiOnRydWUsInZlcnNpb24iOm51bGx9LCJ0ZndfdHdlZXRfZWRpdF9mcm9udGVuZCI6eyJidWNrZXQiOiJvbiIsInZlcnNpb24iOm51bGx9fQ%3D%3D&amp;frame=false&amp;hideCard=false&amp;hideThread=false&amp;id=1734878429739127178&amp;lang=en&amp;origin=https%3A%2F%2Foxu.az%2Fpolitics%2F815073&amp;sessionId=180bc5f1e3071c8f548314f7215087546fa9db29&amp;siteScreenName=oxuaz&amp;theme=light&amp;widgetsVersion=2615f7e52b7e0%3A1702314776716&amp;width=550px\" frameborder=\"0\" scrolling=\"no\" allowfullscreen=\"allowfullscreen\" data-tweet-id=\"1734878429739127178\" data-mce-fragment=\"1\"><\/iframe><\/div>\n<\/div>\n<p>&nbsp;<\/p>\n","protected":false},"excerpt":{"rendered":"<p>Az\u0259rbaycan Xarici \u0130\u015fl\u0259r Nazirliyi Pakistana ba\u015fsa\u011fl\u0131\u011f\u0131 verib. Bu bar\u0259d\u0259 xarici siyas\u0259t idar\u0259sinin \u201cX\u201d hesab\u0131nda payla\u015f\u0131m edilib. Bildirilib ki, Pakistanda 23 \u0259sg\u0259rin h\u0259lak oldu\u011fu d\u0259h\u015f\u0259tli terror akt\u0131 x\u0259b\u0259ri d\u0259rind\u0259n sars\u0131d\u0131b v\u0259 k\u0259d\u0259rl\u0259ndirib. \u201cQarda\u015f Pakistan \u0130slam Respublikas\u0131na d\u0259rin h\u00fcznl\u0259 ba\u015fsa\u011fl\u0131\u011f\u0131 verir v\u0259 h\u0259mr\u0259yliyimizi bildiririk. Biz terrorizmin b\u00fct\u00fcn formalar\u0131n\u0131 k\u0259skin \u015f\u0259kild\u0259 pisl\u0259yirik\u201d, &#8211; dey\u0259 qeyd olunub. &nbsp;<\/p>\n","protected":false},"author":2,"featured_media":557829,"comment_status":"closed","ping_status":"closed","sticky":false,"template":"","format":"standard","meta":{"om_disable_all_campaigns":false,"_monsterinsights_skip_tracking":false,"_monsterinsights_sitenote_active":false,"_monsterinsights_sitenote_note":"","_monsterinsights_sitenote_category":0},"categories":[4],"tags":[],"aioseo_notices":[],"gutentor_comment":0,"rttpg_featured_image_url":{"full":["https:\/\/arantv.az\/wp-content\/uploads\/2023\/01\/XIN.jpg",975,540,false],"landscape":["https:\/\/arantv.az\/wp-content\/uploads\/2023\/01\/XIN.jpg",975,540,false],"portraits":["https:\/\/arantv.az\/wp-content\/uploads\/2023\/01\/XIN.jpg",975,540,false],"thumbnail":["https:\/\/arantv.az\/wp-content\/uploads\/2023\/01\/XIN-500x280.jpg",500,280,true],"medium":["https:\/\/arantv.az\/wp-content\/uploads\/2023\/01\/XIN-660x365.jpg",660,365,true],"large":["https:\/\/arantv.az\/wp-content\/uploads\/2023\/01\/XIN-840x465.jpg",640,354,true],"1536x1536":["https:\/\/arantv.az\/wp-content\/uploads\/2023\/01\/XIN.jpg",975,540,false],"2048x2048":["https:\/\/arantv.az\/wp-content\/uploads\/2023\/01\/XIN.jpg",975,540,false],"post-thumbnail":["https:\/\/arantv.az\/wp-content\/uploads\/2023\/01\/XIN-240x172.jpg",240,172,true],"advps-thumb-one":["https:\/\/arantv.az\/wp-content\/uploads\/2023\/01\/XIN.jpg",975,540,false]},"rttpg_author":{"display_name":"V\u00fcsal Rafiqo\u011flu","author_link":"https:\/\/arantv.az\/?author=2"},"rttpg_comment":0,"rttpg_category":"<a href=\"https:\/\/arantv.az\/?cat=4\" rel=\"category\">Siyas\u0259t<\/a>","rttpg_excerpt":"Az\u0259rbaycan Xarici \u0130\u015fl\u0259r Nazirliyi Pakistana ba\u015fsa\u011fl\u0131\u011f\u0131 verib. Bu bar\u0259d\u0259 xarici siyas\u0259t idar\u0259sinin \u201cX\u201d hesab\u0131nda payla\u015f\u0131m edilib. Bildirilib ki, Pakistanda 23 \u0259sg\u0259rin h\u0259lak oldu\u011fu d\u0259h\u015f\u0259tli terror akt\u0131 x\u0259b\u0259ri d\u0259rind\u0259n sars\u0131d\u0131b v\u0259 k\u0259d\u0259rl\u0259ndirib. \u201cQarda\u015f Pakistan \u0130slam Respublikas\u0131na d\u0259rin h\u00fcznl\u0259 ba\u015fsa\u011fl\u0131\u011f\u0131 verir v\u0259 h\u0259mr\u0259yliyimizi bildiririk. Biz terrorizmin b\u00fct\u00fcn formalar\u0131n\u0131 k\u0259skin \u015f\u0259kild\u0259 pisl\u0259yirik\u201d, &#8211; dey\u0259 qeyd olunub. &nbsp;","_links":{"self":[{"href":"https:\/\/arantv.az\/index.php?rest_route=\/wp\/v2\/posts\/668298"}],"collection":[{"href":"https:\/\/arantv.az\/index.php?rest_route=\/wp\/v2\/posts"}],"about":[{"href":"https:\/\/arantv.az\/index.php?rest_route=\/wp\/v2\/types\/post"}],"author":[{"embeddable":true,"href":"https:\/\/arantv.az\/index.php?rest_route=\/wp\/v2\/users\/2"}],"replies":[{"embeddable":true,"href":"https:\/\/arantv.az\/index.php?rest_route=%2Fwp%2Fv2%2Fcomments&post=668298"}],"version-history":[{"count":0,"href":"https:\/\/arantv.az\/index.php?rest_route=\/wp\/v2\/posts\/668298\/revisions"}],"wp:featuredmedia":[{"embeddable":true,"href":"https:\/\/arantv.az\/index.php?rest_route=\/wp\/v2\/media\/557829"}],"wp:attachment":[{"href":"https:\/\/arantv.az\/index.php?rest_route=%2Fwp%2Fv2%2Fmedia&parent=668298"}],"wp:term":[{"taxonomy":"category","embeddable":true,"href":"https:\/\/arantv.az\/index.php?rest_route=%2Fwp%2Fv2%2Fcategories&post=668298"},{"taxonomy":"post_tag","embeddable":true,"href":"https:\/\/arantv.az\/index.php?rest_route=%2Fwp%2Fv2%2Ftags&post=668298"}],"curies":[{"name":"wp","href":"https:\/\/api.w.org\/{rel}","templated":true}]}}