{"id":66835,"date":"2019-06-15T12:01:04","date_gmt":"2019-06-15T09:01:04","guid":{"rendered":"http:\/\/arantv.az\/?p=66835"},"modified":"2019-06-15T12:01:04","modified_gmt":"2019-06-15T09:01:04","slug":"jurnalistin-qizi-v%c9%99-h%c9%99yat-yoldasinin-intihari-il%c9%99-bagli-t%c9%99f%c9%99rruatlar","status":"publish","type":"post","link":"https:\/\/arantv.az\/?p=66835","title":{"rendered":"Jurnalistin q\u0131z\u0131 v\u0259 h\u0259yat yolda\u015f\u0131n\u0131n intihar\u0131 il\u0259 ba\u011fl\u0131 T\u018fF\u018fRR\u00dcATLAR"},"content":{"rendered":"<p><strong>Bak\u0131 \u015f\u0259h\u0259ri Yasamal rayonu Dada\u015f B\u00fcnyadzad\u0259 k\u00fc\u00e7\u0259sind\u0259 ana v\u0259 q\u0131z\u0131n\u0131n \u00f6zl\u0259rini ya\u015fad\u0131qlar\u0131 binan\u0131n 10-cu m\u0259rt\u0259b\u0259sind\u0259n atmas\u0131 hadis\u0259si il\u0259 ba\u011fl\u0131 d\u0259h\u015f\u0259tli t\u0259f\u0259rr\u00fcatlar \u00fcz\u0259 \u00e7\u0131x\u0131b.<\/strong><\/p>\n<p><strong>ARANTV.AZ\u00a0<\/strong>\u00a0 \u201cpublika.az\u201da istinad\u0259n x\u0259b\u0259r verir ki, hadis\u0259d\u0259n bir ne\u00e7\u0259 d\u0259qiq\u0259 \u0259vv\u0259l \u201cRespublika\u201d q\u0259zetinin ba\u015f redaktor m\u00fcavini \u0130smay\u0131l Abdullayev q\u0131z\u0131 il\u0259 birg\u0259 al\u0131\u015f-veri\u015fd\u0259n g\u0259lib.<\/p>\n<p>Bir ne\u00e7\u0259 torban\u0131 ya\u015fad\u0131qlar\u0131 ev\u0259 qald\u0131ran X\u0259dic\u0259 Abdullayeva he\u00e7 kimin g\u00f6zl\u0259m\u0259diyi halda q\u0259fil \u00f6z\u00fcn\u00fc p\u0259nc\u0259r\u0259d\u0259n at\u0131b.<\/p>\n<p>Qon\u015fular\u0131n bildirdiyin\u0259 g\u00f6r\u0259, hadis\u0259 vaxt\u0131 m\u0259h\u0259ll\u0259d\u0259 Hac\u0131 ad\u0131 il\u0259 tan\u0131nan jurnalist \u0130smay\u0131l Abdullayev d\u0259 evd\u0259 olub.<\/p>\n<p>Sakinl\u0259r hadis\u0259 yerind\u0259 v\u0259fat ed\u0259n X\u0259dic\u0259nin \u00fcst\u00fcn\u00fc p\u0259rd\u0259 il\u0259 \u00f6rtm\u0259k ist\u0259y\u0259rk\u0259n onun anas\u0131 R\u00fcbab\u0259 Abdullayevan\u0131n da \u00f6z\u00fcn\u00fc atd\u0131\u011f\u0131n\u0131 g\u00f6r\u00fcbl\u0259r.<\/p>\n<p>Qad\u0131n q\u0131z\u0131n\u0131n yan\u0131nda yer\u0259 d\u00fc\u015f\u0259r\u0259k hadis\u0259 yerind\u0259 ke\u00e7inib. M\u0259lumata g\u00f6r\u0259, intihar ed\u0259n X\u0259dic\u0259 Abdullayeva ail\u0259li olub v\u0259 5 ya\u015fl\u0131 q\u0131z\u0131 varm\u0131\u015f.<\/p>\n<p>O bir m\u00fcdd\u0259t imi\u015f ki, m\u00fcalic\u0259 al\u0131rm\u0131\u015f v\u0259 bu m\u0259qs\u0259dl\u0259 G\u00fcrc\u00fcstanda v\u0259 \u0130sraild\u0259 x\u0259st\u0259xanalarda olub. Sinir x\u0259st\u0259liyind\u0259n \u0259ziyy\u0259t \u00e7\u0259k\u0259n X.Abdullayeva bu g\u00fcnl\u0259rd\u0259 yeni m\u00fcalic\u0259 kursu g\u00f6t\u00fcr\u00fcbm\u00fc\u015f.<\/p>\n<p>Onun anas\u0131 R\u00fcbab\u0259 Abdullayevada is\u0259 son vaxtlar onkoloji x\u0259st\u0259lik a\u015fkarlan\u0131bm\u0131\u015f. X\u0259st\u0259lik s\u0259b\u0259bind\u0259n qad\u0131nda psixoloji sars\u0131nt\u0131lar m\u00fc\u015fahid\u0259 edilirmi\u015f. O, son vaxtlar \u0259sas\u0259n rayonda olsa da, m\u00fcalic\u0259si il\u0259 \u0259laq\u0259dar Bak\u0131ya g\u0259libmi\u015f.<\/p>\n<p>Sakinl\u0259r onu da bildiribl\u0259r ki, \u0130.Abdullayev ya\u015fad\u0131\u011f\u0131 binada q\u0131z\u0131 v\u0259 o\u011flu \u00fc\u00e7\u00fcn ayr\u0131-ayr\u0131 m\u0259nzill\u0259r al\u0131b v\u0259 onlar ayr\u0131l\u0131qda ya\u015fay\u0131b. V\u0259fat ed\u0259n ana v\u0259 q\u0131z\u0131n\u0131n d\u0259fn m\u0259rasimi Goradild\u0259 ke\u00e7iril\u0259c\u0259k.<\/p>\n<p>Qeyd ed\u0259k ki, hadis\u0259 vaxt\u0131 X.Abdullayevan\u0131n h\u0259yat yolda\u015f\u0131 Bak\u0131da olmay\u0131b. Ona x\u0259b\u0259r yolda, y\u0259ni paytaxta g\u0259l\u0259rk\u0259n verilib. M\u0259rhumun 5 ya\u015fl\u0131 q\u0131z\u0131 is\u0259 hadis\u0259 vaxt\u0131 ba\u011f\u00e7ada olub.<\/p>\n<p>Faktla ba\u011fl\u0131 cinay\u0259t i\u015fi a\u00e7\u0131l\u0131b. Ara\u015fd\u0131rma apar\u0131l\u0131r.<\/p>\n","protected":false},"excerpt":{"rendered":"<p>Bak\u0131 \u015f\u0259h\u0259ri Yasamal rayonu Dada\u015f B\u00fcnyadzad\u0259 k\u00fc\u00e7\u0259sind\u0259 ana v\u0259 q\u0131z\u0131n\u0131n \u00f6zl\u0259rini ya\u015fad\u0131qlar\u0131 binan\u0131n 10-cu m\u0259rt\u0259b\u0259sind\u0259n atmas\u0131 hadis\u0259si il\u0259 ba\u011fl\u0131 d\u0259h\u015f\u0259tli t\u0259f\u0259rr\u00fcatlar \u00fcz\u0259 \u00e7\u0131x\u0131b. ARANTV.AZ\u00a0\u00a0 \u201cpublika.az\u201da istinad\u0259n x\u0259b\u0259r verir ki, hadis\u0259d\u0259n bir ne\u00e7\u0259 d\u0259qiq\u0259 \u0259vv\u0259l \u201cRespublika\u201d q\u0259zetinin ba\u015f redaktor m\u00fcavini \u0130smay\u0131l Abdullayev q\u0131z\u0131 il\u0259 birg\u0259 al\u0131\u015f-veri\u015fd\u0259n g\u0259lib. Bir ne\u00e7\u0259 torban\u0131 ya\u015fad\u0131qlar\u0131 ev\u0259 qald\u0131ran X\u0259dic\u0259 Abdullayeva he\u00e7 kimin g\u00f6zl\u0259m\u0259diyi halda q\u0259fil \u00f6z\u00fcn\u00fc p\u0259nc\u0259r\u0259d\u0259n at\u0131b. Qon\u015fular\u0131n bildirdiyin\u0259 g\u00f6r\u0259, hadis\u0259 vaxt\u0131 m\u0259h\u0259ll\u0259d\u0259 Hac\u0131 ad\u0131 il\u0259 tan\u0131nan jurnalist \u0130smay\u0131l Abdullayev d\u0259 evd\u0259 olub. Sakinl\u0259r hadis\u0259 yerind\u0259 v\u0259fat ed\u0259n X\u0259dic\u0259nin \u00fcst\u00fcn\u00fc p\u0259rd\u0259 il\u0259 \u00f6rtm\u0259k ist\u0259y\u0259rk\u0259n onun&hellip;<\/p>\n","protected":false},"author":2,"featured_media":66836,"comment_status":"closed","ping_status":"closed","sticky":false,"template":"","format":"standard","meta":{"om_disable_all_campaigns":false,"_monsterinsights_skip_tracking":false,"_monsterinsights_sitenote_active":false,"_monsterinsights_sitenote_note":"","_monsterinsights_sitenote_category":0},"categories":[5],"tags":[],"aioseo_notices":[],"gutentor_comment":0,"rttpg_featured_image_url":{"full":["https:\/\/arantv.az\/wp-content\/uploads\/2019\/06\/1560588045_1560578216_intihar.jpg",572,321,false],"landscape":["https:\/\/arantv.az\/wp-content\/uploads\/2019\/06\/1560588045_1560578216_intihar.jpg",572,321,false],"portraits":["https:\/\/arantv.az\/wp-content\/uploads\/2019\/06\/1560588045_1560578216_intihar.jpg",572,321,false],"thumbnail":["https:\/\/arantv.az\/wp-content\/uploads\/2019\/06\/1560588045_1560578216_intihar-150x150.jpg",150,150,true],"medium":["https:\/\/arantv.az\/wp-content\/uploads\/2019\/06\/1560588045_1560578216_intihar-300x168.jpg",300,168,true],"large":["https:\/\/arantv.az\/wp-content\/uploads\/2019\/06\/1560588045_1560578216_intihar.jpg",572,321,false],"1536x1536":["https:\/\/arantv.az\/wp-content\/uploads\/2019\/06\/1560588045_1560578216_intihar.jpg",572,321,false],"2048x2048":["https:\/\/arantv.az\/wp-content\/uploads\/2019\/06\/1560588045_1560578216_intihar.jpg",572,321,false],"post-thumbnail":["https:\/\/arantv.az\/wp-content\/uploads\/2019\/06\/1560588045_1560578216_intihar-240x172.jpg",240,172,true],"advps-thumb-one":["https:\/\/arantv.az\/wp-content\/uploads\/2019\/06\/1560588045_1560578216_intihar.jpg",572,321,false]},"rttpg_author":{"display_name":"V\u00fcsal Rafiqo\u011flu","author_link":"https:\/\/arantv.az\/?author=2"},"rttpg_comment":0,"rttpg_category":"<a href=\"https:\/\/arantv.az\/?cat=5\" rel=\"category\">Hadis\u0259<\/a>","rttpg_excerpt":"Bak\u0131 \u015f\u0259h\u0259ri Yasamal rayonu Dada\u015f B\u00fcnyadzad\u0259 k\u00fc\u00e7\u0259sind\u0259 ana v\u0259 q\u0131z\u0131n\u0131n \u00f6zl\u0259rini ya\u015fad\u0131qlar\u0131 binan\u0131n 10-cu m\u0259rt\u0259b\u0259sind\u0259n atmas\u0131 hadis\u0259si il\u0259 ba\u011fl\u0131 d\u0259h\u015f\u0259tli t\u0259f\u0259rr\u00fcatlar \u00fcz\u0259 \u00e7\u0131x\u0131b. ARANTV.AZ\u00a0\u00a0 \u201cpublika.az\u201da istinad\u0259n x\u0259b\u0259r verir ki, hadis\u0259d\u0259n bir ne\u00e7\u0259 d\u0259qiq\u0259 \u0259vv\u0259l \u201cRespublika\u201d q\u0259zetinin ba\u015f redaktor m\u00fcavini \u0130smay\u0131l Abdullayev q\u0131z\u0131 il\u0259 birg\u0259 al\u0131\u015f-veri\u015fd\u0259n g\u0259lib. Bir ne\u00e7\u0259 torban\u0131 ya\u015fad\u0131qlar\u0131 ev\u0259 qald\u0131ran X\u0259dic\u0259 Abdullayeva he\u00e7&hellip;","_links":{"self":[{"href":"https:\/\/arantv.az\/index.php?rest_route=\/wp\/v2\/posts\/66835"}],"collection":[{"href":"https:\/\/arantv.az\/index.php?rest_route=\/wp\/v2\/posts"}],"about":[{"href":"https:\/\/arantv.az\/index.php?rest_route=\/wp\/v2\/types\/post"}],"author":[{"embeddable":true,"href":"https:\/\/arantv.az\/index.php?rest_route=\/wp\/v2\/users\/2"}],"replies":[{"embeddable":true,"href":"https:\/\/arantv.az\/index.php?rest_route=%2Fwp%2Fv2%2Fcomments&post=66835"}],"version-history":[{"count":0,"href":"https:\/\/arantv.az\/index.php?rest_route=\/wp\/v2\/posts\/66835\/revisions"}],"wp:featuredmedia":[{"embeddable":true,"href":"https:\/\/arantv.az\/index.php?rest_route=\/wp\/v2\/media\/66836"}],"wp:attachment":[{"href":"https:\/\/arantv.az\/index.php?rest_route=%2Fwp%2Fv2%2Fmedia&parent=66835"}],"wp:term":[{"taxonomy":"category","embeddable":true,"href":"https:\/\/arantv.az\/index.php?rest_route=%2Fwp%2Fv2%2Fcategories&post=66835"},{"taxonomy":"post_tag","embeddable":true,"href":"https:\/\/arantv.az\/index.php?rest_route=%2Fwp%2Fv2%2Ftags&post=66835"}],"curies":[{"name":"wp","href":"https:\/\/api.w.org\/{rel}","templated":true}]}}