{"id":668353,"date":"2023-12-13T16:15:06","date_gmt":"2023-12-13T12:15:06","guid":{"rendered":"https:\/\/arantv.az\/?p=668353"},"modified":"2023-12-13T16:15:06","modified_gmt":"2023-12-13T12:15:06","slug":"erm%c9%99ni-%c9%99sirliyind%c9%99n-azad-olunan-aqsin-b%c9%99birov-bu-dovl%c9%99t-bizi-uzun-mudd%c9%99t-%c9%99sir-qalmaga-qoymazdi","status":"publish","type":"post","link":"https:\/\/arantv.az\/?p=668353","title":{"rendered":"Erm\u0259ni \u0259sirliyind\u0259n azad olunan Aq\u015fin B\u0259birov: &#8220;Bu d\u00f6vl\u0259t bizi uzun m\u00fcdd\u0259t \u0259sir qalma\u011fa qoymazd\u0131&#8221;"},"content":{"rendered":"<p><strong>Erm\u0259ni \u0259sirliyind\u0259n azad olunan Aq\u015fin B\u0259birov d\u00f6vl\u0259tin onlar\u0131 uzun m\u00fcdd\u0259t \u0259sir qalma\u011fa qoymayaca\u011f\u0131n\u0131 bildirib.<\/strong><\/p>\n<p>O, bu bar\u0259d\u0259 Erm\u0259nistan \u0259sirliyind\u0259n azad edil\u0259r\u0259k Az\u0259rbaycana t\u0259hvil veril\u0259n zaman jurnalistl\u0259r\u0259 deyib.<\/p>\n<p>&#8220;Bu d\u00f6vl\u0259t bizi uzun m\u00fcdd\u0259t \u0259sir qalma\u011fa qoymazd\u0131. Biz v\u0259t\u0259n \u00fc\u00e7\u00fcn ya\u015fayanlardan\u0131q. V\u0259t\u0259n \u00fc\u00e7\u00fcn can da ver\u0259rik, can da alar\u0131q&#8221;, &#8211; A.B\u0259birov vur\u011fulay\u0131b.<\/p>\n<p>Qeyd ed\u0259k ki, Az\u0259rbaycan-Erm\u0259nistan s\u0259rh\u0259dinin Qazax rayonundan ke\u00e7\u0259n hiss\u0259sind\u0259 13 dekabr 2023-c\u00fc il tarixind\u0259 h\u0259rbi qulluq\u00e7ular\u0131n qar\u015f\u0131l\u0131ql\u0131 \u015f\u0259kild\u0259 t\u0259hvil verilm\u0259si h\u0259yata ke\u00e7irilib. T\u0259hvilverm\u0259 prosesind\u0259 h\u0259r hans\u0131 insident ba\u015f verm\u0259yib. Az\u0259rbaycan t\u0259r\u0259find\u0259 saxlan\u0131lan erm\u0259ni h\u0259rb\u00e7il\u0259rinin Beyn\u0259lxalq Q\u0131z\u0131l Xa\u00e7 Komit\u0259si t\u0259r\u0259find\u0259n sa\u011flaml\u0131q durumlar\u0131 yoxlan\u0131laraq q\u0259na\u0259tb\u0259x\u015f hesab edildikd\u0259n sonra m\u00fcvafiq raz\u0131la\u015fmaya \u0259sas\u0259n t\u0259hvil verilibl\u0259r.<\/p>\n<p>Xat\u0131rladaq ki, bu ilin aprel ay\u0131nda Nax\u00e7\u0131van Muxtar Respublikas\u0131n\u0131n \u015eahbuz rayonunun Erm\u0259nistanla s\u0259rh\u0259dboyu \u0259razisind\u0259 \u0259lveri\u015fsiz hava \u015f\u0259raitind\u0259 m\u0259hdud g\u00f6rm\u0259 s\u0259b\u0259bind\u0259n Az\u0259rbaycan Ordusunun itkin d\u00fc\u015fm\u00fc\u015f \u0259sg\u0259rl\u0259ri &#8211; 2004-c\u00fc il t\u0259v\u0259ll\u00fcdl\u00fc B\u0259birov Aq\u015fin Qabil o\u011flu v\u0259 2003-c\u00fc il t\u0259v\u0259ll\u00fcdl\u00fc Axundov H\u00fcseyn \u018fhliman o\u011flu Erm\u0259nistan t\u0259r\u0259find\u0259n \u0259sir g\u00f6t\u00fcr\u00fclm\u00fc\u015fd\u00fc.<\/p>\n<p>Dekabr\u0131n 7-d\u0259 Az\u0259rbaycan Respublikas\u0131 Prezidentinin Administrasiyas\u0131 v\u0259 Erm\u0259nistan Respublikas\u0131 Ba\u015f nazirinin Aparat\u0131 aras\u0131nda apar\u0131lm\u0131\u015f dan\u0131\u015f\u0131qlar n\u0259tic\u0259sind\u0259 humanizm prinsipin\u0259 sadiqlik ruhunda, xo\u015f niyy\u0259t g\u00f6st\u0259ricisi olaraq iki \u00f6lk\u0259 aras\u0131nda qar\u015f\u0131l\u0131ql\u0131 etimad t\u0259dbiri kimi h\u0259rb\u00e7il\u0259rin azad edilm\u0259si bar\u0259d\u0259 raz\u0131l\u0131q \u0259ld\u0259 olunub.\/\/Report<\/p>\n","protected":false},"excerpt":{"rendered":"<p>Erm\u0259ni \u0259sirliyind\u0259n azad olunan Aq\u015fin B\u0259birov d\u00f6vl\u0259tin onlar\u0131 uzun m\u00fcdd\u0259t \u0259sir qalma\u011fa qoymayaca\u011f\u0131n\u0131 bildirib. O, bu bar\u0259d\u0259 Erm\u0259nistan \u0259sirliyind\u0259n azad edil\u0259r\u0259k Az\u0259rbaycana t\u0259hvil veril\u0259n zaman jurnalistl\u0259r\u0259 deyib. &#8220;Bu d\u00f6vl\u0259t bizi uzun m\u00fcdd\u0259t \u0259sir qalma\u011fa qoymazd\u0131. Biz v\u0259t\u0259n \u00fc\u00e7\u00fcn ya\u015fayanlardan\u0131q. V\u0259t\u0259n \u00fc\u00e7\u00fcn can da ver\u0259rik, can da alar\u0131q&#8221;, &#8211; A.B\u0259birov vur\u011fulay\u0131b. Qeyd ed\u0259k ki, Az\u0259rbaycan-Erm\u0259nistan s\u0259rh\u0259dinin Qazax rayonundan ke\u00e7\u0259n hiss\u0259sind\u0259 13 dekabr 2023-c\u00fc il tarixind\u0259 h\u0259rbi qulluq\u00e7ular\u0131n qar\u015f\u0131l\u0131ql\u0131 \u015f\u0259kild\u0259 t\u0259hvil verilm\u0259si h\u0259yata ke\u00e7irilib. T\u0259hvilverm\u0259 prosesind\u0259 h\u0259r hans\u0131 insident ba\u015f verm\u0259yib. Az\u0259rbaycan t\u0259r\u0259find\u0259 saxlan\u0131lan erm\u0259ni h\u0259rb\u00e7il\u0259rinin Beyn\u0259lxalq Q\u0131z\u0131l Xa\u00e7 Komit\u0259si t\u0259r\u0259find\u0259n sa\u011flaml\u0131q&hellip;<\/p>\n","protected":false},"author":2,"featured_media":668354,"comment_status":"closed","ping_status":"closed","sticky":false,"template":"","format":"standard","meta":{"om_disable_all_campaigns":false,"_monsterinsights_skip_tracking":false,"_monsterinsights_sitenote_active":false,"_monsterinsights_sitenote_note":"","_monsterinsights_sitenote_category":0},"categories":[19],"tags":[],"aioseo_notices":[],"gutentor_comment":0,"rttpg_featured_image_url":{"full":["https:\/\/arantv.az\/wp-content\/uploads\/2023\/12\/16aeae14aff00487951008461f402514.jpg",870,500,false],"landscape":["https:\/\/arantv.az\/wp-content\/uploads\/2023\/12\/16aeae14aff00487951008461f402514.jpg",870,500,false],"portraits":["https:\/\/arantv.az\/wp-content\/uploads\/2023\/12\/16aeae14aff00487951008461f402514.jpg",870,500,false],"thumbnail":["https:\/\/arantv.az\/wp-content\/uploads\/2023\/12\/16aeae14aff00487951008461f402514-500x280.jpg",500,280,true],"medium":["https:\/\/arantv.az\/wp-content\/uploads\/2023\/12\/16aeae14aff00487951008461f402514-635x365.jpg",635,365,true],"large":["https:\/\/arantv.az\/wp-content\/uploads\/2023\/12\/16aeae14aff00487951008461f402514-840x483.jpg",640,368,true],"1536x1536":["https:\/\/arantv.az\/wp-content\/uploads\/2023\/12\/16aeae14aff00487951008461f402514.jpg",870,500,false],"2048x2048":["https:\/\/arantv.az\/wp-content\/uploads\/2023\/12\/16aeae14aff00487951008461f402514.jpg",870,500,false],"post-thumbnail":["https:\/\/arantv.az\/wp-content\/uploads\/2023\/12\/16aeae14aff00487951008461f402514-240x172.jpg",240,172,true],"advps-thumb-one":["https:\/\/arantv.az\/wp-content\/uploads\/2023\/12\/16aeae14aff00487951008461f402514.jpg",870,500,false]},"rttpg_author":{"display_name":"V\u00fcsal Rafiqo\u011flu","author_link":"https:\/\/arantv.az\/?author=2"},"rttpg_comment":0,"rttpg_category":"<a href=\"https:\/\/arantv.az\/?cat=19\" rel=\"category\">G\u00fcnd\u0259m<\/a>","rttpg_excerpt":"Erm\u0259ni \u0259sirliyind\u0259n azad olunan Aq\u015fin B\u0259birov d\u00f6vl\u0259tin onlar\u0131 uzun m\u00fcdd\u0259t \u0259sir qalma\u011fa qoymayaca\u011f\u0131n\u0131 bildirib. O, bu bar\u0259d\u0259 Erm\u0259nistan \u0259sirliyind\u0259n azad edil\u0259r\u0259k Az\u0259rbaycana t\u0259hvil veril\u0259n zaman jurnalistl\u0259r\u0259 deyib. &#8220;Bu d\u00f6vl\u0259t bizi uzun m\u00fcdd\u0259t \u0259sir qalma\u011fa qoymazd\u0131. Biz v\u0259t\u0259n \u00fc\u00e7\u00fcn ya\u015fayanlardan\u0131q. V\u0259t\u0259n \u00fc\u00e7\u00fcn can da ver\u0259rik, can da alar\u0131q&#8221;, &#8211; A.B\u0259birov vur\u011fulay\u0131b. Qeyd ed\u0259k ki, Az\u0259rbaycan-Erm\u0259nistan s\u0259rh\u0259dinin&hellip;","_links":{"self":[{"href":"https:\/\/arantv.az\/index.php?rest_route=\/wp\/v2\/posts\/668353"}],"collection":[{"href":"https:\/\/arantv.az\/index.php?rest_route=\/wp\/v2\/posts"}],"about":[{"href":"https:\/\/arantv.az\/index.php?rest_route=\/wp\/v2\/types\/post"}],"author":[{"embeddable":true,"href":"https:\/\/arantv.az\/index.php?rest_route=\/wp\/v2\/users\/2"}],"replies":[{"embeddable":true,"href":"https:\/\/arantv.az\/index.php?rest_route=%2Fwp%2Fv2%2Fcomments&post=668353"}],"version-history":[{"count":0,"href":"https:\/\/arantv.az\/index.php?rest_route=\/wp\/v2\/posts\/668353\/revisions"}],"wp:featuredmedia":[{"embeddable":true,"href":"https:\/\/arantv.az\/index.php?rest_route=\/wp\/v2\/media\/668354"}],"wp:attachment":[{"href":"https:\/\/arantv.az\/index.php?rest_route=%2Fwp%2Fv2%2Fmedia&parent=668353"}],"wp:term":[{"taxonomy":"category","embeddable":true,"href":"https:\/\/arantv.az\/index.php?rest_route=%2Fwp%2Fv2%2Fcategories&post=668353"},{"taxonomy":"post_tag","embeddable":true,"href":"https:\/\/arantv.az\/index.php?rest_route=%2Fwp%2Fv2%2Ftags&post=668353"}],"curies":[{"name":"wp","href":"https:\/\/api.w.org\/{rel}","templated":true}]}}