{"id":668357,"date":"2023-12-13T16:17:33","date_gmt":"2023-12-13T12:17:33","guid":{"rendered":"https:\/\/arantv.az\/?p=668357"},"modified":"2023-12-13T16:17:33","modified_gmt":"2023-12-13T12:17:33","slug":"az%c9%99rbaycan-prezidenti-indi-must%c9%99qillik-tariximizin-inkisaf-dovrunun-qururverici-m%c9%99rh%c9%99l%c9%99sind%c9%99yik","status":"publish","type":"post","link":"https:\/\/arantv.az\/?p=668357","title":{"rendered":"Az\u0259rbaycan Prezidenti: \u201c\u0130ndi m\u00fcst\u0259qillik tariximizin inki\u015faf d\u00f6vr\u00fcn\u00fcn q\u00fcrurverici m\u0259rh\u0259l\u0259sind\u0259yik\u201d"},"content":{"rendered":"<p>\u201c\u0130ndi m\u00fcst\u0259qillik tariximizin inki\u015faf d\u00f6vr\u00fcn\u00fcn q\u00fcrurverici yeni m\u0259rh\u0259l\u0259sind\u0259yik. \u0130\u015f\u011faldan azad edilmi\u015f \u0259razil\u0259rimizd\u0259 \u0259n q\u0131sa zamanda h\u0259yat\u0131n \u0259vv\u0259lki ah\u0259ngin\u0259 qaytar\u0131lmas\u0131 \u00fc\u00e7\u00fcn geni\u015fmiqyasl\u0131 i\u015fl\u0259r apar\u0131l\u0131r\u201d.<\/p>\n<p><a href=\"https:\/\/azertag.az\/xeber\/azerbaycan_prezidenti_indi_musteqillik_tariximizin_inkisaf_dovrunun_qururverici_merhelesindeyik-2849359\" target=\"_blank\" rel=\"noopener\">AZ\u018fRTAC<\/a>\u00a0x\u0259b\u0259r verir ki, bu fikirl\u0259r Az\u0259rbaycan Prezidenti\u00a0<strong>\u0130lham \u018fliyevin<\/strong>\u00a0Az\u0259rbaycan k\u00f6n\u00fcll\u00fcl\u0259rinin VI h\u0259mr\u0259ylik forumunun i\u015ftirak\u00e7\u0131lar\u0131na \u00fcnvanlad\u0131\u011f\u0131 m\u0259ktubda yer al\u0131b.<\/p>\n<p>\u201cSevindirici hald\u0131r ki, k\u00f6n\u00fcll\u00fcl\u0259rimiz bu g\u00fcn yurdun h\u0259r bir gu\u015f\u0259sind\u0259 d\u00f6vl\u0259t g\u0259ncl\u0259r siyas\u0259tinin m\u0259qs\u0259d v\u0259 prinsipl\u0259rin\u0259 uy\u011fun \u015f\u0259kild\u0259 Az\u0259rbaycan\u0131n davaml\u0131 t\u0259r\u0259qqisin\u0259 y\u00f6n\u0259lmi\u015f sosial t\u0259\u015f\u0259bb\u00fcsl\u0259r\u0259 v\u0259 innovativ layih\u0259l\u0259r\u0259 ham\u0131l\u0131qla qo\u015fulurlar. Onlar ekof\u0259allar\u0131m\u0131zla birg\u0259 Qaraba\u011fda t\u0259bii s\u0259rv\u0259tl\u0259rimizin qanunsuz istismar\u0131na qar\u015f\u0131 etiraz ifad\u0259 ed\u0259n v\u0259 u\u011furla n\u0259tic\u0259l\u0259n\u0259n dinc aksiyan\u0131n \u0259sas i\u015ftirak\u00e7\u0131lar\u0131 olublar. Art\u0131q onlar\u0131n, h\u0259m\u00e7inin, \u00f6lk\u0259 h\u00fcdudlar\u0131ndan k\u0259narda humanitar yard\u0131m istiqam\u0259tind\u0259 koordinasiyal\u0131 f\u0259aliyy\u0259t t\u0259cr\u00fcb\u0259si var\u201d, &#8211; dey\u0259 d\u00f6vl\u0259timizin ba\u015f\u00e7\u0131s\u0131 vur\u011fulay\u0131b.<\/p>\n<p>Prezident \u0130lham \u018fliyev ulu \u00f6nd\u0259r Heyd\u0259r \u018fliyevin t\u00f6vsiy\u0259l\u0259rini \u00f6z\u00fcn\u0259 \u015f\u00fcar se\u00e7\u0259n k\u00f6n\u00fcll\u00fcl\u0259rin V\u0259t\u0259n\u0259 v\u0259 d\u00f6vl\u0259t\u0259 bundan sonra da d\u0259rin ba\u011fl\u0131l\u0131q n\u00fcmayi\u015f etdir\u0259c\u0259kl\u0259rin\u0259, y\u00fcks\u0259k f\u0259all\u0131q g\u00f6st\u0259r\u0259r\u0259k B\u00f6y\u00fck Qay\u0131d\u0131\u015fa t\u00f6hf\u0259l\u0259r ver\u0259c\u0259kl\u0259rin\u0259 inand\u0131\u011f\u0131n\u0131 bildirib.<\/p>\n","protected":false},"excerpt":{"rendered":"<p>\u201c\u0130ndi m\u00fcst\u0259qillik tariximizin inki\u015faf d\u00f6vr\u00fcn\u00fcn q\u00fcrurverici yeni m\u0259rh\u0259l\u0259sind\u0259yik. \u0130\u015f\u011faldan azad edilmi\u015f \u0259razil\u0259rimizd\u0259 \u0259n q\u0131sa zamanda h\u0259yat\u0131n \u0259vv\u0259lki ah\u0259ngin\u0259 qaytar\u0131lmas\u0131 \u00fc\u00e7\u00fcn geni\u015fmiqyasl\u0131 i\u015fl\u0259r apar\u0131l\u0131r\u201d. AZ\u018fRTAC\u00a0x\u0259b\u0259r verir ki, bu fikirl\u0259r Az\u0259rbaycan Prezidenti\u00a0\u0130lham \u018fliyevin\u00a0Az\u0259rbaycan k\u00f6n\u00fcll\u00fcl\u0259rinin VI h\u0259mr\u0259ylik forumunun i\u015ftirak\u00e7\u0131lar\u0131na \u00fcnvanlad\u0131\u011f\u0131 m\u0259ktubda yer al\u0131b. \u201cSevindirici hald\u0131r ki, k\u00f6n\u00fcll\u00fcl\u0259rimiz bu g\u00fcn yurdun h\u0259r bir gu\u015f\u0259sind\u0259 d\u00f6vl\u0259t g\u0259ncl\u0259r siyas\u0259tinin m\u0259qs\u0259d v\u0259 prinsipl\u0259rin\u0259 uy\u011fun \u015f\u0259kild\u0259 Az\u0259rbaycan\u0131n davaml\u0131 t\u0259r\u0259qqisin\u0259 y\u00f6n\u0259lmi\u015f sosial t\u0259\u015f\u0259bb\u00fcsl\u0259r\u0259 v\u0259 innovativ layih\u0259l\u0259r\u0259 ham\u0131l\u0131qla qo\u015fulurlar. Onlar ekof\u0259allar\u0131m\u0131zla birg\u0259 Qaraba\u011fda t\u0259bii s\u0259rv\u0259tl\u0259rimizin qanunsuz istismar\u0131na qar\u015f\u0131 etiraz ifad\u0259 ed\u0259n v\u0259 u\u011furla n\u0259tic\u0259l\u0259n\u0259n dinc aksiyan\u0131n \u0259sas i\u015ftirak\u00e7\u0131lar\u0131 olublar. Art\u0131q&hellip;<\/p>\n","protected":false},"author":2,"featured_media":668358,"comment_status":"closed","ping_status":"closed","sticky":false,"template":"","format":"standard","meta":{"om_disable_all_campaigns":false,"_monsterinsights_skip_tracking":false,"_monsterinsights_sitenote_active":false,"_monsterinsights_sitenote_note":"","_monsterinsights_sitenote_category":0},"categories":[4],"tags":[],"aioseo_notices":[],"gutentor_comment":0,"rttpg_featured_image_url":{"full":["https:\/\/arantv.az\/wp-content\/uploads\/2023\/12\/155129491_10164622835490315_3143305307096763887_o-1.jpg",620,413,false],"landscape":["https:\/\/arantv.az\/wp-content\/uploads\/2023\/12\/155129491_10164622835490315_3143305307096763887_o-1.jpg",620,413,false],"portraits":["https:\/\/arantv.az\/wp-content\/uploads\/2023\/12\/155129491_10164622835490315_3143305307096763887_o-1.jpg",620,413,false],"thumbnail":["https:\/\/arantv.az\/wp-content\/uploads\/2023\/12\/155129491_10164622835490315_3143305307096763887_o-1-500x280.jpg",500,280,true],"medium":["https:\/\/arantv.az\/wp-content\/uploads\/2023\/12\/155129491_10164622835490315_3143305307096763887_o-1-548x365.jpg",548,365,true],"large":["https:\/\/arantv.az\/wp-content\/uploads\/2023\/12\/155129491_10164622835490315_3143305307096763887_o-1.jpg",620,413,false],"1536x1536":["https:\/\/arantv.az\/wp-content\/uploads\/2023\/12\/155129491_10164622835490315_3143305307096763887_o-1.jpg",620,413,false],"2048x2048":["https:\/\/arantv.az\/wp-content\/uploads\/2023\/12\/155129491_10164622835490315_3143305307096763887_o-1.jpg",620,413,false],"post-thumbnail":["https:\/\/arantv.az\/wp-content\/uploads\/2023\/12\/155129491_10164622835490315_3143305307096763887_o-1-240x172.jpg",240,172,true],"advps-thumb-one":["https:\/\/arantv.az\/wp-content\/uploads\/2023\/12\/155129491_10164622835490315_3143305307096763887_o-1.jpg",620,413,false]},"rttpg_author":{"display_name":"V\u00fcsal Rafiqo\u011flu","author_link":"https:\/\/arantv.az\/?author=2"},"rttpg_comment":0,"rttpg_category":"<a href=\"https:\/\/arantv.az\/?cat=4\" rel=\"category\">Siyas\u0259t<\/a>","rttpg_excerpt":"\u201c\u0130ndi m\u00fcst\u0259qillik tariximizin inki\u015faf d\u00f6vr\u00fcn\u00fcn q\u00fcrurverici yeni m\u0259rh\u0259l\u0259sind\u0259yik. \u0130\u015f\u011faldan azad edilmi\u015f \u0259razil\u0259rimizd\u0259 \u0259n q\u0131sa zamanda h\u0259yat\u0131n \u0259vv\u0259lki ah\u0259ngin\u0259 qaytar\u0131lmas\u0131 \u00fc\u00e7\u00fcn geni\u015fmiqyasl\u0131 i\u015fl\u0259r apar\u0131l\u0131r\u201d. AZ\u018fRTAC\u00a0x\u0259b\u0259r verir ki, bu fikirl\u0259r Az\u0259rbaycan Prezidenti\u00a0\u0130lham \u018fliyevin\u00a0Az\u0259rbaycan k\u00f6n\u00fcll\u00fcl\u0259rinin VI h\u0259mr\u0259ylik forumunun i\u015ftirak\u00e7\u0131lar\u0131na \u00fcnvanlad\u0131\u011f\u0131 m\u0259ktubda yer al\u0131b. \u201cSevindirici hald\u0131r ki, k\u00f6n\u00fcll\u00fcl\u0259rimiz bu g\u00fcn yurdun h\u0259r bir gu\u015f\u0259sind\u0259 d\u00f6vl\u0259t g\u0259ncl\u0259r siyas\u0259tinin m\u0259qs\u0259d v\u0259&hellip;","_links":{"self":[{"href":"https:\/\/arantv.az\/index.php?rest_route=\/wp\/v2\/posts\/668357"}],"collection":[{"href":"https:\/\/arantv.az\/index.php?rest_route=\/wp\/v2\/posts"}],"about":[{"href":"https:\/\/arantv.az\/index.php?rest_route=\/wp\/v2\/types\/post"}],"author":[{"embeddable":true,"href":"https:\/\/arantv.az\/index.php?rest_route=\/wp\/v2\/users\/2"}],"replies":[{"embeddable":true,"href":"https:\/\/arantv.az\/index.php?rest_route=%2Fwp%2Fv2%2Fcomments&post=668357"}],"version-history":[{"count":0,"href":"https:\/\/arantv.az\/index.php?rest_route=\/wp\/v2\/posts\/668357\/revisions"}],"wp:featuredmedia":[{"embeddable":true,"href":"https:\/\/arantv.az\/index.php?rest_route=\/wp\/v2\/media\/668358"}],"wp:attachment":[{"href":"https:\/\/arantv.az\/index.php?rest_route=%2Fwp%2Fv2%2Fmedia&parent=668357"}],"wp:term":[{"taxonomy":"category","embeddable":true,"href":"https:\/\/arantv.az\/index.php?rest_route=%2Fwp%2Fv2%2Fcategories&post=668357"},{"taxonomy":"post_tag","embeddable":true,"href":"https:\/\/arantv.az\/index.php?rest_route=%2Fwp%2Fv2%2Ftags&post=668357"}],"curies":[{"name":"wp","href":"https:\/\/api.w.org\/{rel}","templated":true}]}}