{"id":66846,"date":"2019-06-15T12:34:44","date_gmt":"2019-06-15T09:34:44","guid":{"rendered":"http:\/\/arantv.az\/?p=66846"},"modified":"2019-06-15T12:34:44","modified_gmt":"2019-06-15T09:34:44","slug":"ankara-v%c9%99-baki-qardaslasmis-s%c9%99h%c9%99rl%c9%99r-olacaq","status":"publish","type":"post","link":"https:\/\/arantv.az\/?p=66846","title":{"rendered":"Ankara v\u0259 Bak\u0131 qarda\u015fla\u015fm\u0131\u015f \u015f\u0259h\u0259rl\u0259r olacaq"},"content":{"rendered":"<blockquote><p><em><strong>Ankara v\u0259 Bak\u0131 qarda\u015fla\u015fm\u0131\u015f \u015f\u0259h\u0259rl\u0259r olacaq.<\/strong><\/em><\/p><\/blockquote>\n<p><strong>ARANTV.AZ<\/strong> trend-\u0259 istinad\u0259n bildirir ki, bunu Ankaran\u0131n meri M\u0259nsur Yava\u015f Az\u0259rbaycan\u0131n T\u00fcrkiy\u0259d\u0259ki s\u0259firi X\u0259z\u0259r \u0130brahiml\u0259 g\u00f6r\u00fc\u015f\u00fc zaman\u0131 deyib.<\/p>\n<p>Mer bildirib ki, iki \u015f\u0259h\u0259r aras\u0131nda qarda\u015fla\u015fma bar\u0259d\u0259 sazi\u015fin m\u0259hz onun r\u0259hb\u0259rliyi d\u00f6vr\u00fcnd\u0259 imzalanaca\u011f\u0131 q\u00fcrurvericidir.<\/p>\n<p>M.Yava\u015f \u0259lav\u0259 edib ki, T\u00fcrkiy\u0259 h\u0259r zaman Az\u0259rbaycan\u0131n u\u011furlar\u0131 il\u0259 f\u0259xr edir: &#8220;Qarda\u015f Az\u0259rbaycan\u0131n bayra\u011f\u0131n\u0131 harada g\u00f6rs\u0259m, \u00fcr\u0259kd\u0259n sevinir\u0259m&#8221;.<\/p>\n","protected":false},"excerpt":{"rendered":"<p>Ankara v\u0259 Bak\u0131 qarda\u015fla\u015fm\u0131\u015f \u015f\u0259h\u0259rl\u0259r olacaq. ARANTV.AZ trend-\u0259 istinad\u0259n bildirir ki, bunu Ankaran\u0131n meri M\u0259nsur Yava\u015f Az\u0259rbaycan\u0131n T\u00fcrkiy\u0259d\u0259ki s\u0259firi X\u0259z\u0259r \u0130brahiml\u0259 g\u00f6r\u00fc\u015f\u00fc zaman\u0131 deyib. Mer bildirib ki, iki \u015f\u0259h\u0259r aras\u0131nda qarda\u015fla\u015fma bar\u0259d\u0259 sazi\u015fin m\u0259hz onun r\u0259hb\u0259rliyi d\u00f6vr\u00fcnd\u0259 imzalanaca\u011f\u0131 q\u00fcrurvericidir. M.Yava\u015f \u0259lav\u0259 edib ki, T\u00fcrkiy\u0259 h\u0259r zaman Az\u0259rbaycan\u0131n u\u011furlar\u0131 il\u0259 f\u0259xr edir: &#8220;Qarda\u015f Az\u0259rbaycan\u0131n bayra\u011f\u0131n\u0131 harada g\u00f6rs\u0259m, \u00fcr\u0259kd\u0259n sevinir\u0259m&#8221;.<\/p>\n","protected":false},"author":2,"featured_media":66847,"comment_status":"closed","ping_status":"closed","sticky":false,"template":"","format":"standard","meta":{"om_disable_all_campaigns":false,"_monsterinsights_skip_tracking":false,"_monsterinsights_sitenote_active":false,"_monsterinsights_sitenote_note":"","_monsterinsights_sitenote_category":0},"categories":[1],"tags":[],"aioseo_notices":[],"gutentor_comment":0,"rttpg_featured_image_url":{"full":["https:\/\/arantv.az\/wp-content\/uploads\/2019\/06\/763379.jpg",800,600,false],"landscape":["https:\/\/arantv.az\/wp-content\/uploads\/2019\/06\/763379.jpg",800,600,false],"portraits":["https:\/\/arantv.az\/wp-content\/uploads\/2019\/06\/763379.jpg",800,600,false],"thumbnail":["https:\/\/arantv.az\/wp-content\/uploads\/2019\/06\/763379-150x150.jpg",150,150,true],"medium":["https:\/\/arantv.az\/wp-content\/uploads\/2019\/06\/763379-300x225.jpg",300,225,true],"large":["https:\/\/arantv.az\/wp-content\/uploads\/2019\/06\/763379.jpg",640,480,false],"1536x1536":["https:\/\/arantv.az\/wp-content\/uploads\/2019\/06\/763379.jpg",800,600,false],"2048x2048":["https:\/\/arantv.az\/wp-content\/uploads\/2019\/06\/763379.jpg",800,600,false],"post-thumbnail":["https:\/\/arantv.az\/wp-content\/uploads\/2019\/06\/763379-240x172.jpg",240,172,true],"advps-thumb-one":["https:\/\/arantv.az\/wp-content\/uploads\/2019\/06\/763379.jpg",800,600,false]},"rttpg_author":{"display_name":"V\u00fcsal Rafiqo\u011flu","author_link":"https:\/\/arantv.az\/?author=2"},"rttpg_comment":0,"rttpg_category":"<a href=\"https:\/\/arantv.az\/?cat=1\" rel=\"category\">C\u0259miyy\u0259t<\/a>","rttpg_excerpt":"Ankara v\u0259 Bak\u0131 qarda\u015fla\u015fm\u0131\u015f \u015f\u0259h\u0259rl\u0259r olacaq. ARANTV.AZ trend-\u0259 istinad\u0259n bildirir ki, bunu Ankaran\u0131n meri M\u0259nsur Yava\u015f Az\u0259rbaycan\u0131n T\u00fcrkiy\u0259d\u0259ki s\u0259firi X\u0259z\u0259r \u0130brahiml\u0259 g\u00f6r\u00fc\u015f\u00fc zaman\u0131 deyib. Mer bildirib ki, iki \u015f\u0259h\u0259r aras\u0131nda qarda\u015fla\u015fma bar\u0259d\u0259 sazi\u015fin m\u0259hz onun r\u0259hb\u0259rliyi d\u00f6vr\u00fcnd\u0259 imzalanaca\u011f\u0131 q\u00fcrurvericidir. M.Yava\u015f \u0259lav\u0259 edib ki, T\u00fcrkiy\u0259 h\u0259r zaman Az\u0259rbaycan\u0131n u\u011furlar\u0131 il\u0259 f\u0259xr edir: &#8220;Qarda\u015f Az\u0259rbaycan\u0131n bayra\u011f\u0131n\u0131 harada&hellip;","_links":{"self":[{"href":"https:\/\/arantv.az\/index.php?rest_route=\/wp\/v2\/posts\/66846"}],"collection":[{"href":"https:\/\/arantv.az\/index.php?rest_route=\/wp\/v2\/posts"}],"about":[{"href":"https:\/\/arantv.az\/index.php?rest_route=\/wp\/v2\/types\/post"}],"author":[{"embeddable":true,"href":"https:\/\/arantv.az\/index.php?rest_route=\/wp\/v2\/users\/2"}],"replies":[{"embeddable":true,"href":"https:\/\/arantv.az\/index.php?rest_route=%2Fwp%2Fv2%2Fcomments&post=66846"}],"version-history":[{"count":0,"href":"https:\/\/arantv.az\/index.php?rest_route=\/wp\/v2\/posts\/66846\/revisions"}],"wp:featuredmedia":[{"embeddable":true,"href":"https:\/\/arantv.az\/index.php?rest_route=\/wp\/v2\/media\/66847"}],"wp:attachment":[{"href":"https:\/\/arantv.az\/index.php?rest_route=%2Fwp%2Fv2%2Fmedia&parent=66846"}],"wp:term":[{"taxonomy":"category","embeddable":true,"href":"https:\/\/arantv.az\/index.php?rest_route=%2Fwp%2Fv2%2Fcategories&post=66846"},{"taxonomy":"post_tag","embeddable":true,"href":"https:\/\/arantv.az\/index.php?rest_route=%2Fwp%2Fv2%2Ftags&post=66846"}],"curies":[{"name":"wp","href":"https:\/\/api.w.org\/{rel}","templated":true}]}}