{"id":66855,"date":"2019-06-15T12:58:12","date_gmt":"2019-06-15T09:58:12","guid":{"rendered":"http:\/\/arantv.az\/?p=66855"},"modified":"2019-06-15T12:58:12","modified_gmt":"2019-06-15T09:58:12","slug":"zakir-h%c9%99s%c9%99nov-dusm%c9%99n-t%c9%99xribatlarinin-qarsisi-adekvat-t%c9%99dbirl%c9%99rl%c9%99-alinmalidir","status":"publish","type":"post","link":"https:\/\/arantv.az\/?p=66855","title":{"rendered":"Zakir H\u0259s\u0259nov: D\u00fc\u015fm\u0259n t\u0259xribatlar\u0131n\u0131n qar\u015f\u0131s\u0131 adekvat t\u0259dbirl\u0259rl\u0259 al\u0131nmal\u0131d\u0131r"},"content":{"rendered":"<p>\u0130yunun 15-d\u0259 M\u0259rk\u0259zi Komanda M\u0259nt\u0259q\u0259sind\u0259 M\u00fcdafi\u0259 naziri general-polkovnik Zakir H\u0259s\u0259novun r\u0259hb\u0259rliyi alt\u0131nda nazir m\u00fcavinl\u0259ri, qo\u015fun n\u00f6vl\u0259ri komandanlar\u0131, ba\u015f idar\u0259, idar\u0259 v\u0259 xidm\u0259t r\u0259isl\u0259ri, birlik komandirl\u0259rinin i\u015ftirak\u0131, el\u0259c\u0259 d\u0259, videoba\u011flant\u0131 vasit\u0259sil\u0259 c\u0259bh\u0259 b\u00f6lg\u0259sind\u0259 yerl\u0259\u015f\u0259n birl\u0259\u015fm\u0259 komandirl\u0259ri v\u0259 dig\u0259r m\u0259sul zabitl\u0259rin d\u0259 c\u0259lb olunmas\u0131 il\u0259 xidm\u0259ti m\u00fc\u015favir\u0259\u00a0<a href=\"https:\/\/mod.gov.az\/az\/news\/mudafie-naziri-dusmen-texribatlarinin-qarsisi-adekvat-tedbirler-gorulmekle-alinmali-ve-sexsi-heyetin-tehlukesizliyi-temi-27288.html?fbclid=IwAR140C3cbkwJbF9um-3cq2W6sBHXNQXRwVPpoqWGTxDHI0hjaxmgNz2_OoY\" target=\"_blank\" rel=\"noopener\">ke\u00e7irilib<\/a>.<\/p>\n<p>\u00dcmummilli liderimiz Heyd\u0259r \u018fliyevin v\u0259 respublikam\u0131z\u0131n m\u00fcst\u0259qilliyi, \u0259razi b\u00fct\u00f6vl\u00fcy\u00fc u\u011frunda \u015f\u0259hid olanlar\u0131n xatir\u0259si bir d\u0259qiq\u0259lik s\u00fckutla yad edildikd\u0259n sonra M\u00fcdafi\u0259 naziri 15 iyun &#8211; Az\u0259rbaycan Xalq\u0131n\u0131n Milli Qurtulu\u015f G\u00fcn\u00fcn\u00fcn tarixi \u0259h\u0259miyy\u0259tind\u0259n, Ulu \u00d6nd\u0259rin \u00e7ox\u015fax\u0259li f\u0259aliyy\u0259tind\u0259n v\u0259 \u00f6lk\u0259miz \u00fc\u00e7\u00fcn g\u00f6st\u0259rdiyi misilsiz xidm\u0259tl\u0259rind\u0259n dan\u0131\u015f\u0131b.<\/p>\n<p>Nazir \u00e7\u0131x\u0131\u015f\u0131nda x\u00fcsusi qeyd edib ki, Silahl\u0131 Q\u00fcvv\u0259l\u0259rin Ali Ba\u015f Komandan\u0131 c\u0259nab \u0130lham \u018fliyevin bildirdiyi kimi \u00f6lk\u0259mizin g\u00fccl\u00fc h\u0259rbi potensial\u0131 v\u0259 Az\u0259rbaycan Ordusunun d\u00f6y\u00fc\u015f qabiliyy\u0259ti \u0259razi b\u00fct\u00f6vl\u00fcy\u00fcm\u00fcz\u00fcn t\u0259min edilm\u0259sind\u0259 \u0259sas amill\u0259rd\u0259n biridir.<\/p>\n<p>M\u00fcdafi\u0259 naziri qo\u015funlar\u0131n t\u0259mas x\u0259ttind\u0259ki haz\u0131rk\u0131 v\u0259ziyy\u0259ti, \u00f6t\u0259n ay \u0259rzind\u0259 g\u00f6r\u00fcl\u0259n i\u015fl\u0259ri, x\u00fcsusil\u0259 Bak\u0131 v\u0259 Nax\u00e7\u0131vanda ke\u00e7iril\u0259n t\u0259liml\u0259rin n\u0259tic\u0259l\u0259rini t\u0259hlil ed\u0259r\u0259k bildirib ki, ordumuzun d\u00f6y\u00fc\u015f qabiliyy\u0259ti, m\u0259n\u0259vi-psixoloji v\u0259ziyy\u0259ti v\u0259 t\u0259minat\u0131 y\u00fcks\u0259k s\u0259viyy\u0259d\u0259dir v\u0259 bu istiqam\u0259td\u0259 planla\u015fd\u0131r\u0131lan b\u00fct\u00fcn t\u0259dbirl\u0259r tam h\u0259cmd\u0259 yerin\u0259 yetirilib.<\/p>\n<p>General-polkovnik Z.H\u0259s\u0259nov snayperl\u0259rin f\u0259aliyy\u0259ti, m\u00fcdafi\u0259nin dayan\u0131ql\u0131l\u0131\u011f\u0131, maskalanman\u0131n effektiv t\u0259\u015fkili, \u015f\u0259xsi hey\u0259tin t\u0259hl\u00fck\u0259sizliyinin t\u0259min edilm\u0259si v\u0259 d\u00fc\u015fm\u0259n t\u0259xribatlar\u0131n\u0131n ehtimal olundu\u011fu istiqam\u0259tl\u0259rd\u0259 onun qar\u015f\u0131s\u0131n\u0131n x\u00fcsusi qur\u011fu v\u0259 vasit\u0259l\u0259rin t\u0259tbiqi il\u0259 d\u0259rhal v\u0259 adekvat t\u0259dbirl\u0259r g\u00f6rm\u0259kl\u0259 al\u0131nmas\u0131 il\u0259 ba\u011fl\u0131 v\u0259zif\u0259li \u015f\u0259xsl\u0259r qar\u015f\u0131s\u0131nda tap\u015f\u0131r\u0131qlar qoyub.<\/p>\n<p>Havan\u0131n h\u0259rar\u0259tinin y\u00fcks\u0259lm\u0259si il\u0259 \u0259laq\u0259dar \u015f\u0259xsi hey\u0259t aras\u0131nda istilik v\u0259 g\u00fcnvurma hallar\u0131n\u0131n qar\u015f\u0131s\u0131n\u0131n al\u0131nmas\u0131 m\u0259qs\u0259dil\u0259 M\u00fcdafi\u0259 naziri h\u0259rbi hiss\u0259 v\u0259 birl\u0259\u015fm\u0259l\u0259rd\u0259 x\u00fcsusi rejimin t\u0259tbiq olunmas\u0131n\u0131 da komandir v\u0259 r\u0259is hey\u0259tin\u0259 \u00e7atd\u0131r\u0131b.<\/p>\n","protected":false},"excerpt":{"rendered":"<p>\u0130yunun 15-d\u0259 M\u0259rk\u0259zi Komanda M\u0259nt\u0259q\u0259sind\u0259 M\u00fcdafi\u0259 naziri general-polkovnik Zakir H\u0259s\u0259novun r\u0259hb\u0259rliyi alt\u0131nda nazir m\u00fcavinl\u0259ri, qo\u015fun n\u00f6vl\u0259ri komandanlar\u0131, ba\u015f idar\u0259, idar\u0259 v\u0259 xidm\u0259t r\u0259isl\u0259ri, birlik komandirl\u0259rinin i\u015ftirak\u0131, el\u0259c\u0259 d\u0259, videoba\u011flant\u0131 vasit\u0259sil\u0259 c\u0259bh\u0259 b\u00f6lg\u0259sind\u0259 yerl\u0259\u015f\u0259n birl\u0259\u015fm\u0259 komandirl\u0259ri v\u0259 dig\u0259r m\u0259sul zabitl\u0259rin d\u0259 c\u0259lb olunmas\u0131 il\u0259 xidm\u0259ti m\u00fc\u015favir\u0259\u00a0ke\u00e7irilib. \u00dcmummilli liderimiz Heyd\u0259r \u018fliyevin v\u0259 respublikam\u0131z\u0131n m\u00fcst\u0259qilliyi, \u0259razi b\u00fct\u00f6vl\u00fcy\u00fc u\u011frunda \u015f\u0259hid olanlar\u0131n xatir\u0259si bir d\u0259qiq\u0259lik s\u00fckutla yad edildikd\u0259n sonra M\u00fcdafi\u0259 naziri 15 iyun &#8211; Az\u0259rbaycan Xalq\u0131n\u0131n Milli Qurtulu\u015f G\u00fcn\u00fcn\u00fcn tarixi \u0259h\u0259miyy\u0259tind\u0259n, Ulu \u00d6nd\u0259rin \u00e7ox\u015fax\u0259li f\u0259aliyy\u0259tind\u0259n v\u0259 \u00f6lk\u0259miz \u00fc\u00e7\u00fcn g\u00f6st\u0259rdiyi misilsiz xidm\u0259tl\u0259rind\u0259n dan\u0131\u015f\u0131b. Nazir \u00e7\u0131x\u0131\u015f\u0131nda x\u00fcsusi&hellip;<\/p>\n","protected":false},"author":2,"featured_media":66856,"comment_status":"closed","ping_status":"closed","sticky":false,"template":"","format":"standard","meta":{"om_disable_all_campaigns":false,"_monsterinsights_skip_tracking":false,"_monsterinsights_sitenote_active":false,"_monsterinsights_sitenote_note":"","_monsterinsights_sitenote_category":0},"categories":[19],"tags":[],"aioseo_notices":[],"gutentor_comment":0,"rttpg_featured_image_url":{"full":["https:\/\/arantv.az\/wp-content\/uploads\/2019\/06\/zakir-1.jpg",620,413,false],"landscape":["https:\/\/arantv.az\/wp-content\/uploads\/2019\/06\/zakir-1.jpg",620,413,false],"portraits":["https:\/\/arantv.az\/wp-content\/uploads\/2019\/06\/zakir-1.jpg",620,413,false],"thumbnail":["https:\/\/arantv.az\/wp-content\/uploads\/2019\/06\/zakir-1-150x150.jpg",150,150,true],"medium":["https:\/\/arantv.az\/wp-content\/uploads\/2019\/06\/zakir-1-300x200.jpg",300,200,true],"large":["https:\/\/arantv.az\/wp-content\/uploads\/2019\/06\/zakir-1.jpg",620,413,false],"1536x1536":["https:\/\/arantv.az\/wp-content\/uploads\/2019\/06\/zakir-1.jpg",620,413,false],"2048x2048":["https:\/\/arantv.az\/wp-content\/uploads\/2019\/06\/zakir-1.jpg",620,413,false],"post-thumbnail":["https:\/\/arantv.az\/wp-content\/uploads\/2019\/06\/zakir-1-240x172.jpg",240,172,true],"advps-thumb-one":["https:\/\/arantv.az\/wp-content\/uploads\/2019\/06\/zakir-1.jpg",620,413,false]},"rttpg_author":{"display_name":"V\u00fcsal Rafiqo\u011flu","author_link":"https:\/\/arantv.az\/?author=2"},"rttpg_comment":0,"rttpg_category":"<a href=\"https:\/\/arantv.az\/?cat=19\" rel=\"category\">G\u00fcnd\u0259m<\/a>","rttpg_excerpt":"\u0130yunun 15-d\u0259 M\u0259rk\u0259zi Komanda M\u0259nt\u0259q\u0259sind\u0259 M\u00fcdafi\u0259 naziri general-polkovnik Zakir H\u0259s\u0259novun r\u0259hb\u0259rliyi alt\u0131nda nazir m\u00fcavinl\u0259ri, qo\u015fun n\u00f6vl\u0259ri komandanlar\u0131, ba\u015f idar\u0259, idar\u0259 v\u0259 xidm\u0259t r\u0259isl\u0259ri, birlik komandirl\u0259rinin i\u015ftirak\u0131, el\u0259c\u0259 d\u0259, videoba\u011flant\u0131 vasit\u0259sil\u0259 c\u0259bh\u0259 b\u00f6lg\u0259sind\u0259 yerl\u0259\u015f\u0259n birl\u0259\u015fm\u0259 komandirl\u0259ri v\u0259 dig\u0259r m\u0259sul zabitl\u0259rin d\u0259 c\u0259lb olunmas\u0131 il\u0259 xidm\u0259ti m\u00fc\u015favir\u0259\u00a0ke\u00e7irilib. \u00dcmummilli liderimiz Heyd\u0259r \u018fliyevin v\u0259 respublikam\u0131z\u0131n m\u00fcst\u0259qilliyi, \u0259razi b\u00fct\u00f6vl\u00fcy\u00fc u\u011frunda&hellip;","_links":{"self":[{"href":"https:\/\/arantv.az\/index.php?rest_route=\/wp\/v2\/posts\/66855"}],"collection":[{"href":"https:\/\/arantv.az\/index.php?rest_route=\/wp\/v2\/posts"}],"about":[{"href":"https:\/\/arantv.az\/index.php?rest_route=\/wp\/v2\/types\/post"}],"author":[{"embeddable":true,"href":"https:\/\/arantv.az\/index.php?rest_route=\/wp\/v2\/users\/2"}],"replies":[{"embeddable":true,"href":"https:\/\/arantv.az\/index.php?rest_route=%2Fwp%2Fv2%2Fcomments&post=66855"}],"version-history":[{"count":0,"href":"https:\/\/arantv.az\/index.php?rest_route=\/wp\/v2\/posts\/66855\/revisions"}],"wp:featuredmedia":[{"embeddable":true,"href":"https:\/\/arantv.az\/index.php?rest_route=\/wp\/v2\/media\/66856"}],"wp:attachment":[{"href":"https:\/\/arantv.az\/index.php?rest_route=%2Fwp%2Fv2%2Fmedia&parent=66855"}],"wp:term":[{"taxonomy":"category","embeddable":true,"href":"https:\/\/arantv.az\/index.php?rest_route=%2Fwp%2Fv2%2Fcategories&post=66855"},{"taxonomy":"post_tag","embeddable":true,"href":"https:\/\/arantv.az\/index.php?rest_route=%2Fwp%2Fv2%2Ftags&post=66855"}],"curies":[{"name":"wp","href":"https:\/\/api.w.org\/{rel}","templated":true}]}}