{"id":668658,"date":"2023-12-14T12:03:35","date_gmt":"2023-12-14T08:03:35","guid":{"rendered":"https:\/\/arantv.az\/?p=668658"},"modified":"2023-12-14T12:03:35","modified_gmt":"2023-12-14T08:03:35","slug":"bu-gun-dovl%c9%99t-t%c9%99hluk%c9%99sizliyi-xidm%c9%99ti-v%c9%99-xarici-k%c9%99sfiyyat-xidm%c9%99tinin-t%c9%99sis-edilm%c9%99sinin-8-ci-ildonumudur","status":"publish","type":"post","link":"https:\/\/arantv.az\/?p=668658","title":{"rendered":"Bu g\u00fcn D\u00f6vl\u0259t T\u0259hl\u00fck\u0259sizliyi Xidm\u0259ti v\u0259 Xarici K\u0259\u015ffiyyat Xidm\u0259tinin t\u0259sis edilm\u0259sinin 8-ci ild\u00f6n\u00fcm\u00fcd\u00fcr"},"content":{"rendered":"<p>Bu g\u00fcn D\u00f6vl\u0259t T\u0259hl\u00fck\u0259sizliyi Xidm\u0259ti v\u0259 Xarici K\u0259\u015ffiyyat Xidm\u0259tinin t\u0259sis edilm\u0259sinin 8-ci ild\u00f6n\u00fcm\u00fcd\u00fcr.<\/p>\n<p><b>ARANTV.AZ <\/b>xat\u0131rlad\u0131r ki, Az\u0259rbaycanda 2015-ci il dekabr\u0131n 14-d\u0259 iki yeni qurum yarad\u0131l\u0131b.<\/p>\n<p>H\u0259min g\u00fcn Az\u0259rbaycan Prezidenti\u00a0<strong>\u0130lham \u018fliyev<\/strong>\u00a0D\u00f6vl\u0259t T\u0259hl\u00fck\u0259sizliyi Xidm\u0259tinin v\u0259 Az\u0259rbaycan Xarici K\u0259\u015ffiyyat Xidm\u0259tinin yarad\u0131lmas\u0131 haqq\u0131nda f\u0259rman imzalay\u0131b.<\/p>\n","protected":false},"excerpt":{"rendered":"<p>Bu g\u00fcn D\u00f6vl\u0259t T\u0259hl\u00fck\u0259sizliyi Xidm\u0259ti v\u0259 Xarici K\u0259\u015ffiyyat Xidm\u0259tinin t\u0259sis edilm\u0259sinin 8-ci ild\u00f6n\u00fcm\u00fcd\u00fcr. ARANTV.AZ xat\u0131rlad\u0131r ki, Az\u0259rbaycanda 2015-ci il dekabr\u0131n 14-d\u0259 iki yeni qurum yarad\u0131l\u0131b. H\u0259min g\u00fcn Az\u0259rbaycan Prezidenti\u00a0\u0130lham \u018fliyev\u00a0D\u00f6vl\u0259t T\u0259hl\u00fck\u0259sizliyi Xidm\u0259tinin v\u0259 Az\u0259rbaycan Xarici K\u0259\u015ffiyyat Xidm\u0259tinin yarad\u0131lmas\u0131 haqq\u0131nda f\u0259rman imzalay\u0131b.<\/p>\n","protected":false},"author":2,"featured_media":668659,"comment_status":"closed","ping_status":"closed","sticky":false,"template":"","format":"standard","meta":{"om_disable_all_campaigns":false,"_monsterinsights_skip_tracking":false,"_monsterinsights_sitenote_active":false,"_monsterinsights_sitenote_note":"","_monsterinsights_sitenote_category":0},"categories":[4],"tags":[],"aioseo_notices":[],"gutentor_comment":0,"rttpg_featured_image_url":{"full":["https:\/\/arantv.az\/wp-content\/uploads\/2023\/12\/08c809e15ffd4bed0cb621d203f33497.jpg",620,413,false],"landscape":["https:\/\/arantv.az\/wp-content\/uploads\/2023\/12\/08c809e15ffd4bed0cb621d203f33497.jpg",620,413,false],"portraits":["https:\/\/arantv.az\/wp-content\/uploads\/2023\/12\/08c809e15ffd4bed0cb621d203f33497.jpg",620,413,false],"thumbnail":["https:\/\/arantv.az\/wp-content\/uploads\/2023\/12\/08c809e15ffd4bed0cb621d203f33497-500x280.jpg",500,280,true],"medium":["https:\/\/arantv.az\/wp-content\/uploads\/2023\/12\/08c809e15ffd4bed0cb621d203f33497-548x365.jpg",548,365,true],"large":["https:\/\/arantv.az\/wp-content\/uploads\/2023\/12\/08c809e15ffd4bed0cb621d203f33497.jpg",620,413,false],"1536x1536":["https:\/\/arantv.az\/wp-content\/uploads\/2023\/12\/08c809e15ffd4bed0cb621d203f33497.jpg",620,413,false],"2048x2048":["https:\/\/arantv.az\/wp-content\/uploads\/2023\/12\/08c809e15ffd4bed0cb621d203f33497.jpg",620,413,false],"post-thumbnail":["https:\/\/arantv.az\/wp-content\/uploads\/2023\/12\/08c809e15ffd4bed0cb621d203f33497-240x172.jpg",240,172,true],"advps-thumb-one":["https:\/\/arantv.az\/wp-content\/uploads\/2023\/12\/08c809e15ffd4bed0cb621d203f33497.jpg",620,413,false]},"rttpg_author":{"display_name":"V\u00fcsal Rafiqo\u011flu","author_link":"https:\/\/arantv.az\/?author=2"},"rttpg_comment":0,"rttpg_category":"<a href=\"https:\/\/arantv.az\/?cat=4\" rel=\"category\">Siyas\u0259t<\/a>","rttpg_excerpt":"Bu g\u00fcn D\u00f6vl\u0259t T\u0259hl\u00fck\u0259sizliyi Xidm\u0259ti v\u0259 Xarici K\u0259\u015ffiyyat Xidm\u0259tinin t\u0259sis edilm\u0259sinin 8-ci ild\u00f6n\u00fcm\u00fcd\u00fcr. ARANTV.AZ xat\u0131rlad\u0131r ki, Az\u0259rbaycanda 2015-ci il dekabr\u0131n 14-d\u0259 iki yeni qurum yarad\u0131l\u0131b. H\u0259min g\u00fcn Az\u0259rbaycan Prezidenti\u00a0\u0130lham \u018fliyev\u00a0D\u00f6vl\u0259t T\u0259hl\u00fck\u0259sizliyi Xidm\u0259tinin v\u0259 Az\u0259rbaycan Xarici K\u0259\u015ffiyyat Xidm\u0259tinin yarad\u0131lmas\u0131 haqq\u0131nda f\u0259rman imzalay\u0131b.","_links":{"self":[{"href":"https:\/\/arantv.az\/index.php?rest_route=\/wp\/v2\/posts\/668658"}],"collection":[{"href":"https:\/\/arantv.az\/index.php?rest_route=\/wp\/v2\/posts"}],"about":[{"href":"https:\/\/arantv.az\/index.php?rest_route=\/wp\/v2\/types\/post"}],"author":[{"embeddable":true,"href":"https:\/\/arantv.az\/index.php?rest_route=\/wp\/v2\/users\/2"}],"replies":[{"embeddable":true,"href":"https:\/\/arantv.az\/index.php?rest_route=%2Fwp%2Fv2%2Fcomments&post=668658"}],"version-history":[{"count":0,"href":"https:\/\/arantv.az\/index.php?rest_route=\/wp\/v2\/posts\/668658\/revisions"}],"wp:featuredmedia":[{"embeddable":true,"href":"https:\/\/arantv.az\/index.php?rest_route=\/wp\/v2\/media\/668659"}],"wp:attachment":[{"href":"https:\/\/arantv.az\/index.php?rest_route=%2Fwp%2Fv2%2Fmedia&parent=668658"}],"wp:term":[{"taxonomy":"category","embeddable":true,"href":"https:\/\/arantv.az\/index.php?rest_route=%2Fwp%2Fv2%2Fcategories&post=668658"},{"taxonomy":"post_tag","embeddable":true,"href":"https:\/\/arantv.az\/index.php?rest_route=%2Fwp%2Fv2%2Ftags&post=668658"}],"curies":[{"name":"wp","href":"https:\/\/api.w.org\/{rel}","templated":true}]}}