{"id":668692,"date":"2023-12-14T12:39:14","date_gmt":"2023-12-14T08:39:14","guid":{"rendered":"https:\/\/arantv.az\/?p=668692"},"modified":"2023-12-14T12:39:14","modified_gmt":"2023-12-14T08:39:14","slug":"prezident-ilham-%c9%99liyev-turkiy%c9%99nin-xarici-isl%c9%99r-nazirini-q%c9%99bul-edib","status":"publish","type":"post","link":"https:\/\/arantv.az\/?p=668692","title":{"rendered":"Prezident \u0130lham \u018fliyev T\u00fcrkiy\u0259nin xarici i\u015fl\u0259r nazirini q\u0259bul edib"},"content":{"rendered":"<p>Az\u0259rbaycan Respublikas\u0131n\u0131n Prezidenti\u00a0<strong>\u0130lham \u018fliyev<\/strong>\u00a0dekabr\u0131n 14-d\u0259 T\u00fcrkiy\u0259 Respublikas\u0131n\u0131n xarici i\u015fl\u0259r naziri Hakan Fidan\u0131 q\u0259bul edib.<\/p>\n<p><a href=\"https:\/\/azertag.az\/xeber\/azerbaycan_prezidenti_ilham_eliyev_turkiyenin_xarici_isler_nazirini_qebul_edib-2850415\" target=\"_blank\" rel=\"noopener\">AZ\u018fRTAC<\/a>\u00a0x\u0259b\u0259r verir ki, g\u00f6r\u00fc\u015fd\u0259 \u00f6lk\u0259l\u0259rimiz aras\u0131nda dostluq v\u0259 qarda\u015fl\u0131q m\u00fcnasib\u0259tl\u0259rinin b\u00fct\u00fcn sah\u0259l\u0259rd\u0259 u\u011furla inki\u015faf etdiyi vur\u011fulan\u0131b.<\/p>\n<p>D\u00f6vl\u0259t ba\u015f\u00e7\u0131lar\u0131 v\u0259 dig\u0259r s\u0259viyy\u0259l\u0259rd\u0259 qar\u015f\u0131l\u0131ql\u0131 s\u0259f\u0259rl\u0259rin v\u0259 t\u0259maslar\u0131n \u0259m\u0259kda\u015fl\u0131\u011f\u0131m\u0131z\u0131n daha da m\u00f6hk\u0259ml\u0259nm\u0259si i\u015fin\u0259 t\u00f6hf\u0259 verdiyi bildirilib.<\/p>\n<p>S\u00f6hb\u0259t zaman\u0131 \u0259laq\u0259l\u0259rimizin bundan sonra da b\u00fct\u00fcn istiqam\u0259tl\u0259rd\u0259 daha da m\u00f6hk\u0259ml\u0259n\u0259c\u0259yin\u0259 \u0259minlik ifad\u0259 olunub, \u0259m\u0259kda\u015fl\u0131\u011f\u0131m\u0131z\u0131n perspektivl\u0259ri v\u0259 qar\u015f\u0131l\u0131ql\u0131 maraq do\u011furan dig\u0259r m\u0259s\u0259l\u0259l\u0259r il\u0259 ba\u011fl\u0131 fikir m\u00fcbadil\u0259si apar\u0131l\u0131b.<\/p>\n","protected":false},"excerpt":{"rendered":"<p>Az\u0259rbaycan Respublikas\u0131n\u0131n Prezidenti\u00a0\u0130lham \u018fliyev\u00a0dekabr\u0131n 14-d\u0259 T\u00fcrkiy\u0259 Respublikas\u0131n\u0131n xarici i\u015fl\u0259r naziri Hakan Fidan\u0131 q\u0259bul edib. AZ\u018fRTAC\u00a0x\u0259b\u0259r verir ki, g\u00f6r\u00fc\u015fd\u0259 \u00f6lk\u0259l\u0259rimiz aras\u0131nda dostluq v\u0259 qarda\u015fl\u0131q m\u00fcnasib\u0259tl\u0259rinin b\u00fct\u00fcn sah\u0259l\u0259rd\u0259 u\u011furla inki\u015faf etdiyi vur\u011fulan\u0131b. D\u00f6vl\u0259t ba\u015f\u00e7\u0131lar\u0131 v\u0259 dig\u0259r s\u0259viyy\u0259l\u0259rd\u0259 qar\u015f\u0131l\u0131ql\u0131 s\u0259f\u0259rl\u0259rin v\u0259 t\u0259maslar\u0131n \u0259m\u0259kda\u015fl\u0131\u011f\u0131m\u0131z\u0131n daha da m\u00f6hk\u0259ml\u0259nm\u0259si i\u015fin\u0259 t\u00f6hf\u0259 verdiyi bildirilib. S\u00f6hb\u0259t zaman\u0131 \u0259laq\u0259l\u0259rimizin bundan sonra da b\u00fct\u00fcn istiqam\u0259tl\u0259rd\u0259 daha da m\u00f6hk\u0259ml\u0259n\u0259c\u0259yin\u0259 \u0259minlik ifad\u0259 olunub, \u0259m\u0259kda\u015fl\u0131\u011f\u0131m\u0131z\u0131n perspektivl\u0259ri v\u0259 qar\u015f\u0131l\u0131ql\u0131 maraq do\u011furan dig\u0259r m\u0259s\u0259l\u0259l\u0259r il\u0259 ba\u011fl\u0131 fikir m\u00fcbadil\u0259si apar\u0131l\u0131b.<\/p>\n","protected":false},"author":2,"featured_media":668693,"comment_status":"closed","ping_status":"closed","sticky":false,"template":"","format":"standard","meta":{"om_disable_all_campaigns":false,"_monsterinsights_skip_tracking":false,"_monsterinsights_sitenote_active":false,"_monsterinsights_sitenote_note":"","_monsterinsights_sitenote_category":0},"categories":[4],"tags":[],"aioseo_notices":[],"gutentor_comment":0,"rttpg_featured_image_url":{"full":["https:\/\/arantv.az\/wp-content\/uploads\/2023\/12\/17025424553821950161_1200x630.jpg",620,413,false],"landscape":["https:\/\/arantv.az\/wp-content\/uploads\/2023\/12\/17025424553821950161_1200x630.jpg",620,413,false],"portraits":["https:\/\/arantv.az\/wp-content\/uploads\/2023\/12\/17025424553821950161_1200x630.jpg",620,413,false],"thumbnail":["https:\/\/arantv.az\/wp-content\/uploads\/2023\/12\/17025424553821950161_1200x630-500x280.jpg",500,280,true],"medium":["https:\/\/arantv.az\/wp-content\/uploads\/2023\/12\/17025424553821950161_1200x630-548x365.jpg",548,365,true],"large":["https:\/\/arantv.az\/wp-content\/uploads\/2023\/12\/17025424553821950161_1200x630.jpg",620,413,false],"1536x1536":["https:\/\/arantv.az\/wp-content\/uploads\/2023\/12\/17025424553821950161_1200x630.jpg",620,413,false],"2048x2048":["https:\/\/arantv.az\/wp-content\/uploads\/2023\/12\/17025424553821950161_1200x630.jpg",620,413,false],"post-thumbnail":["https:\/\/arantv.az\/wp-content\/uploads\/2023\/12\/17025424553821950161_1200x630-240x172.jpg",240,172,true],"advps-thumb-one":["https:\/\/arantv.az\/wp-content\/uploads\/2023\/12\/17025424553821950161_1200x630.jpg",620,413,false]},"rttpg_author":{"display_name":"V\u00fcsal Rafiqo\u011flu","author_link":"https:\/\/arantv.az\/?author=2"},"rttpg_comment":0,"rttpg_category":"<a href=\"https:\/\/arantv.az\/?cat=4\" rel=\"category\">Siyas\u0259t<\/a>","rttpg_excerpt":"Az\u0259rbaycan Respublikas\u0131n\u0131n Prezidenti\u00a0\u0130lham \u018fliyev\u00a0dekabr\u0131n 14-d\u0259 T\u00fcrkiy\u0259 Respublikas\u0131n\u0131n xarici i\u015fl\u0259r naziri Hakan Fidan\u0131 q\u0259bul edib. AZ\u018fRTAC\u00a0x\u0259b\u0259r verir ki, g\u00f6r\u00fc\u015fd\u0259 \u00f6lk\u0259l\u0259rimiz aras\u0131nda dostluq v\u0259 qarda\u015fl\u0131q m\u00fcnasib\u0259tl\u0259rinin b\u00fct\u00fcn sah\u0259l\u0259rd\u0259 u\u011furla inki\u015faf etdiyi vur\u011fulan\u0131b. D\u00f6vl\u0259t ba\u015f\u00e7\u0131lar\u0131 v\u0259 dig\u0259r s\u0259viyy\u0259l\u0259rd\u0259 qar\u015f\u0131l\u0131ql\u0131 s\u0259f\u0259rl\u0259rin v\u0259 t\u0259maslar\u0131n \u0259m\u0259kda\u015fl\u0131\u011f\u0131m\u0131z\u0131n daha da m\u00f6hk\u0259ml\u0259nm\u0259si i\u015fin\u0259 t\u00f6hf\u0259 verdiyi bildirilib. S\u00f6hb\u0259t zaman\u0131 \u0259laq\u0259l\u0259rimizin bundan sonra da b\u00fct\u00fcn istiqam\u0259tl\u0259rd\u0259&hellip;","_links":{"self":[{"href":"https:\/\/arantv.az\/index.php?rest_route=\/wp\/v2\/posts\/668692"}],"collection":[{"href":"https:\/\/arantv.az\/index.php?rest_route=\/wp\/v2\/posts"}],"about":[{"href":"https:\/\/arantv.az\/index.php?rest_route=\/wp\/v2\/types\/post"}],"author":[{"embeddable":true,"href":"https:\/\/arantv.az\/index.php?rest_route=\/wp\/v2\/users\/2"}],"replies":[{"embeddable":true,"href":"https:\/\/arantv.az\/index.php?rest_route=%2Fwp%2Fv2%2Fcomments&post=668692"}],"version-history":[{"count":0,"href":"https:\/\/arantv.az\/index.php?rest_route=\/wp\/v2\/posts\/668692\/revisions"}],"wp:featuredmedia":[{"embeddable":true,"href":"https:\/\/arantv.az\/index.php?rest_route=\/wp\/v2\/media\/668693"}],"wp:attachment":[{"href":"https:\/\/arantv.az\/index.php?rest_route=%2Fwp%2Fv2%2Fmedia&parent=668692"}],"wp:term":[{"taxonomy":"category","embeddable":true,"href":"https:\/\/arantv.az\/index.php?rest_route=%2Fwp%2Fv2%2Fcategories&post=668692"},{"taxonomy":"post_tag","embeddable":true,"href":"https:\/\/arantv.az\/index.php?rest_route=%2Fwp%2Fv2%2Ftags&post=668692"}],"curies":[{"name":"wp","href":"https:\/\/api.w.org\/{rel}","templated":true}]}}