{"id":668702,"date":"2023-12-14T12:42:32","date_gmt":"2023-12-14T08:42:32","guid":{"rendered":"https:\/\/arantv.az\/?p=668702"},"modified":"2023-12-14T12:42:32","modified_gmt":"2023-12-14T08:42:32","slug":"tam-orta-t%c9%99hsilli-gizir-v%c9%99-micmanlara-kicik-leytenant-h%c9%99rbi-rutb%c9%99si-veril%c9%99c%c9%99k","status":"publish","type":"post","link":"https:\/\/arantv.az\/?p=668702","title":{"rendered":"Tam orta t\u0259hsilli gizir v\u0259 mi\u00e7manlara \u201cKi\u00e7ik leytenant\u201d h\u0259rbi r\u00fctb\u0259si veril\u0259c\u0259k"},"content":{"rendered":"<p>Tam orta t\u0259hsilli gizir v\u0259 mi\u00e7manlara \u201cKi\u00e7ik leytenant\u201d h\u0259rbi r\u00fctb\u0259si veril\u0259c\u0259k..<\/p>\n<p>APA-n\u0131n x\u0259b\u0259rin\u0259 g\u00f6r\u0259, bu, Milli M\u0259clisin M\u00fcdafi\u0259, t\u0259hl\u00fck\u0259sizlik v\u0259 korrupsiya il\u0259 m\u00fcbariz\u0259 komit\u0259sinin bu g\u00fcn ke\u00e7iril\u0259n iclas\u0131nda m\u00fczakir\u0259y\u0259 \u00e7\u0131xar\u0131lan v\u0259 parlamentin plenar iclas\u0131na t\u00f6vsiy\u0259 edil\u0259n \u201cH\u0259rbi xidm\u0259tke\u00e7m\u0259 haqq\u0131nda\u201d \u018fsasnam\u0259y\u0259 t\u0259klif edil\u0259n d\u0259yi\u015fiklikd\u0259 \u0259ksini tap\u0131b.<\/p>\n<p>Q\u00fcvv\u0259d\u0259 olan qanuna g\u00f6r\u0259, gizir v\u0259 mi\u00e7man v\u0259zif\u0259l\u0259rind\u0259 be\u015f il v\u0259 daha \u00e7ox xidm\u0259t etmi\u015f zabit v\u0259zif\u0259sin\u0259 t\u0259yin edilmi\u015f orta ixtisas v\u0259 ya natamam ali t\u0259hsilli gizir v\u0259 mi\u00e7manlara h\u0259rbi haz\u0131rl\u0131q ke\u00e7dikd\u0259n v\u0259 m\u00fc\u0259yy\u0259n edilmi\u015f qaydada imtahan verdikd\u0259n sonra \u201cKi\u00e7ik leytenant\u201d h\u0259rbi r\u00fctb\u0259si verilib.<\/p>\n<p>D\u0259yi\u015fikliy\u0259 \u0259sas\u0259n, gizir v\u0259 mi\u00e7man v\u0259zif\u0259l\u0259rind\u0259 be\u015f il v\u0259 daha \u00e7ox xidm\u0259t etmi\u015f zabit v\u0259zif\u0259sin\u0259 t\u0259yin edilmi\u015f tam orta (yaln\u0131z m\u00fcvafiq icra hakimiyy\u0259ti orqan\u0131n\u0131n m\u00fc\u0259yy\u0259n etdiyi d\u00f6vr \u0259rzind\u0259) t\u0259hsilli gizir v\u0259 mi\u00e7manlara da h\u0259rbi haz\u0131rl\u0131q ke\u00e7dikd\u0259n v\u0259 m\u00fc\u0259yy\u0259n edilmi\u015f qaydada imtahan verdikd\u0259n sonra \u201cKi\u00e7ik leytenant\u201d h\u0259rbi r\u00fctb\u0259si veril\u0259c\u0259k.<\/p>\n","protected":false},"excerpt":{"rendered":"<p>Tam orta t\u0259hsilli gizir v\u0259 mi\u00e7manlara \u201cKi\u00e7ik leytenant\u201d h\u0259rbi r\u00fctb\u0259si veril\u0259c\u0259k.. APA-n\u0131n x\u0259b\u0259rin\u0259 g\u00f6r\u0259, bu, Milli M\u0259clisin M\u00fcdafi\u0259, t\u0259hl\u00fck\u0259sizlik v\u0259 korrupsiya il\u0259 m\u00fcbariz\u0259 komit\u0259sinin bu g\u00fcn ke\u00e7iril\u0259n iclas\u0131nda m\u00fczakir\u0259y\u0259 \u00e7\u0131xar\u0131lan v\u0259 parlamentin plenar iclas\u0131na t\u00f6vsiy\u0259 edil\u0259n \u201cH\u0259rbi xidm\u0259tke\u00e7m\u0259 haqq\u0131nda\u201d \u018fsasnam\u0259y\u0259 t\u0259klif edil\u0259n d\u0259yi\u015fiklikd\u0259 \u0259ksini tap\u0131b. Q\u00fcvv\u0259d\u0259 olan qanuna g\u00f6r\u0259, gizir v\u0259 mi\u00e7man v\u0259zif\u0259l\u0259rind\u0259 be\u015f il v\u0259 daha \u00e7ox xidm\u0259t etmi\u015f zabit v\u0259zif\u0259sin\u0259 t\u0259yin edilmi\u015f orta ixtisas v\u0259 ya natamam ali t\u0259hsilli gizir v\u0259 mi\u00e7manlara h\u0259rbi haz\u0131rl\u0131q ke\u00e7dikd\u0259n v\u0259 m\u00fc\u0259yy\u0259n edilmi\u015f qaydada imtahan verdikd\u0259n sonra \u201cKi\u00e7ik leytenant\u201d h\u0259rbi r\u00fctb\u0259si verilib. D\u0259yi\u015fikliy\u0259&hellip;<\/p>\n","protected":false},"author":2,"featured_media":668703,"comment_status":"closed","ping_status":"closed","sticky":false,"template":"","format":"standard","meta":{"om_disable_all_campaigns":false,"_monsterinsights_skip_tracking":false,"_monsterinsights_sitenote_active":false,"_monsterinsights_sitenote_note":"","_monsterinsights_sitenote_category":0},"categories":[1],"tags":[],"aioseo_notices":[],"gutentor_comment":0,"rttpg_featured_image_url":{"full":["https:\/\/arantv.az\/wp-content\/uploads\/2023\/12\/FotoJet-2023-09-27T121247.237.jpg",620,413,false],"landscape":["https:\/\/arantv.az\/wp-content\/uploads\/2023\/12\/FotoJet-2023-09-27T121247.237.jpg",620,413,false],"portraits":["https:\/\/arantv.az\/wp-content\/uploads\/2023\/12\/FotoJet-2023-09-27T121247.237.jpg",620,413,false],"thumbnail":["https:\/\/arantv.az\/wp-content\/uploads\/2023\/12\/FotoJet-2023-09-27T121247.237-500x280.jpg",500,280,true],"medium":["https:\/\/arantv.az\/wp-content\/uploads\/2023\/12\/FotoJet-2023-09-27T121247.237-548x365.jpg",548,365,true],"large":["https:\/\/arantv.az\/wp-content\/uploads\/2023\/12\/FotoJet-2023-09-27T121247.237.jpg",620,413,false],"1536x1536":["https:\/\/arantv.az\/wp-content\/uploads\/2023\/12\/FotoJet-2023-09-27T121247.237.jpg",620,413,false],"2048x2048":["https:\/\/arantv.az\/wp-content\/uploads\/2023\/12\/FotoJet-2023-09-27T121247.237.jpg",620,413,false],"post-thumbnail":["https:\/\/arantv.az\/wp-content\/uploads\/2023\/12\/FotoJet-2023-09-27T121247.237-240x172.jpg",240,172,true],"advps-thumb-one":["https:\/\/arantv.az\/wp-content\/uploads\/2023\/12\/FotoJet-2023-09-27T121247.237.jpg",620,413,false]},"rttpg_author":{"display_name":"V\u00fcsal Rafiqo\u011flu","author_link":"https:\/\/arantv.az\/?author=2"},"rttpg_comment":0,"rttpg_category":"<a href=\"https:\/\/arantv.az\/?cat=1\" rel=\"category\">C\u0259miyy\u0259t<\/a>","rttpg_excerpt":"Tam orta t\u0259hsilli gizir v\u0259 mi\u00e7manlara \u201cKi\u00e7ik leytenant\u201d h\u0259rbi r\u00fctb\u0259si veril\u0259c\u0259k.. APA-n\u0131n x\u0259b\u0259rin\u0259 g\u00f6r\u0259, bu, Milli M\u0259clisin M\u00fcdafi\u0259, t\u0259hl\u00fck\u0259sizlik v\u0259 korrupsiya il\u0259 m\u00fcbariz\u0259 komit\u0259sinin bu g\u00fcn ke\u00e7iril\u0259n iclas\u0131nda m\u00fczakir\u0259y\u0259 \u00e7\u0131xar\u0131lan v\u0259 parlamentin plenar iclas\u0131na t\u00f6vsiy\u0259 edil\u0259n \u201cH\u0259rbi xidm\u0259tke\u00e7m\u0259 haqq\u0131nda\u201d \u018fsasnam\u0259y\u0259 t\u0259klif edil\u0259n d\u0259yi\u015fiklikd\u0259 \u0259ksini tap\u0131b. Q\u00fcvv\u0259d\u0259 olan qanuna g\u00f6r\u0259, gizir v\u0259 mi\u00e7man v\u0259zif\u0259l\u0259rind\u0259 be\u015f il&hellip;","_links":{"self":[{"href":"https:\/\/arantv.az\/index.php?rest_route=\/wp\/v2\/posts\/668702"}],"collection":[{"href":"https:\/\/arantv.az\/index.php?rest_route=\/wp\/v2\/posts"}],"about":[{"href":"https:\/\/arantv.az\/index.php?rest_route=\/wp\/v2\/types\/post"}],"author":[{"embeddable":true,"href":"https:\/\/arantv.az\/index.php?rest_route=\/wp\/v2\/users\/2"}],"replies":[{"embeddable":true,"href":"https:\/\/arantv.az\/index.php?rest_route=%2Fwp%2Fv2%2Fcomments&post=668702"}],"version-history":[{"count":0,"href":"https:\/\/arantv.az\/index.php?rest_route=\/wp\/v2\/posts\/668702\/revisions"}],"wp:featuredmedia":[{"embeddable":true,"href":"https:\/\/arantv.az\/index.php?rest_route=\/wp\/v2\/media\/668703"}],"wp:attachment":[{"href":"https:\/\/arantv.az\/index.php?rest_route=%2Fwp%2Fv2%2Fmedia&parent=668702"}],"wp:term":[{"taxonomy":"category","embeddable":true,"href":"https:\/\/arantv.az\/index.php?rest_route=%2Fwp%2Fv2%2Fcategories&post=668702"},{"taxonomy":"post_tag","embeddable":true,"href":"https:\/\/arantv.az\/index.php?rest_route=%2Fwp%2Fv2%2Ftags&post=668702"}],"curies":[{"name":"wp","href":"https:\/\/api.w.org\/{rel}","templated":true}]}}