{"id":66873,"date":"2019-06-15T13:17:59","date_gmt":"2019-06-15T10:17:59","guid":{"rendered":"http:\/\/arantv.az\/?p=66873"},"modified":"2019-06-15T13:17:59","modified_gmt":"2019-06-15T10:17:59","slug":"xin-erm%c9%99nistanin-mudafi%c9%99-nazirinin-son-h%c9%99r%c9%99k%c9%99tl%c9%99ri-olk%c9%99sinin-t%c9%99cavuzkar-siyas%c9%99tini-novb%c9%99ti-d%c9%99f%c9%99-t%c9%99sdiq-edir","status":"publish","type":"post","link":"https:\/\/arantv.az\/?p=66873","title":{"rendered":"X\u0130N: &#8220;Erm\u0259nistan\u0131n m\u00fcdafi\u0259 nazirinin son h\u0259r\u0259k\u0259tl\u0259ri \u00f6lk\u0259sinin t\u0259cav\u00fczkar siyas\u0259tini n\u00f6vb\u0259ti d\u0259f\u0259 t\u0259sdiq edir&#8221;"},"content":{"rendered":"<p><strong>Az\u0259rbaycan Respublikas\u0131n\u0131n Xarici \u0130\u015fl\u0259r Nazirliyinin m\u0259tbuat xidm\u0259tinin katibi Leyla Abdullayeva son zamanlar Erm\u0259nistan r\u0259smil\u0259rinin bu \u00f6lk\u0259nin i\u015f\u011fal\u00e7\u0131 siyas\u0259tini a\u00e7\u0131q b\u0259yan ed\u0259n \u00e7\u0131x\u0131\u015flar\u0131 v\u0259 h\u0259r\u0259k\u0259tl\u0259ri il\u0259 g\u00fcnd\u0259m\u0259 g\u0259lm\u0259l\u0259rin\u0259 dair m\u00fcnasib\u0259t bildirib.<\/strong><\/p>\n<p><strong>ARANTV.AZ<\/strong> x\u0259b\u0259r verir ki, m\u0259tbuat xidm\u0259tinin r\u0259hb\u0259ri Erm\u0259nistan m\u00fcdafi\u0259 nazirinin Az\u0259rbaycan h\u0259rbi qulluq\u00e7usunu q\u0259tl\u0259 yetir\u0259nl\u0259ri \u015f\u0259xs\u0259n m\u00fckafatland\u0131rmas\u0131, bunun Az\u0259rbaycan v\u0259 Erm\u0259nistan xarici i\u015fl\u0259r nazirl\u0259rinin qar\u015f\u0131dan g\u0259l\u0259n Va\u015f\u0131nqton g\u00f6r\u00fc\u015f\u00fcn\u0259 t\u0259siri bar\u0259d\u0259 dan\u0131\u015faraq deyib:\u00a0&#8220;Erm\u0259nistan el\u0259 \u00f6z\u00fc m\u00fcnaqi\u015f\u0259nin guya ki, \u201cAz\u0259rbaycanla Da\u011fl\u0131q Qaraba\u011f aras\u0131nda olmas\u0131\u201d r\u0259vay\u0259tini yox edir. Bu \u00f6lk\u0259nin m\u00fcdafi\u0259 nazirinin son h\u0259r\u0259k\u0259tl\u0259ri Erm\u0259nistan\u0131n t\u0259cav\u00fczkar siyas\u0259tini n\u00f6vb\u0259ti d\u0259f\u0259 t\u0259sdiq edir. M\u0259hz buna g\u00f6r\u0259 d\u0259 Erm\u0259nistan-Az\u0259rbaycan Da\u011fl\u0131q Qaraba\u011f m\u00fcnaqi\u015f\u0259sinin h\u0259lli \u00fczr\u0259 dan\u0131\u015f\u0131qlar i\u015f\u011fal\u00e7\u0131 Erm\u0259nistanla \u0259razil\u0259ri i\u015f\u011fal olunan Az\u0259rbaycan aras\u0131nda apar\u0131l\u0131r.<\/p>\n<p>M\u00fcnaqi\u015f\u0259nin h\u0259lli \u00fczr\u0259 dan\u0131\u015f\u0131qlar\u0131n m\u00f6vzusuna g\u0259ldikd\u0259, h\u0259r zaman qeyd etmi\u015fik v\u0259 bir daha t\u0259krar etm\u0259k ist\u0259rdik ki, Az\u0259rbaycan\u0131n i\u015f\u011fal olunmu\u015f \u0259razil\u0259rinin i\u015f\u011fal\u00e7\u0131 q\u00fcvv\u0259l\u0259rd\u0259n bo\u015fald\u0131lmas\u0131 v\u0259 az\u0259rbaycanl\u0131 m\u0259cburi k\u00f6\u00e7k\u00fcnl\u0259rin \u00f6z evl\u0259rin\u0259 geri qay\u0131tmas\u0131 m\u00fczakir\u0259l\u0259rin \u0259sas mahiyy\u0259tini t\u0259\u015fkil edir. AT\u018fT-in Minsk Qrupunun 9 mart 2019-cu il tarixli b\u0259yanat\u0131nda m\u00fczakir\u0259l\u0259rin \u0259sas prinsip v\u0259 elementl\u0259rin\u0259 ayd\u0131nl\u0131q g\u0259tirilir. \u018flb\u0259tt\u0259, dan\u0131\u015f\u0131qlar eyni \u00e7\u0259r\u00e7iv\u0259d\u0259 v\u0259 m\u00f6vcud z\u0259min \u0259sas\u0131nda davam etdirilm\u0259lidir. Bundan \u00f6nc\u0259ki g\u00f6r\u00fc\u015fl\u0259rd\u0259 \u0259ld\u0259 edilmi\u015f raz\u0131l\u0131qlar\u0131n, x\u00fcsusil\u0259 d\u0259 Minsk Qrupun h\u0259ms\u0259drl\u0259rinin t\u0259klif etdiyi kimi iki \u00f6lk\u0259 \u0259halisinin s\u00fclh\u0259 haz\u0131rlanmas\u0131 istiqam\u0259tind\u0259 s\u0259yl\u0259r davam etdirilm\u0259lidir, \u00e7\u00fcnki bu, prosesin ir\u0259li apar\u0131lmas\u0131 bax\u0131m\u0131ndan vacibdir.<\/p>\n<p>Va\u015f\u0131nqton g\u00f6r\u00fc\u015f\u00fcnd\u0259n g\u00f6zl\u0259ntiy\u0259 g\u0259ldikd\u0259 is\u0259, h\u0259r bir g\u00f6r\u00fc\u015fd\u0259n g\u00f6zl\u0259nti \u0259lb\u0259tt\u0259, substantiv dan\u0131\u015f\u0131qlarla prosesin ir\u0259li apar\u0131lmas\u0131d\u0131r. Xarici i\u015fl\u0259r nazirl\u0259rinin Moskva g\u00f6r\u00fc\u015f\u00fcn\u00fcn davam\u0131 olaraq, Va\u015f\u0131nqton g\u00f6r\u00fc\u015f\u00fcnd\u0259 \u00fcmid edirik ki, t\u0259r\u0259fl\u0259r daha konkret n\u0259tic\u0259l\u0259r \u0259ld\u0259 ed\u0259c\u0259kl\u0259r. H\u0259m\u00e7inin fikrimizc\u0259, Erm\u0259nistan r\u0259hb\u0259rliyinin m\u00f6vqeyind\u0259ki qeyri-m\u00fc\u0259yy\u0259nliy\u0259 son qoyulmal\u0131d\u0131r. Yaln\u0131z ayd\u0131n m\u00f6vqe, q\u0259tiyy\u0259t v\u0259 siyasi irad\u0259 m\u00fcnaqi\u015f\u0259nin Erm\u0259nistan t\u0259r\u0259finin h\u0259r zaman dediyi kimi \u201cekskl\u00fcziv olaraq s\u00fclh yolu il\u0259 h\u0259llin\u0259\u201d t\u00f6hf\u0259 ver\u0259 bil\u0259r&#8221;.<\/p>\n<p>Musavat.com<\/p>\n","protected":false},"excerpt":{"rendered":"<p>Az\u0259rbaycan Respublikas\u0131n\u0131n Xarici \u0130\u015fl\u0259r Nazirliyinin m\u0259tbuat xidm\u0259tinin katibi Leyla Abdullayeva son zamanlar Erm\u0259nistan r\u0259smil\u0259rinin bu \u00f6lk\u0259nin i\u015f\u011fal\u00e7\u0131 siyas\u0259tini a\u00e7\u0131q b\u0259yan ed\u0259n \u00e7\u0131x\u0131\u015flar\u0131 v\u0259 h\u0259r\u0259k\u0259tl\u0259ri il\u0259 g\u00fcnd\u0259m\u0259 g\u0259lm\u0259l\u0259rin\u0259 dair m\u00fcnasib\u0259t bildirib. ARANTV.AZ x\u0259b\u0259r verir ki, m\u0259tbuat xidm\u0259tinin r\u0259hb\u0259ri Erm\u0259nistan m\u00fcdafi\u0259 nazirinin Az\u0259rbaycan h\u0259rbi qulluq\u00e7usunu q\u0259tl\u0259 yetir\u0259nl\u0259ri \u015f\u0259xs\u0259n m\u00fckafatland\u0131rmas\u0131, bunun Az\u0259rbaycan v\u0259 Erm\u0259nistan xarici i\u015fl\u0259r nazirl\u0259rinin qar\u015f\u0131dan g\u0259l\u0259n Va\u015f\u0131nqton g\u00f6r\u00fc\u015f\u00fcn\u0259 t\u0259siri bar\u0259d\u0259 dan\u0131\u015faraq deyib:\u00a0&#8220;Erm\u0259nistan el\u0259 \u00f6z\u00fc m\u00fcnaqi\u015f\u0259nin guya ki, \u201cAz\u0259rbaycanla Da\u011fl\u0131q Qaraba\u011f aras\u0131nda olmas\u0131\u201d r\u0259vay\u0259tini yox edir. Bu \u00f6lk\u0259nin m\u00fcdafi\u0259 nazirinin son h\u0259r\u0259k\u0259tl\u0259ri Erm\u0259nistan\u0131n t\u0259cav\u00fczkar siyas\u0259tini n\u00f6vb\u0259ti d\u0259f\u0259 t\u0259sdiq edir. M\u0259hz buna&hellip;<\/p>\n","protected":false},"author":2,"featured_media":66874,"comment_status":"closed","ping_status":"closed","sticky":false,"template":"","format":"standard","meta":{"om_disable_all_campaigns":false,"_monsterinsights_skip_tracking":false,"_monsterinsights_sitenote_active":false,"_monsterinsights_sitenote_note":"","_monsterinsights_sitenote_category":0},"categories":[4],"tags":[],"aioseo_notices":[],"gutentor_comment":0,"rttpg_featured_image_url":{"full":["https:\/\/arantv.az\/wp-content\/uploads\/2019\/06\/cc66b48310c9139f987cc05a45523bff.jpg",415,260,false],"landscape":["https:\/\/arantv.az\/wp-content\/uploads\/2019\/06\/cc66b48310c9139f987cc05a45523bff.jpg",415,260,false],"portraits":["https:\/\/arantv.az\/wp-content\/uploads\/2019\/06\/cc66b48310c9139f987cc05a45523bff.jpg",415,260,false],"thumbnail":["https:\/\/arantv.az\/wp-content\/uploads\/2019\/06\/cc66b48310c9139f987cc05a45523bff-150x150.jpg",150,150,true],"medium":["https:\/\/arantv.az\/wp-content\/uploads\/2019\/06\/cc66b48310c9139f987cc05a45523bff-300x188.jpg",300,188,true],"large":["https:\/\/arantv.az\/wp-content\/uploads\/2019\/06\/cc66b48310c9139f987cc05a45523bff.jpg",415,260,false],"1536x1536":["https:\/\/arantv.az\/wp-content\/uploads\/2019\/06\/cc66b48310c9139f987cc05a45523bff.jpg",415,260,false],"2048x2048":["https:\/\/arantv.az\/wp-content\/uploads\/2019\/06\/cc66b48310c9139f987cc05a45523bff.jpg",415,260,false],"post-thumbnail":["https:\/\/arantv.az\/wp-content\/uploads\/2019\/06\/cc66b48310c9139f987cc05a45523bff-240x172.jpg",240,172,true],"advps-thumb-one":["https:\/\/arantv.az\/wp-content\/uploads\/2019\/06\/cc66b48310c9139f987cc05a45523bff.jpg",415,260,false]},"rttpg_author":{"display_name":"V\u00fcsal Rafiqo\u011flu","author_link":"https:\/\/arantv.az\/?author=2"},"rttpg_comment":0,"rttpg_category":"<a href=\"https:\/\/arantv.az\/?cat=4\" rel=\"category\">Siyas\u0259t<\/a>","rttpg_excerpt":"Az\u0259rbaycan Respublikas\u0131n\u0131n Xarici \u0130\u015fl\u0259r Nazirliyinin m\u0259tbuat xidm\u0259tinin katibi Leyla Abdullayeva son zamanlar Erm\u0259nistan r\u0259smil\u0259rinin bu \u00f6lk\u0259nin i\u015f\u011fal\u00e7\u0131 siyas\u0259tini a\u00e7\u0131q b\u0259yan ed\u0259n \u00e7\u0131x\u0131\u015flar\u0131 v\u0259 h\u0259r\u0259k\u0259tl\u0259ri il\u0259 g\u00fcnd\u0259m\u0259 g\u0259lm\u0259l\u0259rin\u0259 dair m\u00fcnasib\u0259t bildirib. ARANTV.AZ x\u0259b\u0259r verir ki, m\u0259tbuat xidm\u0259tinin r\u0259hb\u0259ri Erm\u0259nistan m\u00fcdafi\u0259 nazirinin Az\u0259rbaycan h\u0259rbi qulluq\u00e7usunu q\u0259tl\u0259 yetir\u0259nl\u0259ri \u015f\u0259xs\u0259n m\u00fckafatland\u0131rmas\u0131, bunun Az\u0259rbaycan v\u0259 Erm\u0259nistan xarici i\u015fl\u0259r nazirl\u0259rinin qar\u015f\u0131dan&hellip;","_links":{"self":[{"href":"https:\/\/arantv.az\/index.php?rest_route=\/wp\/v2\/posts\/66873"}],"collection":[{"href":"https:\/\/arantv.az\/index.php?rest_route=\/wp\/v2\/posts"}],"about":[{"href":"https:\/\/arantv.az\/index.php?rest_route=\/wp\/v2\/types\/post"}],"author":[{"embeddable":true,"href":"https:\/\/arantv.az\/index.php?rest_route=\/wp\/v2\/users\/2"}],"replies":[{"embeddable":true,"href":"https:\/\/arantv.az\/index.php?rest_route=%2Fwp%2Fv2%2Fcomments&post=66873"}],"version-history":[{"count":0,"href":"https:\/\/arantv.az\/index.php?rest_route=\/wp\/v2\/posts\/66873\/revisions"}],"wp:featuredmedia":[{"embeddable":true,"href":"https:\/\/arantv.az\/index.php?rest_route=\/wp\/v2\/media\/66874"}],"wp:attachment":[{"href":"https:\/\/arantv.az\/index.php?rest_route=%2Fwp%2Fv2%2Fmedia&parent=66873"}],"wp:term":[{"taxonomy":"category","embeddable":true,"href":"https:\/\/arantv.az\/index.php?rest_route=%2Fwp%2Fv2%2Fcategories&post=66873"},{"taxonomy":"post_tag","embeddable":true,"href":"https:\/\/arantv.az\/index.php?rest_route=%2Fwp%2Fv2%2Ftags&post=66873"}],"curies":[{"name":"wp","href":"https:\/\/api.w.org\/{rel}","templated":true}]}}