{"id":66876,"date":"2019-06-15T13:20:00","date_gmt":"2019-06-15T10:20:00","guid":{"rendered":"http:\/\/arantv.az\/?p=66876"},"modified":"2019-06-15T13:20:00","modified_gmt":"2019-06-15T10:20:00","slug":"son-z%c9%99ngi-calinan-80514-m%c9%99zun","status":"publish","type":"post","link":"https:\/\/arantv.az\/?p=66876","title":{"rendered":"\u201cSon z\u0259ng\u201di \u00e7al\u0131nan 80514 m\u0259zun&#8230;"},"content":{"rendered":"<h3><strong>Bu il bir ne\u00e7\u0259 tan\u0131nm\u0131\u015f jurnalistin d\u0259 \u00f6vlad\u0131 orta m\u0259kt\u0259bi bitirdi<\/strong><\/h3>\n<p><strong>14 iyunda \u00f6lk\u0259nin b\u00fct\u00fcn \u00fcmumt\u0259hsil ocaqlar\u0131nda \u201cSon z\u0259ng\u201d \u00e7al\u0131nd\u0131. Hans\u0131 ki, h\u0259min g\u00fcn\u00fc \u015fagirdl\u0259r ill\u0259rdir g\u00f6zl\u0259yir, tez ya\u015fa dolub, m\u0259kt\u0259bi bitirib, m\u00fcst\u0259qil h\u0259yata do\u011fru add\u0131m atma\u011f\u0131 arzulay\u0131rlar. Bel\u0259likl\u0259, son \u00e7al\u0131nan z\u0259ng h\u0259m d\u0259 m\u0259zunlar\u0131n u\u015faql\u0131q d\u00f6vr\u00fcn\u0259 son, g\u0259ncliy\u0259 do\u011fru add\u0131m dem\u0259kdir&#8230;<\/strong><\/p>\n<p>Statistik m\u0259lumata g\u00f6r\u0259, bu il respublikan\u0131n \u00fcmumt\u0259hsil m\u0259kt\u0259bl\u0259rinin XI sinifl\u0259rini 80514 n\u0259f\u0259r \u015fagird bitirir. Bunlardan 19786 n\u0259f\u0259r \u015fagird paytaxt Bak\u0131n\u0131n pay\u0131na d\u00fc\u015f\u00fcr.<\/p>\n<p>\u201cSon z\u0259ng\u201din tarixi bar\u0259d\u0259&#8230;<\/p>\n<p><strong>T\u0259bii ki, 11-ci sinif \u015fagirdl\u0259ri h\u0259l\u0259 bir ne\u00e7\u0259 ay bundan \u0259vv\u0259l m\u0259zun g\u00fcn\u00fcn\u0259, bu g\u00fcn\u00fcn unudulmaz edilm\u0259si \u00fc\u00e7\u00fcn s\u0259y g\u00f6st\u0259ribl\u0259r. B\u0259s \u201cSon z\u0259ng\u201d n\u0259 zamandan \u00f6lk\u0259mizd\u0259 ke\u00e7irilm\u0259y\u0259 ba\u015flay\u0131b?<\/strong><\/p>\n<p>M\u0259lumata g\u00f6r\u0259, \u201cSon z\u0259ng\u201d t\u0259dbiri \u0259n\u0259n\u0259si sovet hakimiyy\u0259ti qurulduqdan sonra, y\u0259ni 1920-ci ild\u0259 yaran\u0131b. Az\u0259rbaycanda ilk d\u00fcny\u0259vi m\u0259kt\u0259bl\u0259r \u00e7ar Rusiyas\u0131 d\u00f6vr\u00fcnd\u0259 a\u00e7\u0131l\u0131b. M\u0259hz h\u0259min vaxta q\u0259d\u0259r olan t\u0259dris ilinin ilk v\u0259 son g\u00fcn\u00fc haqda he\u00e7 bir fakt yoxdur. Sovet m\u0259kt\u0259bl\u0259ri a\u00e7\u0131ld\u0131qdan sonra m\u0259kt\u0259bl\u0259rd\u0259 may\u0131n 25-i sonuncu d\u0259rs g\u00fcn\u00fc kimi q\u0259bul olunub. Bununla da 2005-ci il\u0259 q\u0259d\u0259r h\u0259r il 25 may tarixi Az\u0259rbaycanda \u201cSon z\u0259ng\u201d kimi qeyd olunub. 2005-ci ild\u0259n 2016-c\u0131 il\u0259 q\u0259d\u0259r is\u0259 may\u0131n 31-d\u0259, son 2 ild\u0259 is\u0259 14 iyunda qeyd olunur.<\/p>\n<p>\u201cSon z\u0259ng\u201di ad\u0259t\u0259n MDB \u00f6lk\u0259l\u0259rind\u0259 qeyd edirl\u0259r. Lakin Az\u0259rbaycandan f\u0259rqli olaraq onlarda bu g\u00fcn \u201cVida\u201d, \u201c\u018flvida\u201d, \u201cM\u0259zun g\u00fcn\u00fc\u201d, \u201cSonuncu g\u00fcn\u201d v\u0259 s. adlan\u0131r. \u201cSon z\u0259ng\u201d ifad\u0259si \u0259sas\u0259n Az\u0259rbaycan, T\u00fcrkiy\u0259 v\u0259 Rusiyada i\u015fl\u0259nir.<\/p>\n<p>Qeyd ed\u0259k ki, \u0259vv\u0259ll\u0259r \u201cSon z\u0259ng\u201d g\u00fcn\u00fc m\u0259zunlar t\u0259r\u0259find\u0259n \u00e7ox t\u0259mt\u0259raql\u0131, \u0259yl\u0259nc\u0259li ke\u00e7irilirdi. Bu g\u00fcnl\u0259 ba\u011fl\u0131 m\u0259kt\u0259bl\u0259rd\u0259 x\u00fcsusi m\u0259rasiml\u0259r t\u0259\u015fkil olunar, ziyaf\u0259tl\u0259r veril\u0259r, m\u0259zunlar \u015f\u0259h\u0259r g\u0259zintisin\u0259 \u00e7\u0131xard\u0131lar. X\u00fcsus\u0259n d\u0259 Bak\u0131da D\u0259nizk\u0259nar\u0131 Bulvarda m\u0259zun \u0259lind\u0259n t\u0259rp\u0259nm\u0259k olmurdu. Lakin 2009-cu ild\u0259n ba\u015flayaraq m\u0259zun g\u00fcn\u00fcn\u00fcn t\u0259mt\u0259raql\u0131 ke\u00e7irilm\u0259sin\u0259 m\u0259hdudiyy\u0259tl\u0259r qoyuldu. S\u0259b\u0259b is\u0259 h\u0259min ilin 30 aprelind\u0259 Az\u0259rbaycan D\u00f6vl\u0259t Neft v\u0259 S\u0259naye Universitetind\u0259 ba\u015f ver\u0259n terror olmu\u015fdu. Sabiq t\u0259hsil naziri Misir M\u0259rdanov h\u0259min ilin \u201cSon z\u0259ng\u201d g\u00fcn\u00fc m\u0259zunlar\u0131 k\u00fctl\u0259vilik yaratmama\u011fa \u00e7a\u011f\u0131rm\u0131\u015fd\u0131. O vaxtdan ba\u015flayaraq\u00a0 \u201cSon z\u0259ng\u201d yaln\u0131z m\u0259kt\u0259b daxilind\u0259 qeyd olunur, k\u00fctl\u0259viliy\u0259 v\u0259 t\u0259mt\u0259raql\u0131\u011fa yol verilmir. T\u0259hsil nazirinin \u0259mrin\u0259 g\u00f6r\u0259 \u201cSon z\u0259ng\u201d t\u0259dbirl\u0259ri m\u00fc\u0259yy\u0259n saat \u0259rzind\u0259 yaln\u0131z t\u0259hsil m\u00fc\u0259ssis\u0259l\u0259rinin \u0259razisind\u0259 ke\u00e7irilm\u0259lidir. \u018fg\u0259r m\u0259zunlar m\u0259kt\u0259bd\u0259nk\u0259nar g\u0259zintil\u0259r\u0259 \u00e7\u0131xarlarsa, buna g\u00f6r\u0259 art\u0131q b\u00fct\u00fcn m\u0259suliyy\u0259ti valideynl\u0259r da\u015f\u0131y\u0131r.<\/p>\n<p><strong>Bak\u0131 m\u0259kt\u0259bl\u0259ri \u201cSon z\u0259ng\u201di nec\u0259 ke\u00e7irdi?<\/strong><\/p>\n<p>M\u0259zun g\u00fcn\u00fcn\u00fc daha yax\u0131ndan m\u00fc\u015fahid\u0259 etm\u0259k \u00fc\u00e7\u00fcn paytaxt\u0131n 61 sayl\u0131 orta m\u0259kt\u0259bind\u0259 olduq. B\u00fct\u00fcn m\u0259kt\u0259bl\u0259rd\u0259 oldu\u011fu kimi, bu m\u0259kt\u0259bd\u0259 d\u0259 m\u0259zun g\u00fcn\u00fc m\u00fc\u0259ssis\u0259d\u0259 t\u0259\u015fkil olunmu\u015fdu.\u00a0 \u015eagirdl\u0259r q\u0259d\u0259r valideynl\u0259r d\u0259, m\u00fc\u0259lliml\u0259r d\u0259 h\u0259y\u0259canl\u0131 idil\u0259r. M\u0259zunlar\u0131n \u00fcz\u00fcnd\u0259 h\u0259m sevinc, h\u0259m d\u0259 k\u0259d\u0259r hissi var idi. Ke\u00e7iril\u0259n t\u0259dbird\u0259 m\u0259kt\u0259b direktoru \u00f6z arzular\u0131n\u0131 v\u0259 t\u00f6vsiy\u0259l\u0259rini bildirdi, daha sonra son z\u0259ng \u00e7al\u0131nd\u0131.<\/p>\n<p>M\u0259zunlar\u0131n bu g\u00fcnl\u0259 ba\u011fl\u0131 t\u0259\u0259ss\u00fcratlar\u0131n\u0131 \u00f6yr\u0259nm\u0259y\u0259 \u00e7al\u0131\u015fd\u0131q. 11-ci sinif m\u0259zunu Ramin Yadigarov qar\u0131\u015f\u0131q hissl\u0259r ya\u015fad\u0131\u011f\u0131n\u0131 dedi: \u201cH\u0259m sevincliy\u0259m, h\u0259m d\u0259 bir q\u0259d\u0259r \u00f6z\u00fcmd\u0259n as\u0131l\u0131 olmayaraq k\u0259d\u0259rliy\u0259m. Bu g\u00fcn u\u015faql\u0131q d\u00f6vr\u00fcm\u00fcz\u0259 \u0259lvida deyirik&#8230; G\u0259l\u0259c\u0259kd\u0259 polis olma\u011f\u0131 d\u00fc\u015f\u00fcn\u00fcr\u0259m. B\u00fct\u00fcn m\u0259zunlara, o c\u00fcml\u0259d\u0259n \u00f6z\u00fcm\u0259 u\u011furlar dil\u0259yir\u0259m\u201d.<\/p>\n<p><strong>M\u0259zun \u0130smay\u0131l M\u00fcrs\u0259lov sevincl\u0259 bu il 450 bal toplad\u0131\u011f\u0131n\u0131 v\u0259 \u0130n\u015faat Universitetinin t\u0259l\u0259b\u0259si olmaq ist\u0259diyini dedi:<\/strong><\/p>\n<p>\u201cH\u0259m valideynl\u0259r, h\u0259m d\u0259 bizl\u0259r \u00e7ox sevinirik. Bu g\u00fcn ham\u0131m\u0131z\u0131n bayram\u0131d\u0131r. Bu q\u0259d\u0259r sevincli olma\u011f\u0131m\u0131n bir s\u0259b\u0259bi d\u0259 var, m\u0259kt\u0259bi t\u0259\u015f\u0259kk\u00fcrnam\u0259 il\u0259 bitirir\u0259m\u201d.<\/p>\n<p><strong>Fidan adl\u0131 m\u0259zun da \u00f6z t\u0259\u0259ss\u00fcratlar\u0131n\u0131 biziml\u0259 b\u00f6l\u00fc\u015fm\u0259y\u0259 \u00e7al\u0131\u015fd\u0131:<\/strong><\/p>\n<p>\u201c\u00c7ox sevincliyik. Bu t\u0259dbiri ke\u00e7irm\u0259k \u00fc\u00e7\u00fcn \u00e7ox haz\u0131rla\u015fm\u0131\u015fd\u0131q&#8230; M\u0259n q\u0259bul imtahanlar\u0131nda 230 bal toplam\u0131\u015fam v\u0259 g\u0259l\u0259c\u0259kd\u0259 Odlar Yurdu Universitetinin t\u0259l\u0259b\u0259si olmaq ist\u0259yir\u0259m. Yax\u0131n g\u0259l\u0259c\u0259kd\u0259 bizi \u00e7ox s\u0131naqlar g\u00f6zl\u0259yir\u201d.<\/p>\n<p><strong>T\u0259hl\u00fck\u0259sizlik t\u0259dbirl\u0259ri<\/strong><\/p>\n<p>H\u0259l\u0259 bir ne\u00e7\u0259 g\u00fcn bundan \u0259vv\u0259l t\u0259hsil naziri m\u0259zun g\u00fcn\u00fc il\u0259 \u0259laq\u0259dar \u0259mr imzalam\u0131\u015fd\u0131. H\u0259min \u0259mrd\u0259 \u015fagirdl\u0259rin t\u0259hl\u00fck\u0259sizliyinin t\u0259min olunmas\u0131 \u00fc\u00e7\u00fcn z\u0259ruri t\u0259dbirl\u0259rin g\u00f6r\u00fclm\u0259si \u0259ks olunmu\u015f, \u00f6lk\u0259mizin \u00fcmumt\u0259hsil m\u0259kt\u0259bl\u0259rind\u0259 t\u0259\u015fkil olunan \u201cSon z\u0259ng\u201d t\u0259dbirind\u0259 valideyn komit\u0259l\u0259ri, valideyn-m\u00fc\u0259llim assosiasiyalar\u0131 v\u0259 ictimaiyy\u0259t n\u00fcmay\u0259nd\u0259l\u0259ri, m\u0259kt\u0259b m\u0259zunlar\u0131n\u0131n i\u015ftirak\u0131 t\u00f6vsiy\u0259 edilmi\u015fdi.<\/p>\n<p>Bak\u0131 \u015e\u0259h\u0259r D\u00f6vl\u0259t Yol Polisi \u0130dar\u0259si, el\u0259c\u0259 d\u0259 rayon D\u00f6vl\u0259t Yol Polisi \u015f\u00f6b\u0259l\u0259ri m\u0259zun g\u00fcn\u00fc g\u00fccl\u0259ndirilmi\u015f i\u015f rejimind\u0259 \u00e7al\u0131\u015f\u0131blar. T\u0259sdiq olunmu\u015f plana \u0259sas\u0259n, yol polisi b\u00fct\u00fcn orta m\u0259kt\u0259bl\u0259rin giri\u015f qap\u0131s\u0131na 4 b\u0259ndd\u0259n ibar\u0259t x\u0259b\u0259rdarl\u0131q m\u00fcraci\u0259tl\u0259ri vurulub. M\u00fcraci\u0259td\u0259 m\u0259zunlara v\u0259 onlar\u0131n valideynl\u0259rin\u0259 x\u0259b\u0259rdarl\u0131q olunub, bildirilib ki, m\u0259zun g\u00fcn\u00fc valideynl\u0259r \u00f6z avtomobill\u0259rini m\u0259zunlara h\u0259val\u0259 etm\u0259sinl\u0259r. M\u0259zunlar da valideynl\u0259rinin, yax\u0131n qohumlar\u0131n\u0131n icaz\u0259si olub-olmadan onlar\u0131n avtomobilini g\u00f6t\u00fcr\u00fcb k\u00fc\u00e7\u0259l\u0259rd\u0259 idar\u0259 etm\u0259sinl\u0259r. Bu onlar\u0131n inzibati m\u0259suliyy\u0259t\u0259 c\u0259lb olunmas\u0131na s\u0259b\u0259b olacaq. DYP valideynl\u0259r v\u0259 m\u0259zunlar\u0131n diqq\u0259tin\u0259 \u00e7atd\u0131r\u0131b ki, \u201cSon z\u0259ng\u201d g\u00fcn\u00fc b\u00fct\u00fcn m\u0259kt\u0259bl\u0259rin \u0259razisi yol polisi \u0259m\u0259kda\u015flar\u0131 t\u0259r\u0259find\u0259n n\u0259zar\u0259t\u0259 g\u00f6t\u00fcr\u00fcl\u0259c\u0259k v\u0259 h\u0259r hans\u0131 neqativ hala yol verildikd\u0259 d\u0259rhal m\u00fcvafiq add\u0131mlar at\u0131lacaq. S\u00fcr\u00fcc\u00fc v\u0259 piyadalara is\u0259 t\u00f6vsiy\u0259 olunub ki, yol h\u0259r\u0259k\u0259ti qaydalar\u0131na riay\u0259t etsinl\u0259r v\u0259 son z\u0259ng t\u0259dbirl\u0259rinin t\u0259hl\u00fck\u0259sizlik \u015f\u0259kild\u0259 ba\u015fa \u00e7atmas\u0131na t\u00f6hf\u0259 versinl\u0259r.<\/p>\n<p><strong>Onu da \u0259lav\u0259 ed\u0259k ki, bu il \u00f6vladlar\u0131 m\u0259zun olan valideynl\u0259r aras\u0131nda tan\u0131nm\u0131\u015f jurnalistl\u0259r d\u0259 var.<\/strong><\/p>\n<p><img src=\"https:\/\/scontent.fgyd8-1.fna.fbcdn.net\/v\/t1.0-9\/64228123_2454493347903576_5456281785178521600_n.jpg?_nc_cat=103&amp;_nc_ht=scontent.fgyd8-1.fna&amp;oh=c2deecd8600cdaffad86c915668e0887&amp;oe=5D956A8C\" alt=\"Azer Ayxan adl\u00c4\u00b1 \u00c5\u009f\u00c9\u0099xsin \u00c5\u009f\u00c9\u0099kli.\" \/><\/p>\n<p><strong>\u201cYeni M\u00fcsavat\u201d q\u0259zetinin ba\u015f redaktorunun birinci m\u00fcavini Az\u0259r Ayxan \u00f6vlad\u0131 m\u0259zun olan valideynl\u0259r s\u0131ras\u0131ndad\u0131r. Bel\u0259 ki, Az\u0259r Ayxan\u0131n q\u0131z\u0131 Ayan orta m\u0259kt\u0259b\u0259 \u0259lvida deyib. Ba\u015f redaktorun m\u00fcavini \u00f6z sevincini sosial \u015f\u0259b\u0259k\u0259d\u0259 bu c\u00fcr bildirib:<\/strong><\/p>\n<p>\u201cBu g\u00fcn \u00f6vlad\u0131m\u0131z Ayan xan\u0131m\u0131n m\u0259zun g\u00fcn\u00fcd\u00fcr. Q\u0131z\u0131mla b\u0259rab\u0259r b\u00fct\u00fcn \u00f6lk\u0259 m\u0259zunlar\u0131n\u0131 t\u0259brik edir\u0259m. U\u011furlar\u0131n\u0131z bol olsun, g\u0259ncl\u0259r\u201d.<\/p>\n<p><img loading=\"lazy\" src=\"https:\/\/cdn.musavat.com\/news\/video\/62489471_2257638580957297_2604706027878219776_n.jpg\" alt=\"62489471_2257638580957297_2604706027878219776_n.jpg (68 KB)\" width=\"720\" height=\"575\" \/><\/p>\n<p><strong>\u201cXural\u201d q\u0259zetinin ba\u015f redaktoru \u018fv\u0259z Zeynall\u0131n\u0131n da q\u0131z\u0131 Banun\u00e7i\u00e7\u0259k m\u0259zun olub. Ba\u015f redaktor sosial \u015f\u0259b\u0259k\u0259d\u0259 q\u0131z\u0131 il\u0259 birg\u0259 fotosunu payla\u015faraq, ona u\u011furlar dil\u0259yib.<\/strong><\/p>\n<p><strong><img src=\"https:\/\/scontent.fgyd8-1.fna.fbcdn.net\/v\/t1.0-9\/64488107_10214502507497412_9127565906484920320_n.jpg?_nc_cat=100&amp;_nc_ht=scontent.fgyd8-1.fna&amp;oh=05a0584acc744035f5b052a1647ea8f4&amp;oe=5D90BFE0\" alt=\"Ayg\u00c3\u00bcn Muradxanl\u00c4\u00b1 adl\u00c4\u00b1 \u00c5\u009f\u00c9\u0099xsin \u00c5\u009f\u00c9\u0099kli.\" \/><\/strong><\/p>\n<p><strong>Tan\u0131nm\u0131\u015f jurnalist Ayg\u00fcn Muradxanl\u0131n\u0131n q\u0131z\u0131 Humay<\/strong>\u00a0da m\u0259zun olub. Jurnalistin q\u0131z\u0131 Bak\u0131 Atat\u00fcrk Liseyind\u0259 t\u0259hsilini ba\u015fa vurub.<\/p>\n<p><img src=\"https:\/\/scontent.fgyd8-1.fna.fbcdn.net\/v\/t1.0-9\/64349043_2277716212478455_682321860674715648_n.jpg?_nc_cat=107&amp;_nc_ht=scontent.fgyd8-1.fna&amp;oh=645180c57ae1acdf7875b35580b8dd35&amp;oe=5D97E038\" alt=\"Leman Ele\u00c5\u009frefq\u00c4\u00b1z\u00c4\u00b1 adl\u00c4\u00b1 \u00c5\u009f\u00c9\u0099xsin \u00c5\u009f\u00c9\u0099kli.\" \/><\/p>\n<p><strong>\u018fm\u0259kdar jurnalist L\u0259man \u018fl\u0259\u015fr\u0259fq\u0131z\u0131n\u0131n is\u0259 o\u011flu m\u0259zun olub.<\/strong>\u00a0Jurnalist sosial \u015f\u0259b\u0259k\u0259d\u0259 \u201cM\u0259zun da oldu, u\u011furlar, o\u011flum!\u201d yaz\u0131b.<\/p>\n<p><img loading=\"lazy\" src=\"https:\/\/scontent.fgyd8-1.fna.fbcdn.net\/v\/t1.0-9\/64317672_10214521165406448_1455700120401084416_n.jpg?_nc_cat=100&amp;_nc_ht=scontent.fgyd8-1.fna&amp;oh=ecdf3b4e118909e2700a85ff2edc7d7b&amp;oe=5D9789B7\" alt=\"Az\u00c9\u0099r R\u00c9\u0099\u00c5\u009fido\u00c4\u009flu adl\u00c4\u00b1 \u00c5\u009f\u00c9\u0099xsin \u00c5\u009f\u00c9\u0099kli.\" width=\"606\" height=\"1091\" \/><\/p>\n<p><strong>Jurnalist Az\u0259r R\u0259\u015fido\u011flunun o\u011flu R\u0259\u015fid<\/strong>\u00a0d\u0259 m\u0259zunlar\u0131n s\u0131ras\u0131nda olub.<\/p>\n<p><img loading=\"lazy\" src=\"https:\/\/scontent.fgyd8-1.fna.fbcdn.net\/v\/t1.0-9\/64252378_1282389808604231_7268388354910060544_n.jpg?_nc_cat=104&amp;_nc_ht=scontent.fgyd8-1.fna&amp;oh=d1ad61ac29c028dea01980b82ac49a67&amp;oe=5D84F89E\" alt=\"Tale Asadov adl\u00c4\u00b1 \u00c5\u009f\u00c9\u0099xsin \u00c5\u009f\u00c9\u0099kli.\" width=\"721\" height=\"899\" \/><\/p>\n<p>Q\u0259zetimizin sabiq \u0259m\u0259kda\u015f\u0131, haz\u0131rda \u0130sve\u00e7r\u0259d\u0259 biznesl\u0259 m\u0259\u015f\u011ful olan\u00a0<strong>Kamil Ta\u011f\u0131soyun o\u011flu Turan Ta\u011f\u0131yev<\/strong>\u00a0d\u0259 m\u0259zun olan abituriyentl\u0259rd\u0259ndir.<\/p>\n<p><strong>Xalid\u0259 G\u018fRAY,<\/strong><br \/>\n<strong>\u201cYeni M\u00fcsavat\u201d<\/strong><\/p>\n<div>\n<div class=\"form-group\"><img class=\"img-responsive\" src=\"https:\/\/a.radikal.ru\/a26\/1906\/44\/82e566a5ed8e.jpg\" \/><\/div>\n<div class=\"form-group\"><img class=\"img-responsive\" src=\"https:\/\/c.radikal.ru\/c23\/1906\/e4\/5ac7254a029d.jpg\" \/><\/div>\n<div class=\"form-group\"><img class=\"img-responsive\" src=\"https:\/\/a.radikal.ru\/a01\/1906\/85\/bd674168d762.jpg\" \/><\/div>\n<div class=\"form-group\"><img class=\"img-responsive\" src=\"https:\/\/b.radikal.ru\/b02\/1906\/7c\/246f57d6ec17.jpg\" \/><\/div>\n<div class=\"form-group\"><img class=\"img-responsive\" src=\"https:\/\/d.radikal.ru\/d08\/1906\/7e\/9cddb1e5ed18.jpg\" \/><\/div>\n<div class=\"form-group\"><img class=\"img-responsive\" src=\"https:\/\/b.radikal.ru\/b14\/1906\/9a\/24aab2b591e7.jpg\" \/><\/div>\n<\/div>\n","protected":false},"excerpt":{"rendered":"<p>Bu il bir ne\u00e7\u0259 tan\u0131nm\u0131\u015f jurnalistin d\u0259 \u00f6vlad\u0131 orta m\u0259kt\u0259bi bitirdi 14 iyunda \u00f6lk\u0259nin b\u00fct\u00fcn \u00fcmumt\u0259hsil ocaqlar\u0131nda \u201cSon z\u0259ng\u201d \u00e7al\u0131nd\u0131. Hans\u0131 ki, h\u0259min g\u00fcn\u00fc \u015fagirdl\u0259r ill\u0259rdir g\u00f6zl\u0259yir, tez ya\u015fa dolub, m\u0259kt\u0259bi bitirib, m\u00fcst\u0259qil h\u0259yata do\u011fru add\u0131m atma\u011f\u0131 arzulay\u0131rlar. Bel\u0259likl\u0259, son \u00e7al\u0131nan z\u0259ng h\u0259m d\u0259 m\u0259zunlar\u0131n u\u015faql\u0131q d\u00f6vr\u00fcn\u0259 son, g\u0259ncliy\u0259 do\u011fru add\u0131m dem\u0259kdir&#8230; Statistik m\u0259lumata g\u00f6r\u0259, bu il respublikan\u0131n \u00fcmumt\u0259hsil m\u0259kt\u0259bl\u0259rinin XI sinifl\u0259rini 80514 n\u0259f\u0259r \u015fagird bitirir. Bunlardan 19786 n\u0259f\u0259r \u015fagird paytaxt Bak\u0131n\u0131n pay\u0131na d\u00fc\u015f\u00fcr. \u201cSon z\u0259ng\u201din tarixi bar\u0259d\u0259&#8230; T\u0259bii ki, 11-ci sinif \u015fagirdl\u0259ri h\u0259l\u0259 bir ne\u00e7\u0259 ay bundan \u0259vv\u0259l m\u0259zun&hellip;<\/p>\n","protected":false},"author":2,"featured_media":66877,"comment_status":"closed","ping_status":"closed","sticky":false,"template":"","format":"standard","meta":{"om_disable_all_campaigns":false,"_monsterinsights_skip_tracking":false,"_monsterinsights_sitenote_active":false,"_monsterinsights_sitenote_note":"","_monsterinsights_sitenote_category":0},"categories":[1],"tags":[],"aioseo_notices":[],"gutentor_comment":0,"rttpg_featured_image_url":{"full":["https:\/\/arantv.az\/wp-content\/uploads\/2019\/06\/6573edfc438b0f95b63939ccbbc3635b.jpg",450,300,false],"landscape":["https:\/\/arantv.az\/wp-content\/uploads\/2019\/06\/6573edfc438b0f95b63939ccbbc3635b.jpg",450,300,false],"portraits":["https:\/\/arantv.az\/wp-content\/uploads\/2019\/06\/6573edfc438b0f95b63939ccbbc3635b.jpg",450,300,false],"thumbnail":["https:\/\/arantv.az\/wp-content\/uploads\/2019\/06\/6573edfc438b0f95b63939ccbbc3635b-150x150.jpg",150,150,true],"medium":["https:\/\/arantv.az\/wp-content\/uploads\/2019\/06\/6573edfc438b0f95b63939ccbbc3635b-300x200.jpg",300,200,true],"large":["https:\/\/arantv.az\/wp-content\/uploads\/2019\/06\/6573edfc438b0f95b63939ccbbc3635b.jpg",450,300,false],"1536x1536":["https:\/\/arantv.az\/wp-content\/uploads\/2019\/06\/6573edfc438b0f95b63939ccbbc3635b.jpg",450,300,false],"2048x2048":["https:\/\/arantv.az\/wp-content\/uploads\/2019\/06\/6573edfc438b0f95b63939ccbbc3635b.jpg",450,300,false],"post-thumbnail":["https:\/\/arantv.az\/wp-content\/uploads\/2019\/06\/6573edfc438b0f95b63939ccbbc3635b-240x172.jpg",240,172,true],"advps-thumb-one":["https:\/\/arantv.az\/wp-content\/uploads\/2019\/06\/6573edfc438b0f95b63939ccbbc3635b.jpg",450,300,false]},"rttpg_author":{"display_name":"V\u00fcsal Rafiqo\u011flu","author_link":"https:\/\/arantv.az\/?author=2"},"rttpg_comment":0,"rttpg_category":"<a href=\"https:\/\/arantv.az\/?cat=1\" rel=\"category\">C\u0259miyy\u0259t<\/a>","rttpg_excerpt":"Bu il bir ne\u00e7\u0259 tan\u0131nm\u0131\u015f jurnalistin d\u0259 \u00f6vlad\u0131 orta m\u0259kt\u0259bi bitirdi 14 iyunda \u00f6lk\u0259nin b\u00fct\u00fcn \u00fcmumt\u0259hsil ocaqlar\u0131nda \u201cSon z\u0259ng\u201d \u00e7al\u0131nd\u0131. Hans\u0131 ki, h\u0259min g\u00fcn\u00fc \u015fagirdl\u0259r ill\u0259rdir g\u00f6zl\u0259yir, tez ya\u015fa dolub, m\u0259kt\u0259bi bitirib, m\u00fcst\u0259qil h\u0259yata do\u011fru add\u0131m atma\u011f\u0131 arzulay\u0131rlar. Bel\u0259likl\u0259, son \u00e7al\u0131nan z\u0259ng h\u0259m d\u0259 m\u0259zunlar\u0131n u\u015faql\u0131q d\u00f6vr\u00fcn\u0259 son, g\u0259ncliy\u0259 do\u011fru add\u0131m dem\u0259kdir&#8230; Statistik m\u0259lumata g\u00f6r\u0259,&hellip;","_links":{"self":[{"href":"https:\/\/arantv.az\/index.php?rest_route=\/wp\/v2\/posts\/66876"}],"collection":[{"href":"https:\/\/arantv.az\/index.php?rest_route=\/wp\/v2\/posts"}],"about":[{"href":"https:\/\/arantv.az\/index.php?rest_route=\/wp\/v2\/types\/post"}],"author":[{"embeddable":true,"href":"https:\/\/arantv.az\/index.php?rest_route=\/wp\/v2\/users\/2"}],"replies":[{"embeddable":true,"href":"https:\/\/arantv.az\/index.php?rest_route=%2Fwp%2Fv2%2Fcomments&post=66876"}],"version-history":[{"count":0,"href":"https:\/\/arantv.az\/index.php?rest_route=\/wp\/v2\/posts\/66876\/revisions"}],"wp:featuredmedia":[{"embeddable":true,"href":"https:\/\/arantv.az\/index.php?rest_route=\/wp\/v2\/media\/66877"}],"wp:attachment":[{"href":"https:\/\/arantv.az\/index.php?rest_route=%2Fwp%2Fv2%2Fmedia&parent=66876"}],"wp:term":[{"taxonomy":"category","embeddable":true,"href":"https:\/\/arantv.az\/index.php?rest_route=%2Fwp%2Fv2%2Fcategories&post=66876"},{"taxonomy":"post_tag","embeddable":true,"href":"https:\/\/arantv.az\/index.php?rest_route=%2Fwp%2Fv2%2Ftags&post=66876"}],"curies":[{"name":"wp","href":"https:\/\/api.w.org\/{rel}","templated":true}]}}