{"id":66883,"date":"2019-06-15T13:27:49","date_gmt":"2019-06-15T10:27:49","guid":{"rendered":"http:\/\/arantv.az\/?p=66883"},"modified":"2019-06-15T13:27:49","modified_gmt":"2019-06-15T10:27:49","slug":"kecmis-nazir-mulk-davasina-basladi-sirk%c9%99ti-m%c9%99hk%c9%99m%c9%99y%c9%99-verdi","status":"publish","type":"post","link":"https:\/\/arantv.az\/?p=66883","title":{"rendered":"Ke\u00e7mi\u015f nazir m\u00fclk davas\u0131na ba\u015flad\u0131 &#8211; \u015eirk\u0259ti m\u0259hk\u0259m\u0259y\u0259 verdi"},"content":{"rendered":"<p><strong>Ke\u00e7mi\u015f \u018fm\u0259k v\u0259 \u018fhalinin Sosial M\u00fcdafi\u0259si naziri F\u00fczuli \u018fl\u0259kb\u0259rov Bak\u0131n\u0131n S\u0259bail rayonu \u0259razisind\u0259 yerl\u0259\u015f\u0259n m\u00fclkiyy\u0259tin ona m\u0259xsus oldu\u011funu iddia ed\u0259r\u0259k, h\u0259min \u0259razinin bo\u015fald\u0131lmas\u0131n\u0131 t\u0259l\u0259b edir. Sabiq nazir bundan \u00f6tr\u00fc m\u0259hk\u0259m\u0259y\u0259 m\u00fcraci\u0259t edib.<\/strong><\/p>\n<p><strong>ARANTV.AZ\u00a0<\/strong>\u00a0 Bizimyol.info-ya istinad\u0259n x\u0259b\u0259r verir ki, F.\u018fl\u0259kb\u0259rov \u201cM\u0259lah\u0259t\u201d MMC-y\u0259 qar\u015f\u0131 iddia qald\u0131r\u0131b. Cavabdeh qismind\u0259 h\u0259m d\u0259 Da\u015f\u0131nmaz \u018fmlak\u0131n D\u00f6vl\u0259t Reyestr Xidm\u0259tinin Bak\u0131 \u018frazi \u0130dar\u0259sini qoyub.<\/p>\n<p>Sabiq nazir iddia edir ki, haz\u0131rda \u201cM\u0259lah\u0259t\u201d MMC-nin istifad\u0259sind\u0259 olan m\u00fclkiyy\u0259t \u0259slind\u0259 ona m\u0259xsusdur. O, h\u0259min \u0259mlak\u0131n bo\u015fald\u0131lmas\u0131n\u0131, bu g\u00fcn\u0259d\u0259k h\u0259min m\u00fclkiyy\u0259td\u0259n istifad\u0259 ed\u0259 bilm\u0259diyin\u0259 g\u00f6r\u0259 ona d\u0259ymi\u015f ziyan\u0131n \u00f6d\u0259nilm\u0259sini t\u0259l\u0259b edir.Qar\u015f\u0131 t\u0259r\u0259f is\u0259 sabiq nazirin iddias\u0131n\u0131 \u0259sass\u0131z say\u0131r. Bildirir ki, h\u0259min \u0259mlak \u201cM\u0259lah\u0259t\u201d MMC-y\u0259 m\u0259xsusdur, bunu t\u0259sdiql\u0259y\u0259n s\u00fcbutlar da var.<\/p>\n<p>Bu i\u015f\u0259 S\u0259bail rayon M\u0259hk\u0259m\u0259sind\u0259 hakim M\u0259din\u0259 Ba\u011f\u0131rova bax\u0131r. M\u0259hk\u0259m\u0259d\u0259 F.\u018fl\u0259kb\u0259rovun n\u00fcmay\u0259nd\u0259si v\u0259sat\u0259t qald\u0131r\u0131b ki, bu i\u015f\u0259 bax\u0131l\u0131b yekun q\u0259rar \u00e7\u0131xar\u0131lana q\u0259d\u0259r m\u00fcbahis\u0259li m\u00fclkiyy\u0259tl\u0259 ba\u011fl\u0131 h\u0259r hans\u0131 h\u00fcquqi add\u0131m\u0131n at\u0131lmas\u0131 (sat\u0131lmas\u0131, girov qoyulmas\u0131), istifad\u0259si qada\u011fan edilsin. Hakim d\u0259 bu v\u0259sat\u0259ti t\u0259min edib.<\/p>\n<p>Cavabdeh t\u0259r\u0259f bu q\u0259rardan apellyasiya \u015fikay\u0259ti verib. \u0130yunun 18-d\u0259 Bak\u0131 Apellyasiya M\u0259hk\u0259m\u0259sind\u0259 h\u0259min \u015fikay\u0259t\u0259 bax\u0131lacaq.<\/p>\n","protected":false},"excerpt":{"rendered":"<p>Ke\u00e7mi\u015f \u018fm\u0259k v\u0259 \u018fhalinin Sosial M\u00fcdafi\u0259si naziri F\u00fczuli \u018fl\u0259kb\u0259rov Bak\u0131n\u0131n S\u0259bail rayonu \u0259razisind\u0259 yerl\u0259\u015f\u0259n m\u00fclkiyy\u0259tin ona m\u0259xsus oldu\u011funu iddia ed\u0259r\u0259k, h\u0259min \u0259razinin bo\u015fald\u0131lmas\u0131n\u0131 t\u0259l\u0259b edir. Sabiq nazir bundan \u00f6tr\u00fc m\u0259hk\u0259m\u0259y\u0259 m\u00fcraci\u0259t edib. ARANTV.AZ\u00a0\u00a0 Bizimyol.info-ya istinad\u0259n x\u0259b\u0259r verir ki, F.\u018fl\u0259kb\u0259rov \u201cM\u0259lah\u0259t\u201d MMC-y\u0259 qar\u015f\u0131 iddia qald\u0131r\u0131b. Cavabdeh qismind\u0259 h\u0259m d\u0259 Da\u015f\u0131nmaz \u018fmlak\u0131n D\u00f6vl\u0259t Reyestr Xidm\u0259tinin Bak\u0131 \u018frazi \u0130dar\u0259sini qoyub. Sabiq nazir iddia edir ki, haz\u0131rda \u201cM\u0259lah\u0259t\u201d MMC-nin istifad\u0259sind\u0259 olan m\u00fclkiyy\u0259t \u0259slind\u0259 ona m\u0259xsusdur. O, h\u0259min \u0259mlak\u0131n bo\u015fald\u0131lmas\u0131n\u0131, bu g\u00fcn\u0259d\u0259k h\u0259min m\u00fclkiyy\u0259td\u0259n istifad\u0259 ed\u0259 bilm\u0259diyin\u0259 g\u00f6r\u0259 ona d\u0259ymi\u015f ziyan\u0131n \u00f6d\u0259nilm\u0259sini t\u0259l\u0259b edir.Qar\u015f\u0131 t\u0259r\u0259f&hellip;<\/p>\n","protected":false},"author":2,"featured_media":66884,"comment_status":"closed","ping_status":"closed","sticky":false,"template":"","format":"standard","meta":{"om_disable_all_campaigns":false,"_monsterinsights_skip_tracking":false,"_monsterinsights_sitenote_active":false,"_monsterinsights_sitenote_note":"","_monsterinsights_sitenote_category":0},"categories":[1],"tags":[],"aioseo_notices":[],"gutentor_comment":0,"rttpg_featured_image_url":{"full":["https:\/\/arantv.az\/wp-content\/uploads\/2019\/06\/1560593660.fuzuli.jpg",600,400,false],"landscape":["https:\/\/arantv.az\/wp-content\/uploads\/2019\/06\/1560593660.fuzuli.jpg",600,400,false],"portraits":["https:\/\/arantv.az\/wp-content\/uploads\/2019\/06\/1560593660.fuzuli.jpg",600,400,false],"thumbnail":["https:\/\/arantv.az\/wp-content\/uploads\/2019\/06\/1560593660.fuzuli-150x150.jpg",150,150,true],"medium":["https:\/\/arantv.az\/wp-content\/uploads\/2019\/06\/1560593660.fuzuli-300x200.jpg",300,200,true],"large":["https:\/\/arantv.az\/wp-content\/uploads\/2019\/06\/1560593660.fuzuli.jpg",600,400,false],"1536x1536":["https:\/\/arantv.az\/wp-content\/uploads\/2019\/06\/1560593660.fuzuli.jpg",600,400,false],"2048x2048":["https:\/\/arantv.az\/wp-content\/uploads\/2019\/06\/1560593660.fuzuli.jpg",600,400,false],"post-thumbnail":["https:\/\/arantv.az\/wp-content\/uploads\/2019\/06\/1560593660.fuzuli-240x172.jpg",240,172,true],"advps-thumb-one":["https:\/\/arantv.az\/wp-content\/uploads\/2019\/06\/1560593660.fuzuli.jpg",600,400,false]},"rttpg_author":{"display_name":"V\u00fcsal Rafiqo\u011flu","author_link":"https:\/\/arantv.az\/?author=2"},"rttpg_comment":0,"rttpg_category":"<a href=\"https:\/\/arantv.az\/?cat=1\" rel=\"category\">C\u0259miyy\u0259t<\/a>","rttpg_excerpt":"Ke\u00e7mi\u015f \u018fm\u0259k v\u0259 \u018fhalinin Sosial M\u00fcdafi\u0259si naziri F\u00fczuli \u018fl\u0259kb\u0259rov Bak\u0131n\u0131n S\u0259bail rayonu \u0259razisind\u0259 yerl\u0259\u015f\u0259n m\u00fclkiyy\u0259tin ona m\u0259xsus oldu\u011funu iddia ed\u0259r\u0259k, h\u0259min \u0259razinin bo\u015fald\u0131lmas\u0131n\u0131 t\u0259l\u0259b edir. Sabiq nazir bundan \u00f6tr\u00fc m\u0259hk\u0259m\u0259y\u0259 m\u00fcraci\u0259t edib. ARANTV.AZ\u00a0\u00a0 Bizimyol.info-ya istinad\u0259n x\u0259b\u0259r verir ki, F.\u018fl\u0259kb\u0259rov \u201cM\u0259lah\u0259t\u201d MMC-y\u0259 qar\u015f\u0131 iddia qald\u0131r\u0131b. Cavabdeh qismind\u0259 h\u0259m d\u0259 Da\u015f\u0131nmaz \u018fmlak\u0131n D\u00f6vl\u0259t Reyestr Xidm\u0259tinin Bak\u0131 \u018frazi&hellip;","_links":{"self":[{"href":"https:\/\/arantv.az\/index.php?rest_route=\/wp\/v2\/posts\/66883"}],"collection":[{"href":"https:\/\/arantv.az\/index.php?rest_route=\/wp\/v2\/posts"}],"about":[{"href":"https:\/\/arantv.az\/index.php?rest_route=\/wp\/v2\/types\/post"}],"author":[{"embeddable":true,"href":"https:\/\/arantv.az\/index.php?rest_route=\/wp\/v2\/users\/2"}],"replies":[{"embeddable":true,"href":"https:\/\/arantv.az\/index.php?rest_route=%2Fwp%2Fv2%2Fcomments&post=66883"}],"version-history":[{"count":0,"href":"https:\/\/arantv.az\/index.php?rest_route=\/wp\/v2\/posts\/66883\/revisions"}],"wp:featuredmedia":[{"embeddable":true,"href":"https:\/\/arantv.az\/index.php?rest_route=\/wp\/v2\/media\/66884"}],"wp:attachment":[{"href":"https:\/\/arantv.az\/index.php?rest_route=%2Fwp%2Fv2%2Fmedia&parent=66883"}],"wp:term":[{"taxonomy":"category","embeddable":true,"href":"https:\/\/arantv.az\/index.php?rest_route=%2Fwp%2Fv2%2Fcategories&post=66883"},{"taxonomy":"post_tag","embeddable":true,"href":"https:\/\/arantv.az\/index.php?rest_route=%2Fwp%2Fv2%2Ftags&post=66883"}],"curies":[{"name":"wp","href":"https:\/\/api.w.org\/{rel}","templated":true}]}}