{"id":668832,"date":"2023-12-14T14:52:17","date_gmt":"2023-12-14T10:52:17","guid":{"rendered":"https:\/\/arantv.az\/?p=668832"},"modified":"2023-12-14T14:52:17","modified_gmt":"2023-12-14T10:52:17","slug":"az%c9%99rbaycan-v%c9%99-erm%c9%99nistan-xin-r%c9%99hb%c9%99rl%c9%99ri-vasinqtonda-gorus%c9%99c%c9%99kl%c9%99r-r%c9%99smi-bakidan-reaksiya","status":"publish","type":"post","link":"https:\/\/arantv.az\/?p=668832","title":{"rendered":"Az\u0259rbaycan v\u0259 Erm\u0259nistan X\u0130N r\u0259hb\u0259rl\u0259ri Va\u015finqtonda g\u00f6r\u00fc\u015f\u0259c\u0259kl\u0259r? &#8211; R\u0259smi Bak\u0131dan REAKS\u0130YA"},"content":{"rendered":"<p>R\u0259smi Bak\u0131 AB\u015e-nin yanvar ay\u0131nda Va\u015finqtonda Az\u0259rbaycan v\u0259 Erm\u0259nistan xarici i\u015fl\u0259r nazirl\u0259rinin g\u00f6r\u00fc\u015f\u00fcn\u00fc ke\u00e7irm\u0259k t\u0259klifi il\u0259 ba\u011fl\u0131 erm\u0259ni medias\u0131nda yay\u0131lan m\u0259lumatlara reaksiya verib.<\/p>\n<p>Bu bar\u0259d\u0259 Az\u0259rbaycan Respublikas\u0131n\u0131n Xarici \u0130\u015fl\u0259r Nazirliyinin s\u00f6z\u00e7\u00fcs\u00fc Ayxan Hac\u0131zad\u0259 \u201cTrend\u201din sor\u011fusuna cavab olaraq bildirib ki, n\u00f6vb\u0259ti g\u00f6r\u00fc\u015f\u00fcn yeri v\u0259 tarixl\u0259ri bar\u0259d\u0259 h\u0259l\u0259lik raz\u0131l\u0131q yoxdur.<\/p>\n<p>Qeyd ed\u0259k ki, Erm\u0259nistan\u0131n x\u00fcsusi m\u0259s\u0259l\u0259l\u0259r \u00fczr\u0259 s\u0259firi Edmon Marukyan \u00f6lk\u0259nin ictimai televiziyas\u0131na m\u00fcsahib\u0259sind\u0259 Az\u0259rbaycan\u0131n AB\u015e-nin t\u0259klifin\u0259 m\u00fcsb\u0259t cavab verdiyini bildirib:<\/p>\n<p>\u201cHaz\u0131rda bizd\u0259 olan m\u0259lumata g\u00f6r\u0259, Az\u0259rbaycan AB\u015e-nin Va\u015finqtonda xarici i\u015fl\u0259r nazirl\u0259ri s\u0259viyy\u0259sind\u0259 g\u00f6r\u00fc\u015f\u00fcn ke\u00e7irilm\u0259si t\u0259klifini q\u0259bul edib\u201d, &#8211; o deyib.<\/p>\n<p>Xat\u0131rladaq ki, bir q\u0259d\u0259r \u0259vv\u0259l Erm\u0259nistan\u0131n Xarici \u0130\u015fl\u0259r Nazirliyi AB\u015e-d\u0259 nazirl\u0259r s\u0259viyy\u0259sind\u0259 g\u00f6r\u00fc\u015fd\u0259 i\u015ftiraka haz\u0131r olduqlar\u0131n\u0131 bildirib.<\/p>\n","protected":false},"excerpt":{"rendered":"<p>R\u0259smi Bak\u0131 AB\u015e-nin yanvar ay\u0131nda Va\u015finqtonda Az\u0259rbaycan v\u0259 Erm\u0259nistan xarici i\u015fl\u0259r nazirl\u0259rinin g\u00f6r\u00fc\u015f\u00fcn\u00fc ke\u00e7irm\u0259k t\u0259klifi il\u0259 ba\u011fl\u0131 erm\u0259ni medias\u0131nda yay\u0131lan m\u0259lumatlara reaksiya verib. Bu bar\u0259d\u0259 Az\u0259rbaycan Respublikas\u0131n\u0131n Xarici \u0130\u015fl\u0259r Nazirliyinin s\u00f6z\u00e7\u00fcs\u00fc Ayxan Hac\u0131zad\u0259 \u201cTrend\u201din sor\u011fusuna cavab olaraq bildirib ki, n\u00f6vb\u0259ti g\u00f6r\u00fc\u015f\u00fcn yeri v\u0259 tarixl\u0259ri bar\u0259d\u0259 h\u0259l\u0259lik raz\u0131l\u0131q yoxdur. Qeyd ed\u0259k ki, Erm\u0259nistan\u0131n x\u00fcsusi m\u0259s\u0259l\u0259l\u0259r \u00fczr\u0259 s\u0259firi Edmon Marukyan \u00f6lk\u0259nin ictimai televiziyas\u0131na m\u00fcsahib\u0259sind\u0259 Az\u0259rbaycan\u0131n AB\u015e-nin t\u0259klifin\u0259 m\u00fcsb\u0259t cavab verdiyini bildirib: \u201cHaz\u0131rda bizd\u0259 olan m\u0259lumata g\u00f6r\u0259, Az\u0259rbaycan AB\u015e-nin Va\u015finqtonda xarici i\u015fl\u0259r nazirl\u0259ri s\u0259viyy\u0259sind\u0259 g\u00f6r\u00fc\u015f\u00fcn ke\u00e7irilm\u0259si t\u0259klifini q\u0259bul edib\u201d, &#8211; o deyib. Xat\u0131rladaq&hellip;<\/p>\n","protected":false},"author":2,"featured_media":668833,"comment_status":"closed","ping_status":"closed","sticky":false,"template":"","format":"standard","meta":{"om_disable_all_campaigns":false,"_monsterinsights_skip_tracking":false,"_monsterinsights_sitenote_active":false,"_monsterinsights_sitenote_note":"","_monsterinsights_sitenote_category":0},"categories":[4],"tags":[],"aioseo_notices":[],"gutentor_comment":0,"rttpg_featured_image_url":{"full":["https:\/\/arantv.az\/wp-content\/uploads\/2023\/12\/ceyhun_bayramov_mirzoyan_bayden.jpg",620,413,false],"landscape":["https:\/\/arantv.az\/wp-content\/uploads\/2023\/12\/ceyhun_bayramov_mirzoyan_bayden.jpg",620,413,false],"portraits":["https:\/\/arantv.az\/wp-content\/uploads\/2023\/12\/ceyhun_bayramov_mirzoyan_bayden.jpg",620,413,false],"thumbnail":["https:\/\/arantv.az\/wp-content\/uploads\/2023\/12\/ceyhun_bayramov_mirzoyan_bayden-500x280.jpg",500,280,true],"medium":["https:\/\/arantv.az\/wp-content\/uploads\/2023\/12\/ceyhun_bayramov_mirzoyan_bayden-548x365.jpg",548,365,true],"large":["https:\/\/arantv.az\/wp-content\/uploads\/2023\/12\/ceyhun_bayramov_mirzoyan_bayden.jpg",620,413,false],"1536x1536":["https:\/\/arantv.az\/wp-content\/uploads\/2023\/12\/ceyhun_bayramov_mirzoyan_bayden.jpg",620,413,false],"2048x2048":["https:\/\/arantv.az\/wp-content\/uploads\/2023\/12\/ceyhun_bayramov_mirzoyan_bayden.jpg",620,413,false],"post-thumbnail":["https:\/\/arantv.az\/wp-content\/uploads\/2023\/12\/ceyhun_bayramov_mirzoyan_bayden-240x172.jpg",240,172,true],"advps-thumb-one":["https:\/\/arantv.az\/wp-content\/uploads\/2023\/12\/ceyhun_bayramov_mirzoyan_bayden.jpg",620,413,false]},"rttpg_author":{"display_name":"V\u00fcsal Rafiqo\u011flu","author_link":"https:\/\/arantv.az\/?author=2"},"rttpg_comment":0,"rttpg_category":"<a href=\"https:\/\/arantv.az\/?cat=4\" rel=\"category\">Siyas\u0259t<\/a>","rttpg_excerpt":"R\u0259smi Bak\u0131 AB\u015e-nin yanvar ay\u0131nda Va\u015finqtonda Az\u0259rbaycan v\u0259 Erm\u0259nistan xarici i\u015fl\u0259r nazirl\u0259rinin g\u00f6r\u00fc\u015f\u00fcn\u00fc ke\u00e7irm\u0259k t\u0259klifi il\u0259 ba\u011fl\u0131 erm\u0259ni medias\u0131nda yay\u0131lan m\u0259lumatlara reaksiya verib. Bu bar\u0259d\u0259 Az\u0259rbaycan Respublikas\u0131n\u0131n Xarici \u0130\u015fl\u0259r Nazirliyinin s\u00f6z\u00e7\u00fcs\u00fc Ayxan Hac\u0131zad\u0259 \u201cTrend\u201din sor\u011fusuna cavab olaraq bildirib ki, n\u00f6vb\u0259ti g\u00f6r\u00fc\u015f\u00fcn yeri v\u0259 tarixl\u0259ri bar\u0259d\u0259 h\u0259l\u0259lik raz\u0131l\u0131q yoxdur. Qeyd ed\u0259k ki, Erm\u0259nistan\u0131n x\u00fcsusi m\u0259s\u0259l\u0259l\u0259r \u00fczr\u0259&hellip;","_links":{"self":[{"href":"https:\/\/arantv.az\/index.php?rest_route=\/wp\/v2\/posts\/668832"}],"collection":[{"href":"https:\/\/arantv.az\/index.php?rest_route=\/wp\/v2\/posts"}],"about":[{"href":"https:\/\/arantv.az\/index.php?rest_route=\/wp\/v2\/types\/post"}],"author":[{"embeddable":true,"href":"https:\/\/arantv.az\/index.php?rest_route=\/wp\/v2\/users\/2"}],"replies":[{"embeddable":true,"href":"https:\/\/arantv.az\/index.php?rest_route=%2Fwp%2Fv2%2Fcomments&post=668832"}],"version-history":[{"count":0,"href":"https:\/\/arantv.az\/index.php?rest_route=\/wp\/v2\/posts\/668832\/revisions"}],"wp:featuredmedia":[{"embeddable":true,"href":"https:\/\/arantv.az\/index.php?rest_route=\/wp\/v2\/media\/668833"}],"wp:attachment":[{"href":"https:\/\/arantv.az\/index.php?rest_route=%2Fwp%2Fv2%2Fmedia&parent=668832"}],"wp:term":[{"taxonomy":"category","embeddable":true,"href":"https:\/\/arantv.az\/index.php?rest_route=%2Fwp%2Fv2%2Fcategories&post=668832"},{"taxonomy":"post_tag","embeddable":true,"href":"https:\/\/arantv.az\/index.php?rest_route=%2Fwp%2Fv2%2Ftags&post=668832"}],"curies":[{"name":"wp","href":"https:\/\/api.w.org\/{rel}","templated":true}]}}