{"id":668835,"date":"2023-12-14T14:52:51","date_gmt":"2023-12-14T10:52:51","guid":{"rendered":"https:\/\/arantv.az\/?p=668835"},"modified":"2023-12-14T14:52:51","modified_gmt":"2023-12-14T10:52:51","slug":"turkiy%c9%99-parlamentind%c9%99-cixisi-zamani-husunu-itir%c9%99n-deputat-oldu-video","status":"publish","type":"post","link":"https:\/\/arantv.az\/?p=668835","title":{"rendered":"T\u00fcrkiy\u0259 parlamentind\u0259 \u00e7\u0131x\u0131\u015f\u0131 zaman\u0131 hu\u015funu itir\u0259n deputat \u00f6ld\u00fc &#8211; V\u0130DEO"},"content":{"rendered":"<p>\u00d6t\u0259n g\u00fcn T\u00fcrkiy\u0259 parlamentind\u0259 \u00e7\u0131x\u0131\u015f\u0131 zaman\u0131 hu\u015funu itir\u0259r\u0259k y\u0131x\u0131lan S\u0259ad\u0259t Partiyas\u0131n\u0131n deputat\u0131 Hasan Bitmez m\u00fcalic\u0259 olundu\u011fu x\u0259st\u0259xanada v\u0259fat edib.<\/p>\n<p>Bu bar\u0259d\u0259 jurnalistl\u0259r\u0259 a\u00e7\u0131qlamas\u0131nda T\u00fcrkiy\u0259nin s\u0259hiyy\u0259 naziri Fahrettin Koca m\u0259lumat verib.<\/p>\n<p>O qeyd edib ki, h\u0259kiml\u0259rin b\u00fct\u00fcn s\u0259yl\u0259rin\u0259 r\u0259\u011fm\u0259n Hasan Bitmezin h\u0259yat\u0131n\u0131 xilas etm\u0259k m\u00fcmk\u00fcn olmay\u0131b.<\/p>\n<div><iframe loading=\"lazy\" src=\"https:\/\/baku.tv\/embed\/112323\" width=\"560\" height=\"315\" frameborder=\"0\" allowfullscreen=\"allowfullscreen\" data-mce-fragment=\"1\"><\/iframe><\/div>\n<p>M\u0259nb\u0259: TRT Haber<\/p>\n","protected":false},"excerpt":{"rendered":"<p>\u00d6t\u0259n g\u00fcn T\u00fcrkiy\u0259 parlamentind\u0259 \u00e7\u0131x\u0131\u015f\u0131 zaman\u0131 hu\u015funu itir\u0259r\u0259k y\u0131x\u0131lan S\u0259ad\u0259t Partiyas\u0131n\u0131n deputat\u0131 Hasan Bitmez m\u00fcalic\u0259 olundu\u011fu x\u0259st\u0259xanada v\u0259fat edib. Bu bar\u0259d\u0259 jurnalistl\u0259r\u0259 a\u00e7\u0131qlamas\u0131nda T\u00fcrkiy\u0259nin s\u0259hiyy\u0259 naziri Fahrettin Koca m\u0259lumat verib. O qeyd edib ki, h\u0259kiml\u0259rin b\u00fct\u00fcn s\u0259yl\u0259rin\u0259 r\u0259\u011fm\u0259n Hasan Bitmezin h\u0259yat\u0131n\u0131 xilas etm\u0259k m\u00fcmk\u00fcn olmay\u0131b. M\u0259nb\u0259: TRT Haber<\/p>\n","protected":false},"author":2,"featured_media":668836,"comment_status":"closed","ping_status":"closed","sticky":false,"template":"","format":"standard","meta":{"om_disable_all_campaigns":false,"_monsterinsights_skip_tracking":false,"_monsterinsights_sitenote_active":false,"_monsterinsights_sitenote_note":"","_monsterinsights_sitenote_category":0},"categories":[7],"tags":[],"aioseo_notices":[],"gutentor_comment":0,"rttpg_featured_image_url":{"full":["https:\/\/arantv.az\/wp-content\/uploads\/2023\/12\/FotoJet-2023-12-14T141017.894.jpg",620,413,false],"landscape":["https:\/\/arantv.az\/wp-content\/uploads\/2023\/12\/FotoJet-2023-12-14T141017.894.jpg",620,413,false],"portraits":["https:\/\/arantv.az\/wp-content\/uploads\/2023\/12\/FotoJet-2023-12-14T141017.894.jpg",620,413,false],"thumbnail":["https:\/\/arantv.az\/wp-content\/uploads\/2023\/12\/FotoJet-2023-12-14T141017.894-500x280.jpg",500,280,true],"medium":["https:\/\/arantv.az\/wp-content\/uploads\/2023\/12\/FotoJet-2023-12-14T141017.894-548x365.jpg",548,365,true],"large":["https:\/\/arantv.az\/wp-content\/uploads\/2023\/12\/FotoJet-2023-12-14T141017.894.jpg",620,413,false],"1536x1536":["https:\/\/arantv.az\/wp-content\/uploads\/2023\/12\/FotoJet-2023-12-14T141017.894.jpg",620,413,false],"2048x2048":["https:\/\/arantv.az\/wp-content\/uploads\/2023\/12\/FotoJet-2023-12-14T141017.894.jpg",620,413,false],"post-thumbnail":["https:\/\/arantv.az\/wp-content\/uploads\/2023\/12\/FotoJet-2023-12-14T141017.894-240x172.jpg",240,172,true],"advps-thumb-one":["https:\/\/arantv.az\/wp-content\/uploads\/2023\/12\/FotoJet-2023-12-14T141017.894.jpg",620,413,false]},"rttpg_author":{"display_name":"V\u00fcsal Rafiqo\u011flu","author_link":"https:\/\/arantv.az\/?author=2"},"rttpg_comment":0,"rttpg_category":"<a href=\"https:\/\/arantv.az\/?cat=7\" rel=\"category\">D\u00fcnya<\/a>","rttpg_excerpt":"\u00d6t\u0259n g\u00fcn T\u00fcrkiy\u0259 parlamentind\u0259 \u00e7\u0131x\u0131\u015f\u0131 zaman\u0131 hu\u015funu itir\u0259r\u0259k y\u0131x\u0131lan S\u0259ad\u0259t Partiyas\u0131n\u0131n deputat\u0131 Hasan Bitmez m\u00fcalic\u0259 olundu\u011fu x\u0259st\u0259xanada v\u0259fat edib. Bu bar\u0259d\u0259 jurnalistl\u0259r\u0259 a\u00e7\u0131qlamas\u0131nda T\u00fcrkiy\u0259nin s\u0259hiyy\u0259 naziri Fahrettin Koca m\u0259lumat verib. O qeyd edib ki, h\u0259kiml\u0259rin b\u00fct\u00fcn s\u0259yl\u0259rin\u0259 r\u0259\u011fm\u0259n Hasan Bitmezin h\u0259yat\u0131n\u0131 xilas etm\u0259k m\u00fcmk\u00fcn olmay\u0131b. M\u0259nb\u0259: TRT Haber","_links":{"self":[{"href":"https:\/\/arantv.az\/index.php?rest_route=\/wp\/v2\/posts\/668835"}],"collection":[{"href":"https:\/\/arantv.az\/index.php?rest_route=\/wp\/v2\/posts"}],"about":[{"href":"https:\/\/arantv.az\/index.php?rest_route=\/wp\/v2\/types\/post"}],"author":[{"embeddable":true,"href":"https:\/\/arantv.az\/index.php?rest_route=\/wp\/v2\/users\/2"}],"replies":[{"embeddable":true,"href":"https:\/\/arantv.az\/index.php?rest_route=%2Fwp%2Fv2%2Fcomments&post=668835"}],"version-history":[{"count":0,"href":"https:\/\/arantv.az\/index.php?rest_route=\/wp\/v2\/posts\/668835\/revisions"}],"wp:featuredmedia":[{"embeddable":true,"href":"https:\/\/arantv.az\/index.php?rest_route=\/wp\/v2\/media\/668836"}],"wp:attachment":[{"href":"https:\/\/arantv.az\/index.php?rest_route=%2Fwp%2Fv2%2Fmedia&parent=668835"}],"wp:term":[{"taxonomy":"category","embeddable":true,"href":"https:\/\/arantv.az\/index.php?rest_route=%2Fwp%2Fv2%2Fcategories&post=668835"},{"taxonomy":"post_tag","embeddable":true,"href":"https:\/\/arantv.az\/index.php?rest_route=%2Fwp%2Fv2%2Ftags&post=668835"}],"curies":[{"name":"wp","href":"https:\/\/api.w.org\/{rel}","templated":true}]}}