{"id":668844,"date":"2023-12-14T15:02:32","date_gmt":"2023-12-14T11:02:32","guid":{"rendered":"https:\/\/arantv.az\/?p=668844"},"modified":"2023-12-14T15:02:32","modified_gmt":"2023-12-14T11:02:32","slug":"bagcalarda-kollec-m%c9%99zunu-mu%c9%99lliml%c9%99r-isl%c9%99m%c9%99y%c9%99c%c9%99kl%c9%99r-ekspert-aciqladi","status":"publish","type":"post","link":"https:\/\/arantv.az\/?p=668844","title":{"rendered":"Ba\u011f\u00e7alarda kollec m\u0259zunu m\u00fc\u0259lliml\u0259r i\u015fl\u0259m\u0259y\u0259c\u0259kl\u0259r? &#8211; Ekspert A\u00c7IQLADI"},"content":{"rendered":"<p><em><strong>Elm v\u0259 t\u0259hsil naziri Emin \u018fmrullayev \u201cM\u0259kt\u0259b\u0259q\u0259d\u0259r t\u0259hsild\u0259 keyfiyy\u0259t\u0259 yeni bax\u0131\u015f\u201d m\u00f6vzusunda ke\u00e7iril\u0259n beyn\u0259lxalq elmi-praktik konfransda \u00e7\u0131x\u0131\u015f\u0131 zaman\u0131 yax\u0131n g\u0259l\u0259c\u0259kd\u0259 m\u0259kt\u0259b\u0259q\u0259d\u0259r t\u0259hsil m\u00fc\u0259ssis\u0259l\u0259rind\u0259 orta ixtisas t\u0259hsilli m\u00fct\u0259x\u0259ssisl\u0259rin ba\u011f\u00e7alarda i\u015fl\u0259m\u0259sin\u0259 icaz\u0259 verilm\u0259y\u0259c\u0259yini deyib. O bildirib ki, bu m\u00fc\u0259ssis\u0259l\u0259rd\u0259 \u00e7al\u0131\u015fan \u015f\u0259xsl\u0259rin minimum bakalavr t\u0259hsili s\u0259viyy\u0259sind\u0259 haz\u0131rlanmas\u0131 \u0259sas m\u0259qs\u0259ddir.<\/strong><\/em><\/p>\n<p><em><strong>Haz\u0131rda q\u00fcvv\u0259d\u0259 olan qanunvericiliyin t\u0259l\u0259bin\u0259 \u0259sas\u0259n&#8230;<\/strong><\/em><\/p>\n<p>M\u0259s\u0259l\u0259y\u0259 m\u00fcnasib\u0259t bildir\u0259n t\u0259hsil eksperti\u00a0<strong>Kamran \u018fs\u0259dov<\/strong>\u00a0vur\u011fulay\u0131b ki, haz\u0131rda \u00f6lk\u0259d\u0259 1693 d\u00f6vl\u0259t, 110-dan art\u0131q is\u0259 \u00f6z\u0259l u\u015faq ba\u011f\u00e7as\u0131 var:<br \/>\n\u201cBu ba\u011f\u00e7alarda 2016-c\u0131 ild\u0259 q\u0259bul edilmi\u015f Qanunun t\u0259l\u0259bl\u0259rin\u0259 \u0259sas\u0259n, m\u0259kt\u0259b\u0259q\u0259d\u0259r t\u0259hsil \u00fczr\u0259 ali v\u0259 orta ixtisas t\u0259hsili alan \u015f\u0259xsl\u0259r i\u015f\u0259 q\u0259bul edilirl\u0259r. Qeyd edim ki, h\u00f6rm\u0259tli nazir Emin \u018fmrullayevin toxundu\u011fu m\u0259s\u0259l\u0259 t\u0259bii ki, g\u00f6zl\u0259ntil\u0259rdir. Amma bu o dem\u0259k deyil ki, ba\u011f\u00e7alarda art\u0131q kollec m\u0259zunu olan m\u00fc\u0259lliml\u0259r i\u015fl\u0259m\u0259y\u0259c\u0259kl\u0259r. \u00c7\u00fcnki, haz\u0131rda q\u00fcvv\u0259d\u0259 olan qanunvericiliyin t\u0259l\u0259bin\u0259 \u0259sas\u0259n, u\u015faq ba\u011f\u00e7alar\u0131na i\u015f\u0259 q\u0259bul zaman\u0131 kollecl\u0259rd\u0259n bu sah\u0259 \u00fczr\u0259 m\u0259zun olanlar i\u015fl\u0259y\u0259 bil\u0259r. Sad\u0259c\u0259 biz bilirik ki, m\u0259kt\u0259b\u0259q\u0259d\u0259r t\u0259hsil \u0259slind\u0259 t\u0259hsilin t\u0259m\u0259lqoyma m\u0259rh\u0259l\u0259sidir v\u0259 burada \u0259ld\u0259 edil\u0259n bilikl\u0259r \u015fagirdl\u0259rin g\u0259l\u0259c\u0259k t\u0259hsili v\u0259 karyeras\u0131nda vacib rol oynay\u0131r\u201d.<\/p>\n<p><img src=\"https:\/\/ikisahil.az\/upload\/\/2020\/05\/25\/\/-0b9b6d6d159041613322092121010947803.jpg\" alt=\"\" \/><\/p>\n<p><em><strong>U\u015faq ba\u011f\u00e7alar\u0131nda\u00a0\u00e7al\u0131\u015fanlar\u0131n 60 faiz\u0259 q\u0259d\u0259ri bu sah\u0259 \u00fczr\u0259 t\u0259hsil almay\u0131b<\/strong><\/em><\/p>\n<p>K.\u018fs\u0259dovun s\u00f6zl\u0259rin\u0259 g\u00f6r\u0259, apar\u0131lan ara\u015fd\u0131rmalar haz\u0131rda u\u015faq ba\u011f\u00e7alar\u0131 v\u0259 k\u00f6rp\u0259l\u0259r evind\u0259 \u00e7al\u0131\u015fan \u015f\u0259xsl\u0259rin 60 faiz\u0259 q\u0259d\u0259rinin bu sah\u0259 \u00fczr\u0259 t\u0259hsil almad\u0131\u011f\u0131n\u0131 g\u00f6st\u0259rir: \u201cOnlardan 1 faizinin is\u0259 \u00fcmumiyy\u0259tl\u0259 t\u0259hsili yoxdur. Bu, ciddi faktd\u0131r. Bizim yana\u015fmam\u0131z ondan ibar\u0259tdir ki, u\u015faq ba\u011f\u00e7alar\u0131 sad\u0259c\u0259 onlar\u0131n oynamas\u0131, yem\u0259si, i\u00e7m\u0259si \u00fc\u00e7\u00fcn olan mexanizmdir.\u00a0\u00a0<img src=\"https:\/\/ikisahil.az\/upload\/\/2019\/01\/07\/1546842972_3131431.jpg\" alt=\"\" \/><\/p>\n<blockquote><p><strong>Ba\u011f\u00e7an\u0131 bitirib orta m\u0259kt\u0259b\u0259 ba\u015flayan \u015fagirdl\u0259r minimum oxuma, yazma, anlama qabiliyy\u0259tin\u0259 malik olmurlar<\/strong>.<\/p><\/blockquote>\n<p>Y\u0259ni \u0259slind\u0259, day\u0259 xidm\u0259ti g\u00f6st\u0259r\u0259n bir yerdir. Lakin birm\u0259nal\u0131 \u015f\u0259kild\u0259 bu, bel\u0259 deyil. Az\u0259rbaycanda m\u00f6vcud qanunvericiliyin t\u0259l\u0259bin\u0259 \u0259sas\u0259n, m\u0259kt\u0259b\u0259q\u0259d\u0259r t\u0259hsil d\u0259 t\u0259hsilin bir pill\u0259sidir. \u018fslind\u0259 \u00f6lk\u0259mizd\u0259 u\u015faq ba\u011f\u00e7alar\u0131n\u0131n say\u0131 \u00fcmumi u\u015faqlar\u0131n yaln\u0131z 30 faiz\u0259 q\u0259d\u0259rini \u0259hat\u0259 etdiyi \u00fc\u00e7\u00fcn biz bu t\u0259hsili ayr\u0131ca pill\u0259 olaraq g\u00f6t\u00fcr\u0259 bilmirik. Amma etiraf ed\u0259k ki, u\u015faqlara d\u0259rs dey\u0259n \u015f\u0259xsl\u0259rin bilik v\u0259 bacar\u0131qlar\u0131 daha y\u00fcks\u0259k olmal\u0131d\u0131r. Lakin kollecl\u0259r bu bilik v\u0259 bacar\u0131qlar\u0131 ver\u0259 bilmirl\u0259r. Bu g\u00fcn Az\u0259rbaycanda ba\u011f\u00e7an\u0131 bitirib orta m\u0259kt\u0259b\u0259 ba\u015flayan \u015fagirdl\u0259r minimum oxuma, yazma, dinl\u0259m\u0259, anlama qabiliyy\u0259tin\u0259 malik olmurlar. Ona g\u00f6r\u0259 d\u0259, hesab edir\u0259m ki, bizim m\u00fc\u0259yy\u0259n q\u0259d\u0259r daha \u00e7ox ali t\u0259hsilli m\u00fct\u0259x\u0259ssisl\u0259r\u0259 yer verm\u0259yimiz\u0259 ehtiyac\u0131m\u0131z var. Lakin bu, kollec diplomu olan \u015f\u0259xsl\u0259rin i\u015fd\u0259n \u00e7\u0131xar\u0131laca\u011f\u0131 dem\u0259k deyil. Bilirik ki, ali t\u0259hsil m\u00fc\u0259ssis\u0259l\u0259rimizin \u0259ks\u0259riyy\u0259ti d\u0259 y\u00fcks\u0259k s\u0259viyy\u0259li, d\u00fcnya v\u0259 \u0259m\u0259k bazar\u0131na cavab ver\u0259n m\u00fct\u0259x\u0259ssisl\u0259r haz\u0131rlam\u0131rlar. Birm\u0259nal\u0131 \u015f\u0259kild\u0259 bizim g\u00f6zl\u0259ntil\u0259rimiz var. \u00c7\u00fcnki m\u0259kt\u0259b\u0259q\u0259d\u0259r pill\u0259 t\u0259hsilin t\u0259m\u0259lidir v\u0259 bunun \u0259sas\u0131 daha keyfiyy\u0259tli qoyulmal\u0131d\u0131r\u201d.<\/p>\n<p><em><strong>Sayal\u0131 Abasova<\/strong><\/em><\/p>\n","protected":false},"excerpt":{"rendered":"<p>Elm v\u0259 t\u0259hsil naziri Emin \u018fmrullayev \u201cM\u0259kt\u0259b\u0259q\u0259d\u0259r t\u0259hsild\u0259 keyfiyy\u0259t\u0259 yeni bax\u0131\u015f\u201d m\u00f6vzusunda ke\u00e7iril\u0259n beyn\u0259lxalq elmi-praktik konfransda \u00e7\u0131x\u0131\u015f\u0131 zaman\u0131 yax\u0131n g\u0259l\u0259c\u0259kd\u0259 m\u0259kt\u0259b\u0259q\u0259d\u0259r t\u0259hsil m\u00fc\u0259ssis\u0259l\u0259rind\u0259 orta ixtisas t\u0259hsilli m\u00fct\u0259x\u0259ssisl\u0259rin ba\u011f\u00e7alarda i\u015fl\u0259m\u0259sin\u0259 icaz\u0259 verilm\u0259y\u0259c\u0259yini deyib. O bildirib ki, bu m\u00fc\u0259ssis\u0259l\u0259rd\u0259 \u00e7al\u0131\u015fan \u015f\u0259xsl\u0259rin minimum bakalavr t\u0259hsili s\u0259viyy\u0259sind\u0259 haz\u0131rlanmas\u0131 \u0259sas m\u0259qs\u0259ddir. Haz\u0131rda q\u00fcvv\u0259d\u0259 olan qanunvericiliyin t\u0259l\u0259bin\u0259 \u0259sas\u0259n&#8230; M\u0259s\u0259l\u0259y\u0259 m\u00fcnasib\u0259t bildir\u0259n t\u0259hsil eksperti\u00a0Kamran \u018fs\u0259dov\u00a0vur\u011fulay\u0131b ki, haz\u0131rda \u00f6lk\u0259d\u0259 1693 d\u00f6vl\u0259t, 110-dan art\u0131q is\u0259 \u00f6z\u0259l u\u015faq ba\u011f\u00e7as\u0131 var: \u201cBu ba\u011f\u00e7alarda 2016-c\u0131 ild\u0259 q\u0259bul edilmi\u015f Qanunun t\u0259l\u0259bl\u0259rin\u0259 \u0259sas\u0259n, m\u0259kt\u0259b\u0259q\u0259d\u0259r t\u0259hsil \u00fczr\u0259 ali v\u0259 orta ixtisas t\u0259hsili alan \u015f\u0259xsl\u0259r i\u015f\u0259&hellip;<\/p>\n","protected":false},"author":2,"featured_media":668845,"comment_status":"closed","ping_status":"closed","sticky":false,"template":"","format":"standard","meta":{"om_disable_all_campaigns":false,"_monsterinsights_skip_tracking":false,"_monsterinsights_sitenote_active":false,"_monsterinsights_sitenote_note":"","_monsterinsights_sitenote_category":0},"categories":[1],"tags":[],"aioseo_notices":[],"gutentor_comment":0,"rttpg_featured_image_url":{"full":["https:\/\/arantv.az\/wp-content\/uploads\/2023\/12\/764f9642170254695278436548410712358.jpg",975,540,false],"landscape":["https:\/\/arantv.az\/wp-content\/uploads\/2023\/12\/764f9642170254695278436548410712358.jpg",975,540,false],"portraits":["https:\/\/arantv.az\/wp-content\/uploads\/2023\/12\/764f9642170254695278436548410712358.jpg",975,540,false],"thumbnail":["https:\/\/arantv.az\/wp-content\/uploads\/2023\/12\/764f9642170254695278436548410712358-500x280.jpg",500,280,true],"medium":["https:\/\/arantv.az\/wp-content\/uploads\/2023\/12\/764f9642170254695278436548410712358-660x365.jpg",660,365,true],"large":["https:\/\/arantv.az\/wp-content\/uploads\/2023\/12\/764f9642170254695278436548410712358-840x465.jpg",640,354,true],"1536x1536":["https:\/\/arantv.az\/wp-content\/uploads\/2023\/12\/764f9642170254695278436548410712358.jpg",975,540,false],"2048x2048":["https:\/\/arantv.az\/wp-content\/uploads\/2023\/12\/764f9642170254695278436548410712358.jpg",975,540,false],"post-thumbnail":["https:\/\/arantv.az\/wp-content\/uploads\/2023\/12\/764f9642170254695278436548410712358-240x172.jpg",240,172,true],"advps-thumb-one":["https:\/\/arantv.az\/wp-content\/uploads\/2023\/12\/764f9642170254695278436548410712358.jpg",975,540,false]},"rttpg_author":{"display_name":"V\u00fcsal Rafiqo\u011flu","author_link":"https:\/\/arantv.az\/?author=2"},"rttpg_comment":0,"rttpg_category":"<a href=\"https:\/\/arantv.az\/?cat=1\" rel=\"category\">C\u0259miyy\u0259t<\/a>","rttpg_excerpt":"Elm v\u0259 t\u0259hsil naziri Emin \u018fmrullayev \u201cM\u0259kt\u0259b\u0259q\u0259d\u0259r t\u0259hsild\u0259 keyfiyy\u0259t\u0259 yeni bax\u0131\u015f\u201d m\u00f6vzusunda ke\u00e7iril\u0259n beyn\u0259lxalq elmi-praktik konfransda \u00e7\u0131x\u0131\u015f\u0131 zaman\u0131 yax\u0131n g\u0259l\u0259c\u0259kd\u0259 m\u0259kt\u0259b\u0259q\u0259d\u0259r t\u0259hsil m\u00fc\u0259ssis\u0259l\u0259rind\u0259 orta ixtisas t\u0259hsilli m\u00fct\u0259x\u0259ssisl\u0259rin ba\u011f\u00e7alarda i\u015fl\u0259m\u0259sin\u0259 icaz\u0259 verilm\u0259y\u0259c\u0259yini deyib. O bildirib ki, bu m\u00fc\u0259ssis\u0259l\u0259rd\u0259 \u00e7al\u0131\u015fan \u015f\u0259xsl\u0259rin minimum bakalavr t\u0259hsili s\u0259viyy\u0259sind\u0259 haz\u0131rlanmas\u0131 \u0259sas m\u0259qs\u0259ddir. Haz\u0131rda q\u00fcvv\u0259d\u0259 olan qanunvericiliyin t\u0259l\u0259bin\u0259 \u0259sas\u0259n&#8230; M\u0259s\u0259l\u0259y\u0259 m\u00fcnasib\u0259t bildir\u0259n&hellip;","_links":{"self":[{"href":"https:\/\/arantv.az\/index.php?rest_route=\/wp\/v2\/posts\/668844"}],"collection":[{"href":"https:\/\/arantv.az\/index.php?rest_route=\/wp\/v2\/posts"}],"about":[{"href":"https:\/\/arantv.az\/index.php?rest_route=\/wp\/v2\/types\/post"}],"author":[{"embeddable":true,"href":"https:\/\/arantv.az\/index.php?rest_route=\/wp\/v2\/users\/2"}],"replies":[{"embeddable":true,"href":"https:\/\/arantv.az\/index.php?rest_route=%2Fwp%2Fv2%2Fcomments&post=668844"}],"version-history":[{"count":0,"href":"https:\/\/arantv.az\/index.php?rest_route=\/wp\/v2\/posts\/668844\/revisions"}],"wp:featuredmedia":[{"embeddable":true,"href":"https:\/\/arantv.az\/index.php?rest_route=\/wp\/v2\/media\/668845"}],"wp:attachment":[{"href":"https:\/\/arantv.az\/index.php?rest_route=%2Fwp%2Fv2%2Fmedia&parent=668844"}],"wp:term":[{"taxonomy":"category","embeddable":true,"href":"https:\/\/arantv.az\/index.php?rest_route=%2Fwp%2Fv2%2Fcategories&post=668844"},{"taxonomy":"post_tag","embeddable":true,"href":"https:\/\/arantv.az\/index.php?rest_route=%2Fwp%2Fv2%2Ftags&post=668844"}],"curies":[{"name":"wp","href":"https:\/\/api.w.org\/{rel}","templated":true}]}}