{"id":66886,"date":"2019-06-15T13:28:57","date_gmt":"2019-06-15T10:28:57","guid":{"rendered":"http:\/\/arantv.az\/?p=66886"},"modified":"2019-06-15T13:28:57","modified_gmt":"2019-06-15T10:28:57","slug":"az%c9%99rxalcanin-filiallarinda-milli-qurtulus-gunu-qeyd-olunub","status":"publish","type":"post","link":"https:\/\/arantv.az\/?p=66886","title":{"rendered":"&#8220;Az\u0259rxal\u00e7a&#8221;n\u0131n filiallar\u0131nda Milli Qurtulu\u015f G\u00fcn\u00fc qeyd olunub"},"content":{"rendered":"<p><strong>&#8220;Az\u0259rxal\u00e7a&#8221; A\u00e7\u0131q S\u0259hmdar C\u0259miyy\u0259tinin filiallar\u0131nda Milli Qurtulu\u015f G\u00fcn\u00fcn\u0259 h\u0259sr olunmu\u015f t\u0259dbirl\u0259r ke\u00e7irilib.<\/strong><\/p>\n<p><b>ARANTV.AZ\u00a0<\/b>m\u0259lumat verir ki, \u0259vv\u0259lc\u0259 S\u0259hmdar C\u0259miyy\u0259tin \u0130dar\u0259 Hey\u0259tinin s\u0259dri Vidadi Muradovun Milli Qurtulu\u015f G\u00fcn\u00fc m\u00fcnasib\u0259til\u0259 kollektivl\u0259r\u0259 t\u0259briki \u00e7atd\u0131r\u0131l\u0131b.<\/p>\n<article id=\"maincontent\" class=\"normal-text\">T\u0259dbirl\u0259rd\u0259 qeyd olunub ki, \u00fcmummilli lider\u00a0<a class=\"kw-link\" title=\"Heyd\u0259r \u018fliyev x\u0259b\u0259rl\u0259ri\" href=\"https:\/\/metbuat.az\/news\/search?q=heyd%C9%99r+%C6%8Fliyev\" target=\"_blank\" rel=\"noopener\">Heyd\u0259r \u018fliyev<\/a>in respublikam\u0131za r\u0259hb\u0259rlik d\u00f6vr\u00fc xalq\u0131m\u0131z\u0131n Qurtulu\u015f tarixin\u0259 \u00e7evrilib. \u00d6lk\u0259miz\u0259 r\u0259hb\u0259rliyinin birinci d\u00f6vr\u00fcnd\u0259 a\u011f\u0131r iqtisadi, siyasi, m\u0259n\u0259vi b\u00f6hran ke\u00e7ir\u0259n\u00a0<a class=\"kw-link\" title=\"Az\u0259rbaycan x\u0259b\u0259rl\u0259ri\" href=\"https:\/\/metbuat.az\/news\/search?q=az%C9%99rbaycan\" target=\"_blank\" rel=\"noopener\">Az\u0259rbaycan<\/a>\u0131 ke\u00e7mi\u015f ittifaq\u0131n qabaqc\u0131l respublikalar\u0131ndan birin\u0259 \u00e7evir\u0259n g\u00f6rk\u0259mli d\u00f6vl\u0259t xadimi Heyd\u0259r \u018fliyev, \u0259slind\u0259, qurtulu\u015fun b\u00fcn\u00f6vr\u0259sini \u2013 xalq\u0131m\u0131z\u0131 m\u00fcst\u0259qilliy\u0259 aparan yolun \u0259sas\u0131n\u0131 qoymu\u015fdu. B\u00f6y\u00fck \u00f6nd\u0259r yax\u015f\u0131 bilirdi ki, xalq\u0131n iqtisadi azadl\u0131\u011f\u0131n\u0131 t\u0259min etm\u0259d\u0259n, onun tarixin\u0259 v\u0259 milli-m\u0259n\u0259vi d\u0259y\u0259rl\u0259rin\u0259 sahib \u00e7\u0131xmadan siyasi m\u00fcst\u0259qilliy\u0259 nail olmaq m\u00fcmk\u00fcn deyil.<\/p>\n<p>Bildirilib ki, Az\u0259rbaycan\u0131n d\u00f6vl\u0259t m\u00fcst\u0259qilliyini b\u0259rpa etm\u0259si ulu \u00f6nd\u0259r Heyd\u0259r \u018fliyevin ad\u0131 il\u0259 ba\u011fl\u0131d\u0131r. \u00dcmummilli liderimiz \u00f6t\u0259n \u0259srin 70-80-ci ill\u0259rind\u0259 Az\u0259rbaycan\u0131 m\u00fcst\u0259qilliy\u0259 haz\u0131rlay\u0131b, 1990-c\u0131 ilin noyabr ay\u0131nda\u00a0<a class=\"kw-link\" title=\"Nax\u00e7\u0131van x\u0259b\u0259rl\u0259ri\" href=\"https:\/\/metbuat.az\/news\/search?q=nax%C3%A7%C4%B1van\" target=\"_blank\" rel=\"noopener\">Nax\u00e7\u0131van<\/a>da d\u00f6vl\u0259t m\u00fcst\u0259qilliyinin b\u0259rpas\u0131 istiqam\u0259tind\u0259 tarixi q\u0259rarlar q\u0259bul ed\u0259r\u0259k m\u00fcst\u0259qil d\u00f6vl\u0259t\u00e7iliyin \u0259sas\u0131n\u0131 qoyub.<\/p>\n<p>Qeyd olunub ki, 1993-c\u00fc ild\u0259 Az\u0259rbaycan m\u00fcst\u0259qilliyini itirm\u0259k, par\u00e7alanmaq t\u0259hl\u00fck\u0259si qar\u015f\u0131s\u0131nda qalm\u0131\u015fd\u0131. \u018fg\u0259r 1993-c\u00fc il iyunun 15-d\u0259 xalq\u0131n t\u0259kidli t\u0259l\u0259bi il\u0259 \u00fcmummilli lider Heyd\u0259r \u018fliyevin yenid\u0259n siyasi hakimiyy\u0259t\u0259 qay\u0131d\u0131\u015f\u0131 ger\u00e7\u0259kl\u0259\u015fm\u0259s\u0259ydi, Az\u0259rbaycan bir d\u00f6vl\u0259t kimi yer \u00fcz\u00fcnd\u0259n silin\u0259c\u0259kdi.<\/p>\n<p>Bu tarixi qay\u0131d\u0131\u015f Az\u0259rbaycan\u0131n varl\u0131\u011f\u0131n\u0131, m\u00fcst\u0259qilliyini, d\u00f6vl\u0259t\u00e7iliyini qoruyub saxlay\u0131b, \u00f6lk\u0259ni par\u00e7alanmaqdan, v\u0259t\u0259nda\u015f m\u00fcharib\u0259sind\u0259n xilas edib. \u00dcmummilli liderimizin hakimiyy\u0259t\u0259 g\u0259ldiyi 1993-c\u00fc ilin 15 iyunu tarix\u0259 Milli Qurtulu\u015f G\u00fcn\u00fc kimi daxil olub, Az\u0259rbaycan Respublikas\u0131n\u0131n Milli M\u0259clisi 1997-ci il 27 iyun tarixli Q\u0259rar\u0131 il\u0259 dahi \u015f\u0259xsiyy\u0259tin \u00f6lk\u0259 r\u0259hb\u0259rliyin\u0259 qay\u0131d\u0131\u015f\u0131 g\u00fcn\u00fcn\u00fc r\u0259smi olaraq Az\u0259rbaycan xalq\u0131n\u0131n Milli Qurtulu\u015f G\u00fcn\u00fc elan edib.<\/p>\n<p>Vur\u011fulan\u0131b ki, 1993-2003-c\u00fc ill\u0259rd\u0259 ulu \u00f6nd\u0259r Heyd\u0259r \u018fliyev Az\u0259rbaycan\u0131 Az\u0259rbaycana qaytar\u0131b, m\u00fcst\u0259qilliyimizin \u0259sl xilaskar\u0131, Az\u0259rbaycan\u0131n qurucusu kimi \u00f6z sa\u011fl\u0131\u011f\u0131nda xalq\u0131n q\u0259lbind\u0259 heyk\u0259ll\u0259\u015fib, \u0259b\u0259dil\u0259\u015fib.<\/p>\n<p>Bu g\u00fcn m\u00fcst\u0259qilliyin yollar\u0131 il\u0259 inamla ir\u0259lil\u0259y\u0259n Az\u0259rbaycanda ulu \u00f6nd\u0259rin amal v\u0259 \u0259m\u0259ll\u0259ri d\u00f6nm\u0259d\u0259n h\u0259yata ke\u00e7irilir. \u00d6lk\u0259miz Heyd\u0259r \u018fliyev siyasi kursunun layiqli davam\u00e7\u0131s\u0131, Az\u0259rbaycan Prezidenti c\u0259nab \u0130lham \u018fliyevin r\u0259hb\u0259rliyi il\u0259 b\u00fct\u00fcn sah\u0259l\u0259rd\u0259 yeni-yeni u\u011furlar qazan\u0131r. D\u00f6vl\u0259t ba\u015f\u00e7\u0131s\u0131n\u0131n diqq\u0259t v\u0259 qay\u011f\u0131s\u0131 il\u0259 Az\u0259rbaycan xal\u00e7a\u00e7\u0131l\u0131\u011f\u0131 da yeni inki\u015faf d\u00f6vr\u00fcn\u00fc ya\u015fay\u0131r. &#8220;Az\u0259rxal\u00e7a&#8221; A\u00e7\u0131q S\u0259hmdar C\u0259miyy\u0259tinin respublikam\u0131z\u0131n b\u00f6lg\u0259l\u0259rind\u0259 f\u0259aliyy\u0259t g\u00f6st\u0259r\u0259n xal\u00e7a istehsal\u0131 m\u00fc\u0259ssis\u0259l\u0259ri bu sah\u0259nin inki\u015faf\u0131na \u00f6z t\u00f6hf\u0259sini verir. B\u00fct\u00fcn bunlar\u0131 ulu \u00f6nd\u0259rimiz Heyd\u0259r \u018fliyev\u0259 v\u0259 Milli Qurtulu\u015f G\u00fcn\u00fcn\u0259 borcluyuq.<\/p>\n<div id=\"fb-root\" class=\" fb_reset\">\n<div>\n<div><\/div>\n<div><\/div>\n<\/div>\n<\/div>\n<div class=\"fb-like fb_iframe_widget\" data-href=\"\/news\/1208167\/azerxalca-nin-filiallarinda-milli-qurtulus-gunu-qeyd-olunub.html\" data-show_faces=\"false\" data-layout=\"button_count\"><\/div>\n<\/article>\n<div class=\"news_in_other_images\">\n<div class=\"row\">\n<div class=\"col-xs-6 col-lg-3\"><a class=\"fancybox fix\" title=\"\" href=\"https:\/\/metbuat.az\/images\/metbuat\/images_d\/1208167_0.jpg\" rel=\"gallery\"><img title=\"\" src=\"https:\/\/metbuat.az\/images\/metbuat\/images_d\/1208167_0.jpg\" alt=\"\" \/><\/a><\/div>\n<div>Metbuat.az<\/div>\n<\/div>\n<\/div>\n","protected":false},"excerpt":{"rendered":"<p>&#8220;Az\u0259rxal\u00e7a&#8221; A\u00e7\u0131q S\u0259hmdar C\u0259miyy\u0259tinin filiallar\u0131nda Milli Qurtulu\u015f G\u00fcn\u00fcn\u0259 h\u0259sr olunmu\u015f t\u0259dbirl\u0259r ke\u00e7irilib. ARANTV.AZ\u00a0m\u0259lumat verir ki, \u0259vv\u0259lc\u0259 S\u0259hmdar C\u0259miyy\u0259tin \u0130dar\u0259 Hey\u0259tinin s\u0259dri Vidadi Muradovun Milli Qurtulu\u015f G\u00fcn\u00fc m\u00fcnasib\u0259til\u0259 kollektivl\u0259r\u0259 t\u0259briki \u00e7atd\u0131r\u0131l\u0131b. T\u0259dbirl\u0259rd\u0259 qeyd olunub ki, \u00fcmummilli lider\u00a0Heyd\u0259r \u018fliyevin respublikam\u0131za r\u0259hb\u0259rlik d\u00f6vr\u00fc xalq\u0131m\u0131z\u0131n Qurtulu\u015f tarixin\u0259 \u00e7evrilib. \u00d6lk\u0259miz\u0259 r\u0259hb\u0259rliyinin birinci d\u00f6vr\u00fcnd\u0259 a\u011f\u0131r iqtisadi, siyasi, m\u0259n\u0259vi b\u00f6hran ke\u00e7ir\u0259n\u00a0Az\u0259rbaycan\u0131 ke\u00e7mi\u015f ittifaq\u0131n qabaqc\u0131l respublikalar\u0131ndan birin\u0259 \u00e7evir\u0259n g\u00f6rk\u0259mli d\u00f6vl\u0259t xadimi Heyd\u0259r \u018fliyev, \u0259slind\u0259, qurtulu\u015fun b\u00fcn\u00f6vr\u0259sini \u2013 xalq\u0131m\u0131z\u0131 m\u00fcst\u0259qilliy\u0259 aparan yolun \u0259sas\u0131n\u0131 qoymu\u015fdu. B\u00f6y\u00fck \u00f6nd\u0259r yax\u015f\u0131 bilirdi ki, xalq\u0131n iqtisadi azadl\u0131\u011f\u0131n\u0131 t\u0259min etm\u0259d\u0259n, onun tarixin\u0259 v\u0259 milli-m\u0259n\u0259vi d\u0259y\u0259rl\u0259rin\u0259&hellip;<\/p>\n","protected":false},"author":2,"featured_media":66887,"comment_status":"closed","ping_status":"closed","sticky":false,"template":"","format":"standard","meta":{"om_disable_all_campaigns":false,"_monsterinsights_skip_tracking":false,"_monsterinsights_sitenote_active":false,"_monsterinsights_sitenote_note":"","_monsterinsights_sitenote_category":0},"categories":[1],"tags":[],"aioseo_notices":[],"gutentor_comment":0,"rttpg_featured_image_url":{"full":["https:\/\/arantv.az\/wp-content\/uploads\/2019\/06\/1208167.jpg",734,412,false],"landscape":["https:\/\/arantv.az\/wp-content\/uploads\/2019\/06\/1208167.jpg",734,412,false],"portraits":["https:\/\/arantv.az\/wp-content\/uploads\/2019\/06\/1208167.jpg",734,412,false],"thumbnail":["https:\/\/arantv.az\/wp-content\/uploads\/2019\/06\/1208167-150x150.jpg",150,150,true],"medium":["https:\/\/arantv.az\/wp-content\/uploads\/2019\/06\/1208167-300x168.jpg",300,168,true],"large":["https:\/\/arantv.az\/wp-content\/uploads\/2019\/06\/1208167.jpg",640,359,false],"1536x1536":["https:\/\/arantv.az\/wp-content\/uploads\/2019\/06\/1208167.jpg",734,412,false],"2048x2048":["https:\/\/arantv.az\/wp-content\/uploads\/2019\/06\/1208167.jpg",734,412,false],"post-thumbnail":["https:\/\/arantv.az\/wp-content\/uploads\/2019\/06\/1208167-240x172.jpg",240,172,true],"advps-thumb-one":["https:\/\/arantv.az\/wp-content\/uploads\/2019\/06\/1208167.jpg",734,412,false]},"rttpg_author":{"display_name":"V\u00fcsal Rafiqo\u011flu","author_link":"https:\/\/arantv.az\/?author=2"},"rttpg_comment":0,"rttpg_category":"<a href=\"https:\/\/arantv.az\/?cat=1\" rel=\"category\">C\u0259miyy\u0259t<\/a>","rttpg_excerpt":"&#8220;Az\u0259rxal\u00e7a&#8221; A\u00e7\u0131q S\u0259hmdar C\u0259miyy\u0259tinin filiallar\u0131nda Milli Qurtulu\u015f G\u00fcn\u00fcn\u0259 h\u0259sr olunmu\u015f t\u0259dbirl\u0259r ke\u00e7irilib. ARANTV.AZ\u00a0m\u0259lumat verir ki, \u0259vv\u0259lc\u0259 S\u0259hmdar C\u0259miyy\u0259tin \u0130dar\u0259 Hey\u0259tinin s\u0259dri Vidadi Muradovun Milli Qurtulu\u015f G\u00fcn\u00fc m\u00fcnasib\u0259til\u0259 kollektivl\u0259r\u0259 t\u0259briki \u00e7atd\u0131r\u0131l\u0131b. T\u0259dbirl\u0259rd\u0259 qeyd olunub ki, \u00fcmummilli lider\u00a0Heyd\u0259r \u018fliyevin respublikam\u0131za r\u0259hb\u0259rlik d\u00f6vr\u00fc xalq\u0131m\u0131z\u0131n Qurtulu\u015f tarixin\u0259 \u00e7evrilib. \u00d6lk\u0259miz\u0259 r\u0259hb\u0259rliyinin birinci d\u00f6vr\u00fcnd\u0259 a\u011f\u0131r iqtisadi, siyasi, m\u0259n\u0259vi b\u00f6hran ke\u00e7ir\u0259n\u00a0Az\u0259rbaycan\u0131 ke\u00e7mi\u015f&hellip;","_links":{"self":[{"href":"https:\/\/arantv.az\/index.php?rest_route=\/wp\/v2\/posts\/66886"}],"collection":[{"href":"https:\/\/arantv.az\/index.php?rest_route=\/wp\/v2\/posts"}],"about":[{"href":"https:\/\/arantv.az\/index.php?rest_route=\/wp\/v2\/types\/post"}],"author":[{"embeddable":true,"href":"https:\/\/arantv.az\/index.php?rest_route=\/wp\/v2\/users\/2"}],"replies":[{"embeddable":true,"href":"https:\/\/arantv.az\/index.php?rest_route=%2Fwp%2Fv2%2Fcomments&post=66886"}],"version-history":[{"count":0,"href":"https:\/\/arantv.az\/index.php?rest_route=\/wp\/v2\/posts\/66886\/revisions"}],"wp:featuredmedia":[{"embeddable":true,"href":"https:\/\/arantv.az\/index.php?rest_route=\/wp\/v2\/media\/66887"}],"wp:attachment":[{"href":"https:\/\/arantv.az\/index.php?rest_route=%2Fwp%2Fv2%2Fmedia&parent=66886"}],"wp:term":[{"taxonomy":"category","embeddable":true,"href":"https:\/\/arantv.az\/index.php?rest_route=%2Fwp%2Fv2%2Fcategories&post=66886"},{"taxonomy":"post_tag","embeddable":true,"href":"https:\/\/arantv.az\/index.php?rest_route=%2Fwp%2Fv2%2Ftags&post=66886"}],"curies":[{"name":"wp","href":"https:\/\/api.w.org\/{rel}","templated":true}]}}