{"id":668860,"date":"2023-12-14T17:06:58","date_gmt":"2023-12-14T13:06:58","guid":{"rendered":"https:\/\/arantv.az\/?p=668860"},"modified":"2023-12-14T17:06:58","modified_gmt":"2023-12-14T13:06:58","slug":"danimarkada-terror-aktlari-hazirlamaqda-subh%c9%99li-bilin%c9%99n-s%c9%99xsl%c9%99r-saxlaniliblar","status":"publish","type":"post","link":"https:\/\/arantv.az\/?p=668860","title":{"rendered":"Danimarkada terror aktlar\u0131 haz\u0131rlamaqda \u015f\u00fcbh\u0259li bilin\u0259n \u015f\u0259xsl\u0259r saxlan\u0131l\u0131blar"},"content":{"rendered":"<p>Danimarka Polisinin T\u0259hl\u00fck\u0259sizlik Xidm\u0259ti (PET) bir ne\u00e7\u0259 \u0259razi dair\u0259sinin yerli polisi il\u0259 birg\u0259 \u0259m\u0259liyyat ke\u00e7irib v\u0259 bu \u0259m\u0259liyyat zaman\u0131 terror aktlar\u0131 haz\u0131rlamaqda \u015f\u00fcbh\u0259li bilin\u0259n bir ne\u00e7\u0259 n\u0259f\u0259r saxlan\u0131l\u0131b.<\/p>\n<p>Bu bar\u0259d\u0259 Kopenhagen polisi m\u0259lumat yay\u0131b.<\/p>\n<p>Press-relizd\u0259 \u0259m\u0259liyyat\u0131n ne\u00e7\u0259 \u0259razi dair\u0259sind\u0259 ke\u00e7irildiyi v\u0259 saxlan\u0131lanlar\u0131n say\u0131 bar\u0259d\u0259 m\u0259lumat verilmir. Bu bar\u0259d\u0259 daha \u0259trafl\u0131 m\u0259lumat T\u0259hl\u00fck\u0259sizlik Xidm\u0259tinin r\u0259hb\u0259rliyi v\u0259 Kopenhagen polisinin n\u00fcmay\u0259nd\u0259l\u0259rinin i\u015ftirak\u0131 il\u0259 ke\u00e7iril\u0259c\u0259k m\u0259tbuat konfrans\u0131nda veril\u0259c\u0259k.<\/p>\n<p>M\u0259nb\u0259: TASS<\/p>\n","protected":false},"excerpt":{"rendered":"<p>Danimarka Polisinin T\u0259hl\u00fck\u0259sizlik Xidm\u0259ti (PET) bir ne\u00e7\u0259 \u0259razi dair\u0259sinin yerli polisi il\u0259 birg\u0259 \u0259m\u0259liyyat ke\u00e7irib v\u0259 bu \u0259m\u0259liyyat zaman\u0131 terror aktlar\u0131 haz\u0131rlamaqda \u015f\u00fcbh\u0259li bilin\u0259n bir ne\u00e7\u0259 n\u0259f\u0259r saxlan\u0131l\u0131b. Bu bar\u0259d\u0259 Kopenhagen polisi m\u0259lumat yay\u0131b. Press-relizd\u0259 \u0259m\u0259liyyat\u0131n ne\u00e7\u0259 \u0259razi dair\u0259sind\u0259 ke\u00e7irildiyi v\u0259 saxlan\u0131lanlar\u0131n say\u0131 bar\u0259d\u0259 m\u0259lumat verilmir. Bu bar\u0259d\u0259 daha \u0259trafl\u0131 m\u0259lumat T\u0259hl\u00fck\u0259sizlik Xidm\u0259tinin r\u0259hb\u0259rliyi v\u0259 Kopenhagen polisinin n\u00fcmay\u0259nd\u0259l\u0259rinin i\u015ftirak\u0131 il\u0259 ke\u00e7iril\u0259c\u0259k m\u0259tbuat konfrans\u0131nda veril\u0259c\u0259k. M\u0259nb\u0259: TASS<\/p>\n","protected":false},"author":2,"featured_media":668861,"comment_status":"closed","ping_status":"closed","sticky":false,"template":"","format":"standard","meta":{"om_disable_all_campaigns":false,"_monsterinsights_skip_tracking":false,"_monsterinsights_sitenote_active":false,"_monsterinsights_sitenote_note":"","_monsterinsights_sitenote_category":0},"categories":[7],"tags":[],"aioseo_notices":[],"gutentor_comment":0,"rttpg_featured_image_url":{"full":["https:\/\/arantv.az\/wp-content\/uploads\/2023\/12\/FotoJet-2023-12-14T151416.664.jpg",620,413,false],"landscape":["https:\/\/arantv.az\/wp-content\/uploads\/2023\/12\/FotoJet-2023-12-14T151416.664.jpg",620,413,false],"portraits":["https:\/\/arantv.az\/wp-content\/uploads\/2023\/12\/FotoJet-2023-12-14T151416.664.jpg",620,413,false],"thumbnail":["https:\/\/arantv.az\/wp-content\/uploads\/2023\/12\/FotoJet-2023-12-14T151416.664-500x280.jpg",500,280,true],"medium":["https:\/\/arantv.az\/wp-content\/uploads\/2023\/12\/FotoJet-2023-12-14T151416.664-548x365.jpg",548,365,true],"large":["https:\/\/arantv.az\/wp-content\/uploads\/2023\/12\/FotoJet-2023-12-14T151416.664.jpg",620,413,false],"1536x1536":["https:\/\/arantv.az\/wp-content\/uploads\/2023\/12\/FotoJet-2023-12-14T151416.664.jpg",620,413,false],"2048x2048":["https:\/\/arantv.az\/wp-content\/uploads\/2023\/12\/FotoJet-2023-12-14T151416.664.jpg",620,413,false],"post-thumbnail":["https:\/\/arantv.az\/wp-content\/uploads\/2023\/12\/FotoJet-2023-12-14T151416.664-240x172.jpg",240,172,true],"advps-thumb-one":["https:\/\/arantv.az\/wp-content\/uploads\/2023\/12\/FotoJet-2023-12-14T151416.664.jpg",620,413,false]},"rttpg_author":{"display_name":"V\u00fcsal Rafiqo\u011flu","author_link":"https:\/\/arantv.az\/?author=2"},"rttpg_comment":0,"rttpg_category":"<a href=\"https:\/\/arantv.az\/?cat=7\" rel=\"category\">D\u00fcnya<\/a>","rttpg_excerpt":"Danimarka Polisinin T\u0259hl\u00fck\u0259sizlik Xidm\u0259ti (PET) bir ne\u00e7\u0259 \u0259razi dair\u0259sinin yerli polisi il\u0259 birg\u0259 \u0259m\u0259liyyat ke\u00e7irib v\u0259 bu \u0259m\u0259liyyat zaman\u0131 terror aktlar\u0131 haz\u0131rlamaqda \u015f\u00fcbh\u0259li bilin\u0259n bir ne\u00e7\u0259 n\u0259f\u0259r saxlan\u0131l\u0131b. Bu bar\u0259d\u0259 Kopenhagen polisi m\u0259lumat yay\u0131b. Press-relizd\u0259 \u0259m\u0259liyyat\u0131n ne\u00e7\u0259 \u0259razi dair\u0259sind\u0259 ke\u00e7irildiyi v\u0259 saxlan\u0131lanlar\u0131n say\u0131 bar\u0259d\u0259 m\u0259lumat verilmir. Bu bar\u0259d\u0259 daha \u0259trafl\u0131 m\u0259lumat T\u0259hl\u00fck\u0259sizlik Xidm\u0259tinin r\u0259hb\u0259rliyi v\u0259&hellip;","_links":{"self":[{"href":"https:\/\/arantv.az\/index.php?rest_route=\/wp\/v2\/posts\/668860"}],"collection":[{"href":"https:\/\/arantv.az\/index.php?rest_route=\/wp\/v2\/posts"}],"about":[{"href":"https:\/\/arantv.az\/index.php?rest_route=\/wp\/v2\/types\/post"}],"author":[{"embeddable":true,"href":"https:\/\/arantv.az\/index.php?rest_route=\/wp\/v2\/users\/2"}],"replies":[{"embeddable":true,"href":"https:\/\/arantv.az\/index.php?rest_route=%2Fwp%2Fv2%2Fcomments&post=668860"}],"version-history":[{"count":0,"href":"https:\/\/arantv.az\/index.php?rest_route=\/wp\/v2\/posts\/668860\/revisions"}],"wp:featuredmedia":[{"embeddable":true,"href":"https:\/\/arantv.az\/index.php?rest_route=\/wp\/v2\/media\/668861"}],"wp:attachment":[{"href":"https:\/\/arantv.az\/index.php?rest_route=%2Fwp%2Fv2%2Fmedia&parent=668860"}],"wp:term":[{"taxonomy":"category","embeddable":true,"href":"https:\/\/arantv.az\/index.php?rest_route=%2Fwp%2Fv2%2Fcategories&post=668860"},{"taxonomy":"post_tag","embeddable":true,"href":"https:\/\/arantv.az\/index.php?rest_route=%2Fwp%2Fv2%2Ftags&post=668860"}],"curies":[{"name":"wp","href":"https:\/\/api.w.org\/{rel}","templated":true}]}}