{"id":668864,"date":"2023-12-14T17:07:47","date_gmt":"2023-12-14T13:07:47","guid":{"rendered":"https:\/\/arantv.az\/?p=668864"},"modified":"2023-12-14T17:07:47","modified_gmt":"2023-12-14T13:07:47","slug":"putin-erm%c9%99nistan-qarabagi-az%c9%99rbaycanin-bir-hiss%c9%99si-kimi-taniyib","status":"publish","type":"post","link":"https:\/\/arantv.az\/?p=668864","title":{"rendered":"Putin: \u201cErm\u0259nistan Qaraba\u011f\u0131 Az\u0259rbaycan\u0131n bir hiss\u0259si kimi tan\u0131y\u0131b\u201d"},"content":{"rendered":"<p>\u201cErm\u0259nistanda Qaraba\u011fla ba\u011fl\u0131 m\u00fcr\u0259kk\u0259b daxili siyasi prosesl\u0259r gedir. Bunu ham\u0131 anlay\u0131r\u201d.<\/p>\n<p><strong>ARANTV.AZ<\/strong>-\u0131n m\u0259lumat\u0131na g\u00f6r\u0259, bunu Rusiya Prezidenti Vladimir Putin bu g\u00fcn ke\u00e7irdiyi illik m\u0259tbuat konfrans\u0131nda jurnalistl\u0259rin suallar\u0131n\u0131 cavabland\u0131rark\u0259n bildirib.<\/p>\n<p>Onun s\u00f6zl\u0259rin\u0259 g\u00f6r\u0259, Qaraba\u011f\u0131n Az\u0259rbaycan\u0131n bir hiss\u0259si oldu\u011funu tan\u0131yan Erm\u0259nistan idi.<\/p>\n<p>\u201cBiz\u0259 onlar\u0131n bel\u0259 bir q\u0259rar verm\u0259y\u0259 haz\u0131rla\u015fd\u0131qlar\u0131 bar\u0259d\u0259 m\u0259lumat verilm\u0259yib. Bu, sad\u0259c\u0259 faktd\u0131r\u201d, &#8211; dey\u0259 prezident qeyd edib.<\/p>\n<p>Putin Erm\u0259nistan\u0131n MDB, Avrasiya \u0130qtisadi \u0130ttifaq\u0131 v\u0259 Kollektiv T\u0259hl\u00fck\u0259sizlik M\u00fcqavil\u0259si T\u0259\u015fkilat\u0131ndak\u0131 (KTMT) \u00fczvl\u00fcy\u00fcn\u0259 xitam verm\u0259sinin onun \u00f6z\u00fcn\u00fcn maraqlar\u0131na uy\u011fun olmad\u0131\u011f\u0131n\u0131, ancaq n\u0259hay\u0259td\u0259 bunun yen\u0259 d\u0259 d\u00f6vl\u0259tin se\u00e7imi oldu\u011funu vur\u011fulay\u0131b.<\/p>\n<p>\u201cErm\u0259nistan ba\u015f nazirinin (Nikol Pa\u015finyan &#8211; red.) \u00fcmumi t\u0259dbirl\u0259rd\u0259 i\u015ftirak etm\u0259m\u0259sin\u0259 g\u0259linc\u0259, biz bildiyimiz q\u0259d\u0259ril\u0259, bu, \u00f6lk\u0259sind\u0259 ged\u0259n prosesl\u0259rl\u0259 ba\u011fl\u0131d\u0131r\u201d, &#8211; dey\u0259 Rusiya d\u00f6vl\u0259t ba\u015f\u00e7\u0131s\u0131 \u0259lav\u0259 edib.<\/p>\n","protected":false},"excerpt":{"rendered":"<p>\u201cErm\u0259nistanda Qaraba\u011fla ba\u011fl\u0131 m\u00fcr\u0259kk\u0259b daxili siyasi prosesl\u0259r gedir. Bunu ham\u0131 anlay\u0131r\u201d. ARANTV.AZ-\u0131n m\u0259lumat\u0131na g\u00f6r\u0259, bunu Rusiya Prezidenti Vladimir Putin bu g\u00fcn ke\u00e7irdiyi illik m\u0259tbuat konfrans\u0131nda jurnalistl\u0259rin suallar\u0131n\u0131 cavabland\u0131rark\u0259n bildirib. Onun s\u00f6zl\u0259rin\u0259 g\u00f6r\u0259, Qaraba\u011f\u0131n Az\u0259rbaycan\u0131n bir hiss\u0259si oldu\u011funu tan\u0131yan Erm\u0259nistan idi. \u201cBiz\u0259 onlar\u0131n bel\u0259 bir q\u0259rar verm\u0259y\u0259 haz\u0131rla\u015fd\u0131qlar\u0131 bar\u0259d\u0259 m\u0259lumat verilm\u0259yib. Bu, sad\u0259c\u0259 faktd\u0131r\u201d, &#8211; dey\u0259 prezident qeyd edib. Putin Erm\u0259nistan\u0131n MDB, Avrasiya \u0130qtisadi \u0130ttifaq\u0131 v\u0259 Kollektiv T\u0259hl\u00fck\u0259sizlik M\u00fcqavil\u0259si T\u0259\u015fkilat\u0131ndak\u0131 (KTMT) \u00fczvl\u00fcy\u00fcn\u0259 xitam verm\u0259sinin onun \u00f6z\u00fcn\u00fcn maraqlar\u0131na uy\u011fun olmad\u0131\u011f\u0131n\u0131, ancaq n\u0259hay\u0259td\u0259 bunun yen\u0259 d\u0259 d\u00f6vl\u0259tin se\u00e7imi oldu\u011funu vur\u011fulay\u0131b. \u201cErm\u0259nistan ba\u015f nazirinin&hellip;<\/p>\n","protected":false},"author":2,"featured_media":668865,"comment_status":"closed","ping_status":"closed","sticky":false,"template":"","format":"standard","meta":{"om_disable_all_campaigns":false,"_monsterinsights_skip_tracking":false,"_monsterinsights_sitenote_active":false,"_monsterinsights_sitenote_note":"","_monsterinsights_sitenote_category":0},"categories":[4],"tags":[],"aioseo_notices":[],"gutentor_comment":0,"rttpg_featured_image_url":{"full":["https:\/\/arantv.az\/wp-content\/uploads\/2023\/12\/387507939_1739353929909847_2455200217035064366_n.jpg",620,413,false],"landscape":["https:\/\/arantv.az\/wp-content\/uploads\/2023\/12\/387507939_1739353929909847_2455200217035064366_n.jpg",620,413,false],"portraits":["https:\/\/arantv.az\/wp-content\/uploads\/2023\/12\/387507939_1739353929909847_2455200217035064366_n.jpg",620,413,false],"thumbnail":["https:\/\/arantv.az\/wp-content\/uploads\/2023\/12\/387507939_1739353929909847_2455200217035064366_n-500x280.jpg",500,280,true],"medium":["https:\/\/arantv.az\/wp-content\/uploads\/2023\/12\/387507939_1739353929909847_2455200217035064366_n-548x365.jpg",548,365,true],"large":["https:\/\/arantv.az\/wp-content\/uploads\/2023\/12\/387507939_1739353929909847_2455200217035064366_n.jpg",620,413,false],"1536x1536":["https:\/\/arantv.az\/wp-content\/uploads\/2023\/12\/387507939_1739353929909847_2455200217035064366_n.jpg",620,413,false],"2048x2048":["https:\/\/arantv.az\/wp-content\/uploads\/2023\/12\/387507939_1739353929909847_2455200217035064366_n.jpg",620,413,false],"post-thumbnail":["https:\/\/arantv.az\/wp-content\/uploads\/2023\/12\/387507939_1739353929909847_2455200217035064366_n-240x172.jpg",240,172,true],"advps-thumb-one":["https:\/\/arantv.az\/wp-content\/uploads\/2023\/12\/387507939_1739353929909847_2455200217035064366_n.jpg",620,413,false]},"rttpg_author":{"display_name":"V\u00fcsal Rafiqo\u011flu","author_link":"https:\/\/arantv.az\/?author=2"},"rttpg_comment":0,"rttpg_category":"<a href=\"https:\/\/arantv.az\/?cat=4\" rel=\"category\">Siyas\u0259t<\/a>","rttpg_excerpt":"\u201cErm\u0259nistanda Qaraba\u011fla ba\u011fl\u0131 m\u00fcr\u0259kk\u0259b daxili siyasi prosesl\u0259r gedir. Bunu ham\u0131 anlay\u0131r\u201d. ARANTV.AZ-\u0131n m\u0259lumat\u0131na g\u00f6r\u0259, bunu Rusiya Prezidenti Vladimir Putin bu g\u00fcn ke\u00e7irdiyi illik m\u0259tbuat konfrans\u0131nda jurnalistl\u0259rin suallar\u0131n\u0131 cavabland\u0131rark\u0259n bildirib. Onun s\u00f6zl\u0259rin\u0259 g\u00f6r\u0259, Qaraba\u011f\u0131n Az\u0259rbaycan\u0131n bir hiss\u0259si oldu\u011funu tan\u0131yan Erm\u0259nistan idi. \u201cBiz\u0259 onlar\u0131n bel\u0259 bir q\u0259rar verm\u0259y\u0259 haz\u0131rla\u015fd\u0131qlar\u0131 bar\u0259d\u0259 m\u0259lumat verilm\u0259yib. Bu, sad\u0259c\u0259 faktd\u0131r\u201d, &#8211; dey\u0259&hellip;","_links":{"self":[{"href":"https:\/\/arantv.az\/index.php?rest_route=\/wp\/v2\/posts\/668864"}],"collection":[{"href":"https:\/\/arantv.az\/index.php?rest_route=\/wp\/v2\/posts"}],"about":[{"href":"https:\/\/arantv.az\/index.php?rest_route=\/wp\/v2\/types\/post"}],"author":[{"embeddable":true,"href":"https:\/\/arantv.az\/index.php?rest_route=\/wp\/v2\/users\/2"}],"replies":[{"embeddable":true,"href":"https:\/\/arantv.az\/index.php?rest_route=%2Fwp%2Fv2%2Fcomments&post=668864"}],"version-history":[{"count":0,"href":"https:\/\/arantv.az\/index.php?rest_route=\/wp\/v2\/posts\/668864\/revisions"}],"wp:featuredmedia":[{"embeddable":true,"href":"https:\/\/arantv.az\/index.php?rest_route=\/wp\/v2\/media\/668865"}],"wp:attachment":[{"href":"https:\/\/arantv.az\/index.php?rest_route=%2Fwp%2Fv2%2Fmedia&parent=668864"}],"wp:term":[{"taxonomy":"category","embeddable":true,"href":"https:\/\/arantv.az\/index.php?rest_route=%2Fwp%2Fv2%2Fcategories&post=668864"},{"taxonomy":"post_tag","embeddable":true,"href":"https:\/\/arantv.az\/index.php?rest_route=%2Fwp%2Fv2%2Ftags&post=668864"}],"curies":[{"name":"wp","href":"https:\/\/api.w.org\/{rel}","templated":true}]}}