{"id":668876,"date":"2023-12-14T17:10:20","date_gmt":"2023-12-14T13:10:20","guid":{"rendered":"https:\/\/arantv.az\/?p=668876"},"modified":"2023-12-14T17:10:20","modified_gmt":"2023-12-14T13:10:20","slug":"q%c9%99rbin-erm%c9%99nistan-uz%c9%99rind%c9%99n-rusiya-v%c9%99-irana-qarsi-karti-az%c9%99rbaycanin-davranis-t%c9%99rzi-t%c9%99hlil","status":"publish","type":"post","link":"https:\/\/arantv.az\/?p=668876","title":{"rendered":"Q\u0259rbin Erm\u0259nistan \u00fcz\u0259rind\u0259n Rusiya v\u0259 \u0130rana qar\u015f\u0131 kart\u0131: Az\u0259rbaycan\u0131n davran\u0131\u015f t\u0259rzi &#8211; T\u018fHL\u0130L"},"content":{"rendered":"<p>Avropa \u0130ttifaq\u0131 Erm\u0259nistandak\u0131 missiyas\u0131n\u0131n say\u0131n\u0131 138-d\u0259n 209-a \u00e7atd\u0131rma\u011f\u0131 q\u0259rarla\u015fd\u0131r\u0131b.<\/p>\n<p>Erm\u0259nistanla Avropa \u0130ttifaq\u0131n\u0131n bu raz\u0131la\u015fmas\u0131 Q\u0259rbin iki fiquru \u2013 AB\u015e v\u0259 Fransan\u0131n gizli g\u00fcnd\u0259liyinin n\u00f6vb\u0259ti t\u0259zah\u00fcr\u00fc kimi ba\u015fa d\u00fc\u015f\u00fcl\u0259 bil\u0259r. H\u0259r\u00e7\u0259nd ki, AB\u015e-nin m\u0259ntiqi daha \u00e7ox Rusiyan\u0131n s\u0131x\u0131\u015fd\u0131r\u0131lmas\u0131na, Parisin is\u0259 z\u0259kas\u0131 anti-Az\u0259rbaycan mar\u015frutunun geni\u015fl\u0259nm\u0259si \u00fc\u00e7\u00fcn \u00e7al\u0131\u015f\u0131r.<\/p>\n<p>Ancaq h\u0259r halda, A\u0130-nin Va\u015finqton v\u0259 Parisin \u00e7\u0259tiri alt\u0131nda Erm\u0259nistandak\u0131 missiyas\u0131n\u0131 geni\u015fl\u0259ndirm\u0259si \u0130r\u0259van\u0131 Rusiya il\u0259 daha t\u0259hl\u00fck\u0259li v\u0259 g\u0259rgin c\u0259bh\u0259 x\u0259ttin\u0259 yax\u0131nla\u015fd\u0131r\u0131r.<\/p>\n<p>Q\u0259rb-Erm\u0259nistan ittifaq\u0131n\u0131n Rusiyaya qar\u015f\u0131 \u0259hvali-ruhiyy\u0259si regional oyun\u00e7u olan \u0130ran\u0131n da maraqlar\u0131 \u00fc\u00e7\u00fcn xo\u015f niyy\u0259t ifad\u0259 etmir.<\/p>\n<p>Dem\u0259li, Erm\u0259nistan Q\u0259rbin a\u00e7d\u0131\u011f\u0131 quca\u011fa do\u011fru s\u0131\u011f\u0131nd\u0131qca, onun Moskva il\u0259 yana\u015f\u0131, Tehranla da m\u00fcnasib\u0259tl\u0259ri \u0259vv\u0259lki ill\u0259r\u0259 nisb\u0259t\u0259n faci\u0259li bir trayektoriyaya daxil olacaq.<\/p>\n<p>Hesablama aparmaq m\u00fcmk\u00fcnd\u00fcr ki, Q\u0259rb Erm\u0259nistana t\u0259hl\u00fck\u0259sizlik yard\u0131mlar\u0131 v\u0259d ed\u0259r\u0259k onu \u015firnikl\u0259ndirm\u0259y\u0259 davam ed\u0259c\u0259k. Bunun \u0259v\u0259zind\u0259 \u0130r\u0259van qar\u015f\u0131s\u0131na t\u0259l\u0259b qoyulacaq ki, o, regiondak\u0131 siyasi t\u0259dbirl\u0259r paketini Rusiya v\u0259 \u0130rana qar\u015f\u0131 sistemli bir v\u0259ziyy\u0259t\u0259 g\u0259tirsin.<\/p>\n<p>\u018fks-h\u0259ml\u0259 cavablar\u0131na g\u0259linc\u0259, Rusiya Erm\u0259nistana qar\u015f\u0131 qiym\u0259tl\u0259ndirm\u0259l\u0259rin\u0259 \u00e7oxdan ba\u015flay\u0131b.<\/p>\n<p>\u0130ran\u0131n is\u0259 g\u00fcnd\u0259liyind\u0259ki \u0130r\u0259van m\u00f6vzusunun aktuall\u0131\u011f\u0131n\u0131 itirm\u0259si Tehran\u0131n Az\u0259rbaycan, T\u00fcrkiy\u0259 v\u0259 Rusiya il\u0259 hans\u0131 formada raz\u0131l\u0131q \u0259ld\u0259 ed\u0259c\u0259yind\u0259n as\u0131l\u0131d\u0131r.<\/p>\n<p>Erm\u0259nistandak\u0131 Avropa \u0130ttifaq\u0131 missiyas\u0131n\u0131n say t\u0259rkibinin art\u0131r\u0131lmas\u0131n\u0131n geosiyasi bax\u0131mdan Q\u0259rbin uzaqg\u00f6r\u0259n plan\u0131d\u0131r, h\u0259r\u00e7\u0259nd ki, Rusiya bunu \u00f6z h\u0259r\u0259k\u0259tl\u0259ri il\u0259 bird\u0259f\u0259lik tarixin arxivin\u0259 yollamaqda israrl\u0131 g\u00f6r\u00fcn\u00fcr.<\/p>\n<p>Rusiya b\u00f6y\u00fck bir \u015f\u00f6vql\u0259 bu plan\u0131na \u0130ran\u0131 da \u015f\u0259rik qo\u015facaq v\u0259 Erm\u0259nistan\u0131n Q\u0259rbl\u0259 ittifaq qurmaq s\u0259yl\u0259rini m\u00fcxt\u0259lif variantlarla pozma\u011fa \u00e7al\u0131\u015facaq.<\/p>\n<p>G\u00f6zl\u0259nil\u0259n bel\u0259 bir h\u0259r\u0259k\u0259t Rusiya-Erm\u0259nistan g\u0259rgin m\u00fcnasib\u0259tl\u0259rinin siyasi-diplomatik masada deyil, poliqonda h\u0259ll olunaca\u011f\u0131 g\u00fcn\u00fc s\u00fcr\u0259tl\u0259 yax\u0131nla\u015fd\u0131r\u0131r.<\/p>\n<p>Yox, Erm\u0259nistan Q\u0259rbl\u0259 Rusiyan\u0131n r\u0259qab\u0259tinin aras\u0131nda \u0259h\u0259miyy\u0259tli bir tarazl\u0131q yaratsa, onda regional m\u00fchit d\u0259 t\u0259hl\u00fck\u0259li h\u0259dd\u0259n uzaqla\u015facaq.<\/p>\n<p>Az\u0259rbaycana g\u0259linc\u0259, o, regional g\u0259rginliyin m\u00fcmk\u00fcn t\u0259hl\u00fck\u0259li fazas\u0131n\u0131 Bak\u0131-\u0130r\u0259van s\u00fclh g\u00fcnd\u0259liyin\u0259 t\u0259sirl\u0259ri fonunda qiytm\u0259tl\u0259ndirir.<\/p>\n<p>Y\u0259ni Erm\u0259nistan Q\u0259rbl\u0259 d\u0259rinl\u0259\u015f\u0259n m\u00fcnasib\u0259tl\u0259rini Az\u0259rbaycana qar\u015f\u0131 hibrid m\u00fcharib\u0259y\u0259 \u00e7evirm\u0259y\u0259 c\u0259hd ets\u0259, onda Bak\u0131n\u0131n ata bil\u0259c\u0259yi add\u0131mlar\u0131n s\u0259rtliyi g\u00f6r\u00fcn\u0259c\u0259k.<\/p>\n<p>H\u0259l\u0259lik, Az\u0259rbaycan Erm\u0259nistan\u0131n Rusiya il\u0259 qeyri-funksional m\u00fcnasib\u0259tl\u0259rini v\u0259 b\u00f6l\u00fcc\u00fc m\u0259qamlar\u0131 alovland\u0131rmas\u0131ndan o q\u0259d\u0259r narahat g\u00f6r\u00fcnm\u00fcr.<\/p>\n<p>\u018fksin\u0259, Bak\u0131 \u0130r\u0259vanla sad\u0259c\u0259 ikit\u0259r\u0259fli formatda a\u00e7\u0131q qalan m\u0259s\u0259l\u0259l\u0259ri yoluna qoyma\u011fa \u00e7al\u0131\u015f\u0131r v\u0259 bunun ilkin \u0259lam\u0259tl\u0259ri \u00fcr\u0259ka\u00e7an g\u00f6r\u00fcn\u00fcr. Bunun davaml\u0131 olmas\u0131n\u0131 proqnozla\u015fd\u0131rmaq is\u0259 \u00e7\u0259tindir, \u00e7\u00fcnki Erm\u0259nistan Q\u0259rbin regional geni\u015fl\u0259nm\u0259sin\u0259 \u015f\u0259rait yaradad\u0131r.<\/p>\n<p>Q\u0259rbin is\u0259 b\u0259zi dair\u0259l\u0259ri Az\u0259rbaycana qar\u015f\u0131 m\u00fcqavim\u0259t oxunun m\u0259rk\u0259zind\u0259 erm\u0259ni amilini qabard\u0131r ki, bu, Bak\u0131-\u0130r\u0259van g\u00fcnd\u0259liyin\u0259 neqativ t\u0259sir ed\u0259n m\u0259qamlardand\u0131r.<\/p>\n","protected":false},"excerpt":{"rendered":"<p>Avropa \u0130ttifaq\u0131 Erm\u0259nistandak\u0131 missiyas\u0131n\u0131n say\u0131n\u0131 138-d\u0259n 209-a \u00e7atd\u0131rma\u011f\u0131 q\u0259rarla\u015fd\u0131r\u0131b. Erm\u0259nistanla Avropa \u0130ttifaq\u0131n\u0131n bu raz\u0131la\u015fmas\u0131 Q\u0259rbin iki fiquru \u2013 AB\u015e v\u0259 Fransan\u0131n gizli g\u00fcnd\u0259liyinin n\u00f6vb\u0259ti t\u0259zah\u00fcr\u00fc kimi ba\u015fa d\u00fc\u015f\u00fcl\u0259 bil\u0259r. H\u0259r\u00e7\u0259nd ki, AB\u015e-nin m\u0259ntiqi daha \u00e7ox Rusiyan\u0131n s\u0131x\u0131\u015fd\u0131r\u0131lmas\u0131na, Parisin is\u0259 z\u0259kas\u0131 anti-Az\u0259rbaycan mar\u015frutunun geni\u015fl\u0259nm\u0259si \u00fc\u00e7\u00fcn \u00e7al\u0131\u015f\u0131r. Ancaq h\u0259r halda, A\u0130-nin Va\u015finqton v\u0259 Parisin \u00e7\u0259tiri alt\u0131nda Erm\u0259nistandak\u0131 missiyas\u0131n\u0131 geni\u015fl\u0259ndirm\u0259si \u0130r\u0259van\u0131 Rusiya il\u0259 daha t\u0259hl\u00fck\u0259li v\u0259 g\u0259rgin c\u0259bh\u0259 x\u0259ttin\u0259 yax\u0131nla\u015fd\u0131r\u0131r. Q\u0259rb-Erm\u0259nistan ittifaq\u0131n\u0131n Rusiyaya qar\u015f\u0131 \u0259hvali-ruhiyy\u0259si regional oyun\u00e7u olan \u0130ran\u0131n da maraqlar\u0131 \u00fc\u00e7\u00fcn xo\u015f niyy\u0259t ifad\u0259 etmir. Dem\u0259li, Erm\u0259nistan Q\u0259rbin a\u00e7d\u0131\u011f\u0131 quca\u011fa do\u011fru s\u0131\u011f\u0131nd\u0131qca,&hellip;<\/p>\n","protected":false},"author":2,"featured_media":668877,"comment_status":"closed","ping_status":"closed","sticky":false,"template":"","format":"standard","meta":{"om_disable_all_campaigns":false,"_monsterinsights_skip_tracking":false,"_monsterinsights_sitenote_active":false,"_monsterinsights_sitenote_note":"","_monsterinsights_sitenote_category":0},"categories":[4],"tags":[],"aioseo_notices":[],"gutentor_comment":0,"rttpg_featured_image_url":{"full":["https:\/\/arantv.az\/wp-content\/uploads\/2023\/12\/FotoJet-57.jpg",620,413,false],"landscape":["https:\/\/arantv.az\/wp-content\/uploads\/2023\/12\/FotoJet-57.jpg",620,413,false],"portraits":["https:\/\/arantv.az\/wp-content\/uploads\/2023\/12\/FotoJet-57.jpg",620,413,false],"thumbnail":["https:\/\/arantv.az\/wp-content\/uploads\/2023\/12\/FotoJet-57-500x280.jpg",500,280,true],"medium":["https:\/\/arantv.az\/wp-content\/uploads\/2023\/12\/FotoJet-57-548x365.jpg",548,365,true],"large":["https:\/\/arantv.az\/wp-content\/uploads\/2023\/12\/FotoJet-57.jpg",620,413,false],"1536x1536":["https:\/\/arantv.az\/wp-content\/uploads\/2023\/12\/FotoJet-57.jpg",620,413,false],"2048x2048":["https:\/\/arantv.az\/wp-content\/uploads\/2023\/12\/FotoJet-57.jpg",620,413,false],"post-thumbnail":["https:\/\/arantv.az\/wp-content\/uploads\/2023\/12\/FotoJet-57-240x172.jpg",240,172,true],"advps-thumb-one":["https:\/\/arantv.az\/wp-content\/uploads\/2023\/12\/FotoJet-57.jpg",620,413,false]},"rttpg_author":{"display_name":"V\u00fcsal Rafiqo\u011flu","author_link":"https:\/\/arantv.az\/?author=2"},"rttpg_comment":0,"rttpg_category":"<a href=\"https:\/\/arantv.az\/?cat=4\" rel=\"category\">Siyas\u0259t<\/a>","rttpg_excerpt":"Avropa \u0130ttifaq\u0131 Erm\u0259nistandak\u0131 missiyas\u0131n\u0131n say\u0131n\u0131 138-d\u0259n 209-a \u00e7atd\u0131rma\u011f\u0131 q\u0259rarla\u015fd\u0131r\u0131b. Erm\u0259nistanla Avropa \u0130ttifaq\u0131n\u0131n bu raz\u0131la\u015fmas\u0131 Q\u0259rbin iki fiquru \u2013 AB\u015e v\u0259 Fransan\u0131n gizli g\u00fcnd\u0259liyinin n\u00f6vb\u0259ti t\u0259zah\u00fcr\u00fc kimi ba\u015fa d\u00fc\u015f\u00fcl\u0259 bil\u0259r. H\u0259r\u00e7\u0259nd ki, AB\u015e-nin m\u0259ntiqi daha \u00e7ox Rusiyan\u0131n s\u0131x\u0131\u015fd\u0131r\u0131lmas\u0131na, Parisin is\u0259 z\u0259kas\u0131 anti-Az\u0259rbaycan mar\u015frutunun geni\u015fl\u0259nm\u0259si \u00fc\u00e7\u00fcn \u00e7al\u0131\u015f\u0131r. Ancaq h\u0259r halda, A\u0130-nin Va\u015finqton v\u0259 Parisin \u00e7\u0259tiri alt\u0131nda Erm\u0259nistandak\u0131&hellip;","_links":{"self":[{"href":"https:\/\/arantv.az\/index.php?rest_route=\/wp\/v2\/posts\/668876"}],"collection":[{"href":"https:\/\/arantv.az\/index.php?rest_route=\/wp\/v2\/posts"}],"about":[{"href":"https:\/\/arantv.az\/index.php?rest_route=\/wp\/v2\/types\/post"}],"author":[{"embeddable":true,"href":"https:\/\/arantv.az\/index.php?rest_route=\/wp\/v2\/users\/2"}],"replies":[{"embeddable":true,"href":"https:\/\/arantv.az\/index.php?rest_route=%2Fwp%2Fv2%2Fcomments&post=668876"}],"version-history":[{"count":0,"href":"https:\/\/arantv.az\/index.php?rest_route=\/wp\/v2\/posts\/668876\/revisions"}],"wp:featuredmedia":[{"embeddable":true,"href":"https:\/\/arantv.az\/index.php?rest_route=\/wp\/v2\/media\/668877"}],"wp:attachment":[{"href":"https:\/\/arantv.az\/index.php?rest_route=%2Fwp%2Fv2%2Fmedia&parent=668876"}],"wp:term":[{"taxonomy":"category","embeddable":true,"href":"https:\/\/arantv.az\/index.php?rest_route=%2Fwp%2Fv2%2Fcategories&post=668876"},{"taxonomy":"post_tag","embeddable":true,"href":"https:\/\/arantv.az\/index.php?rest_route=%2Fwp%2Fv2%2Ftags&post=668876"}],"curies":[{"name":"wp","href":"https:\/\/api.w.org\/{rel}","templated":true}]}}