{"id":66889,"date":"2019-06-15T13:30:48","date_gmt":"2019-06-15T10:30:48","guid":{"rendered":"http:\/\/arantv.az\/?p=66889"},"modified":"2019-06-15T13:30:48","modified_gmt":"2019-06-15T10:30:48","slug":"ulu-ond%c9%99r-heyd%c9%99r-%c9%99liyevin-s%c9%99r%c9%99fli-omur-yolu-v%c9%99t%c9%99n%c9%99-xidm%c9%99t-numun%c9%99sin%c9%99-cevrilib","status":"publish","type":"post","link":"https:\/\/arantv.az\/?p=66889","title":{"rendered":"Ulu \u00f6nd\u0259r Heyd\u0259r \u018fliyevin \u015f\u0259r\u0259fli \u00f6m\u00fcr yolu V\u0259t\u0259n\u0259 xidm\u0259t n\u00fcmun\u0259sin\u0259 \u00e7evrilib"},"content":{"rendered":"<p>\u0130yunun 15-d\u0259 Masall\u0131 \u015f\u0259h\u0259rind\u0259ki Heyd\u0259r \u018fliyev M\u0259rk\u0259zind\u0259 Milli Qurtulu\u015f G\u00fcn\u00fcn\u0259 h\u0259sr olunmu\u015f \u00fcmumrayon konfrans\u0131 ke\u00e7irilib.<\/p>\n<p><strong>ARANTV.AZ<\/strong>\u00a0 x\u0259b\u0259r verir ki, \u201cTariximizin qurtulu\u015f zirv\u0259si\u201d m\u00f6vzusunda ke\u00e7iril\u0259n konfransda \u00e7\u0131x\u0131\u015f ed\u0259n Masall\u0131 Rayon \u0130cra Hakimiyy\u0259tinin ba\u015f\u00e7\u0131s\u0131 Rafil H\u00fcseynov ulu \u00f6nd\u0259r Heyd\u0259r \u018fliyevin xalq\u0131n t\u0259kidi il\u0259 yenid\u0259n siyasi hakimiyy\u0259t\u0259 qay\u0131d\u0131\u015f\u0131ndan sonra \u00f6lk\u0259mizi b\u00f6y\u00fck b\u0259lalardan qurtarmas\u0131ndan, Az\u0259rbaycan\u0131n u\u011furlu g\u0259l\u0259c\u0259yinin t\u0259m\u0259linin qoyulmas\u0131ndan dan\u0131\u015f\u0131b. Qeyd olunub ki, Heyd\u0259r \u018fliyevin yenilm\u0259z irad\u0259si, uzaqg\u00f6r\u0259nliyi v\u0259 f\u0259dakarl\u0131\u011f\u0131, \u015f\u0259r\u0259fli \u00f6m\u00fcr yolu do\u011fma xalq\u0131m\u0131z \u00fc\u00e7\u00fcn V\u0259t\u0259n\u0259 xidm\u0259t n\u00fcmun\u0259sin\u0259 \u00e7evrilib. Bu g\u00fcn b\u00f6y\u00fck r\u0259hb\u0259rin siyas\u0259tini u\u011furla h\u0259yata ke\u00e7ir\u0259n Prezident \u0130lham \u018fliyevin u\u011furlu f\u0259aliyy\u0259ti n\u0259tic\u0259sind\u0259 do\u011fma Az\u0259rbaycan\u0131m\u0131z g\u00fcnd\u0259n-g\u00fcn\u0259 inki\u015faf edir.<\/p>\n<p>Konfransda Masall\u0131 D\u00f6vl\u0259t Regional Kollecinin direktoru Vidadi N\u0259z\u0259rovun m\u00f6vzu il\u0259 ba\u011fl\u0131 m\u0259ruz\u0259si dinl\u0259nilib.<\/p>\n<p>Dig\u0259r \u00e7\u0131x\u0131\u015f ed\u0259nl\u0259r 26 il \u0259vv\u0259l \u00f6lk\u0259mizin ictimai-siyasi h\u0259yat\u0131nda ba\u015f vermi\u015f hadis\u0259l\u0259rd\u0259n dan\u0131\u015f\u0131blar.<\/p>\n<p><img loading=\"lazy\" class=\"alignnone size-medium wp-image-66890\" src=\"https:\/\/arantv.az\/wp-content\/uploads\/2019\/06\/15605932324819234271_1000x669-300x200.jpg\" alt=\"\" width=\"300\" height=\"200\" \/><\/p>\n<p>az\u0259rtac<\/p>\n","protected":false},"excerpt":{"rendered":"<p>\u0130yunun 15-d\u0259 Masall\u0131 \u015f\u0259h\u0259rind\u0259ki Heyd\u0259r \u018fliyev M\u0259rk\u0259zind\u0259 Milli Qurtulu\u015f G\u00fcn\u00fcn\u0259 h\u0259sr olunmu\u015f \u00fcmumrayon konfrans\u0131 ke\u00e7irilib. ARANTV.AZ\u00a0 x\u0259b\u0259r verir ki, \u201cTariximizin qurtulu\u015f zirv\u0259si\u201d m\u00f6vzusunda ke\u00e7iril\u0259n konfransda \u00e7\u0131x\u0131\u015f ed\u0259n Masall\u0131 Rayon \u0130cra Hakimiyy\u0259tinin ba\u015f\u00e7\u0131s\u0131 Rafil H\u00fcseynov ulu \u00f6nd\u0259r Heyd\u0259r \u018fliyevin xalq\u0131n t\u0259kidi il\u0259 yenid\u0259n siyasi hakimiyy\u0259t\u0259 qay\u0131d\u0131\u015f\u0131ndan sonra \u00f6lk\u0259mizi b\u00f6y\u00fck b\u0259lalardan qurtarmas\u0131ndan, Az\u0259rbaycan\u0131n u\u011furlu g\u0259l\u0259c\u0259yinin t\u0259m\u0259linin qoyulmas\u0131ndan dan\u0131\u015f\u0131b. Qeyd olunub ki, Heyd\u0259r \u018fliyevin yenilm\u0259z irad\u0259si, uzaqg\u00f6r\u0259nliyi v\u0259 f\u0259dakarl\u0131\u011f\u0131, \u015f\u0259r\u0259fli \u00f6m\u00fcr yolu do\u011fma xalq\u0131m\u0131z \u00fc\u00e7\u00fcn V\u0259t\u0259n\u0259 xidm\u0259t n\u00fcmun\u0259sin\u0259 \u00e7evrilib. Bu g\u00fcn b\u00f6y\u00fck r\u0259hb\u0259rin siyas\u0259tini u\u011furla h\u0259yata ke\u00e7ir\u0259n Prezident \u0130lham \u018fliyevin u\u011furlu f\u0259aliyy\u0259ti n\u0259tic\u0259sind\u0259&hellip;<\/p>\n","protected":false},"author":2,"featured_media":66890,"comment_status":"closed","ping_status":"closed","sticky":false,"template":"","format":"standard","meta":{"om_disable_all_campaigns":false,"_monsterinsights_skip_tracking":false,"_monsterinsights_sitenote_active":false,"_monsterinsights_sitenote_note":"","_monsterinsights_sitenote_category":0},"categories":[1],"tags":[],"aioseo_notices":[],"gutentor_comment":0,"rttpg_featured_image_url":{"full":["https:\/\/arantv.az\/wp-content\/uploads\/2019\/06\/15605932324819234271_1000x669.jpg",1000,666,false],"landscape":["https:\/\/arantv.az\/wp-content\/uploads\/2019\/06\/15605932324819234271_1000x669.jpg",1000,666,false],"portraits":["https:\/\/arantv.az\/wp-content\/uploads\/2019\/06\/15605932324819234271_1000x669.jpg",1000,666,false],"thumbnail":["https:\/\/arantv.az\/wp-content\/uploads\/2019\/06\/15605932324819234271_1000x669-150x150.jpg",150,150,true],"medium":["https:\/\/arantv.az\/wp-content\/uploads\/2019\/06\/15605932324819234271_1000x669-300x200.jpg",300,200,true],"large":["https:\/\/arantv.az\/wp-content\/uploads\/2019\/06\/15605932324819234271_1000x669.jpg",640,426,false],"1536x1536":["https:\/\/arantv.az\/wp-content\/uploads\/2019\/06\/15605932324819234271_1000x669.jpg",1000,666,false],"2048x2048":["https:\/\/arantv.az\/wp-content\/uploads\/2019\/06\/15605932324819234271_1000x669.jpg",1000,666,false],"post-thumbnail":["https:\/\/arantv.az\/wp-content\/uploads\/2019\/06\/15605932324819234271_1000x669-240x172.jpg",240,172,true],"advps-thumb-one":["https:\/\/arantv.az\/wp-content\/uploads\/2019\/06\/15605932324819234271_1000x669-1000x620.jpg",1000,620,true]},"rttpg_author":{"display_name":"V\u00fcsal Rafiqo\u011flu","author_link":"https:\/\/arantv.az\/?author=2"},"rttpg_comment":0,"rttpg_category":"<a href=\"https:\/\/arantv.az\/?cat=1\" rel=\"category\">C\u0259miyy\u0259t<\/a>","rttpg_excerpt":"\u0130yunun 15-d\u0259 Masall\u0131 \u015f\u0259h\u0259rind\u0259ki Heyd\u0259r \u018fliyev M\u0259rk\u0259zind\u0259 Milli Qurtulu\u015f G\u00fcn\u00fcn\u0259 h\u0259sr olunmu\u015f \u00fcmumrayon konfrans\u0131 ke\u00e7irilib. ARANTV.AZ\u00a0 x\u0259b\u0259r verir ki, \u201cTariximizin qurtulu\u015f zirv\u0259si\u201d m\u00f6vzusunda ke\u00e7iril\u0259n konfransda \u00e7\u0131x\u0131\u015f ed\u0259n Masall\u0131 Rayon \u0130cra Hakimiyy\u0259tinin ba\u015f\u00e7\u0131s\u0131 Rafil H\u00fcseynov ulu \u00f6nd\u0259r Heyd\u0259r \u018fliyevin xalq\u0131n t\u0259kidi il\u0259 yenid\u0259n siyasi hakimiyy\u0259t\u0259 qay\u0131d\u0131\u015f\u0131ndan sonra \u00f6lk\u0259mizi b\u00f6y\u00fck b\u0259lalardan qurtarmas\u0131ndan, Az\u0259rbaycan\u0131n u\u011furlu g\u0259l\u0259c\u0259yinin t\u0259m\u0259linin qoyulmas\u0131ndan&hellip;","_links":{"self":[{"href":"https:\/\/arantv.az\/index.php?rest_route=\/wp\/v2\/posts\/66889"}],"collection":[{"href":"https:\/\/arantv.az\/index.php?rest_route=\/wp\/v2\/posts"}],"about":[{"href":"https:\/\/arantv.az\/index.php?rest_route=\/wp\/v2\/types\/post"}],"author":[{"embeddable":true,"href":"https:\/\/arantv.az\/index.php?rest_route=\/wp\/v2\/users\/2"}],"replies":[{"embeddable":true,"href":"https:\/\/arantv.az\/index.php?rest_route=%2Fwp%2Fv2%2Fcomments&post=66889"}],"version-history":[{"count":0,"href":"https:\/\/arantv.az\/index.php?rest_route=\/wp\/v2\/posts\/66889\/revisions"}],"wp:featuredmedia":[{"embeddable":true,"href":"https:\/\/arantv.az\/index.php?rest_route=\/wp\/v2\/media\/66890"}],"wp:attachment":[{"href":"https:\/\/arantv.az\/index.php?rest_route=%2Fwp%2Fv2%2Fmedia&parent=66889"}],"wp:term":[{"taxonomy":"category","embeddable":true,"href":"https:\/\/arantv.az\/index.php?rest_route=%2Fwp%2Fv2%2Fcategories&post=66889"},{"taxonomy":"post_tag","embeddable":true,"href":"https:\/\/arantv.az\/index.php?rest_route=%2Fwp%2Fv2%2Ftags&post=66889"}],"curies":[{"name":"wp","href":"https:\/\/api.w.org\/{rel}","templated":true}]}}