{"id":668891,"date":"2023-12-14T17:14:25","date_gmt":"2023-12-14T13:14:25","guid":{"rendered":"https:\/\/arantv.az\/?p=668891"},"modified":"2023-12-14T17:14:25","modified_gmt":"2023-12-14T13:14:25","slug":"icma-erm%c9%99nistan-qeyri-konstruktiv-yanasmadan-%c9%99l-c%c9%99km%c9%99lidir","status":"publish","type":"post","link":"https:\/\/arantv.az\/?p=668891","title":{"rendered":"\u0130cma: \u201cErm\u0259nistan qeyri-konstruktiv yana\u015fmadan \u0259l \u00e7\u0259km\u0259lidir\u201d"},"content":{"rendered":"<p>\u201cErm\u0259nistan r\u0259smil\u0259rinin son g\u00fcnl\u0259r s\u00fclh m\u00fcqavil\u0259sinin imzalanmas\u0131 \u00fc\u00e7\u00fcn \u201c3 prinsip\u0259 riay\u0259t olunmas\u0131\u201d, \u201cqo\u015funlar\u0131n s\u0259rh\u0259dd\u0259n geri \u00e7\u0259kilm\u0259si\u201d, \u201cbeyn\u0259lxalq qarant mexanizmi\u201d bar\u0259d\u0259 dedikl\u0259ri fikirl\u0259r bu \u00f6lk\u0259nin s\u00fclh m\u00fcqavil\u0259sinin imzalanmas\u0131nda maraql\u0131 olmad\u0131\u011f\u0131n\u0131, m\u00fcxt\u0259lif s\u00fcni mane\u0259l\u0259rl\u0259 prosesi yubatd\u0131\u011f\u0131n\u0131 g\u00f6st\u0259rir\u201d.<\/p>\n<p>Bu bar\u0259d\u0259 Q\u0259rbi Az\u0259rbaycan \u0130cmas\u0131n\u0131n yayd\u0131\u011f\u0131 b\u0259yanatda bildirilib.<\/p>\n<p>\u201cG\u00f6r\u00fcn\u00fcr, bunun s\u0259b\u0259bi Fransa ba\u015fda olmaqla xarici \u00f6lk\u0259l\u0259rd\u0259n al\u0131nan silahlar\u0131n v\u0259 Avropa \u0130ttifaq\u0131n\u0131n bu \u00f6lk\u0259d\u0259ki missiyas\u0131n\u0131n say\u0131n\u0131n art\u0131r\u0131lmas\u0131n\u0131n Erm\u0259nistana verdiyi g\u00fcv\u0259ndir. Erm\u0259nistan s\u00fclh m\u00fcqavil\u0259sinin imzalanmas\u0131 \u00fc\u00e7\u00fcn \u015f\u0259rtl\u0259r ir\u0259li s\u00fcrm\u0259k kimi qeyri-konstruktiv yana\u015fmadan \u0259l \u00e7\u0259km\u0259lidir\u201d, &#8211; b\u0259yanatda vur\u011fulan\u0131b.<\/p>\n","protected":false},"excerpt":{"rendered":"<p>\u201cErm\u0259nistan r\u0259smil\u0259rinin son g\u00fcnl\u0259r s\u00fclh m\u00fcqavil\u0259sinin imzalanmas\u0131 \u00fc\u00e7\u00fcn \u201c3 prinsip\u0259 riay\u0259t olunmas\u0131\u201d, \u201cqo\u015funlar\u0131n s\u0259rh\u0259dd\u0259n geri \u00e7\u0259kilm\u0259si\u201d, \u201cbeyn\u0259lxalq qarant mexanizmi\u201d bar\u0259d\u0259 dedikl\u0259ri fikirl\u0259r bu \u00f6lk\u0259nin s\u00fclh m\u00fcqavil\u0259sinin imzalanmas\u0131nda maraql\u0131 olmad\u0131\u011f\u0131n\u0131, m\u00fcxt\u0259lif s\u00fcni mane\u0259l\u0259rl\u0259 prosesi yubatd\u0131\u011f\u0131n\u0131 g\u00f6st\u0259rir\u201d. Bu bar\u0259d\u0259 Q\u0259rbi Az\u0259rbaycan \u0130cmas\u0131n\u0131n yayd\u0131\u011f\u0131 b\u0259yanatda bildirilib. \u201cG\u00f6r\u00fcn\u00fcr, bunun s\u0259b\u0259bi Fransa ba\u015fda olmaqla xarici \u00f6lk\u0259l\u0259rd\u0259n al\u0131nan silahlar\u0131n v\u0259 Avropa \u0130ttifaq\u0131n\u0131n bu \u00f6lk\u0259d\u0259ki missiyas\u0131n\u0131n say\u0131n\u0131n art\u0131r\u0131lmas\u0131n\u0131n Erm\u0259nistana verdiyi g\u00fcv\u0259ndir. Erm\u0259nistan s\u00fclh m\u00fcqavil\u0259sinin imzalanmas\u0131 \u00fc\u00e7\u00fcn \u015f\u0259rtl\u0259r ir\u0259li s\u00fcrm\u0259k kimi qeyri-konstruktiv yana\u015fmadan \u0259l \u00e7\u0259km\u0259lidir\u201d, &#8211; b\u0259yanatda vur\u011fulan\u0131b.<\/p>\n","protected":false},"author":2,"featured_media":668892,"comment_status":"closed","ping_status":"closed","sticky":false,"template":"","format":"standard","meta":{"om_disable_all_campaigns":false,"_monsterinsights_skip_tracking":false,"_monsterinsights_sitenote_active":false,"_monsterinsights_sitenote_note":"","_monsterinsights_sitenote_category":0},"categories":[4],"tags":[],"aioseo_notices":[],"gutentor_comment":0,"rttpg_featured_image_url":{"full":["https:\/\/arantv.az\/wp-content\/uploads\/2023\/12\/130f1a8e169003180081208130510206007-3.jpg",975,540,false],"landscape":["https:\/\/arantv.az\/wp-content\/uploads\/2023\/12\/130f1a8e169003180081208130510206007-3.jpg",975,540,false],"portraits":["https:\/\/arantv.az\/wp-content\/uploads\/2023\/12\/130f1a8e169003180081208130510206007-3.jpg",975,540,false],"thumbnail":["https:\/\/arantv.az\/wp-content\/uploads\/2023\/12\/130f1a8e169003180081208130510206007-3-500x280.jpg",500,280,true],"medium":["https:\/\/arantv.az\/wp-content\/uploads\/2023\/12\/130f1a8e169003180081208130510206007-3-660x365.jpg",660,365,true],"large":["https:\/\/arantv.az\/wp-content\/uploads\/2023\/12\/130f1a8e169003180081208130510206007-3-840x465.jpg",640,354,true],"1536x1536":["https:\/\/arantv.az\/wp-content\/uploads\/2023\/12\/130f1a8e169003180081208130510206007-3.jpg",975,540,false],"2048x2048":["https:\/\/arantv.az\/wp-content\/uploads\/2023\/12\/130f1a8e169003180081208130510206007-3.jpg",975,540,false],"post-thumbnail":["https:\/\/arantv.az\/wp-content\/uploads\/2023\/12\/130f1a8e169003180081208130510206007-3-240x172.jpg",240,172,true],"advps-thumb-one":["https:\/\/arantv.az\/wp-content\/uploads\/2023\/12\/130f1a8e169003180081208130510206007-3.jpg",975,540,false]},"rttpg_author":{"display_name":"V\u00fcsal Rafiqo\u011flu","author_link":"https:\/\/arantv.az\/?author=2"},"rttpg_comment":0,"rttpg_category":"<a href=\"https:\/\/arantv.az\/?cat=4\" rel=\"category\">Siyas\u0259t<\/a>","rttpg_excerpt":"\u201cErm\u0259nistan r\u0259smil\u0259rinin son g\u00fcnl\u0259r s\u00fclh m\u00fcqavil\u0259sinin imzalanmas\u0131 \u00fc\u00e7\u00fcn \u201c3 prinsip\u0259 riay\u0259t olunmas\u0131\u201d, \u201cqo\u015funlar\u0131n s\u0259rh\u0259dd\u0259n geri \u00e7\u0259kilm\u0259si\u201d, \u201cbeyn\u0259lxalq qarant mexanizmi\u201d bar\u0259d\u0259 dedikl\u0259ri fikirl\u0259r bu \u00f6lk\u0259nin s\u00fclh m\u00fcqavil\u0259sinin imzalanmas\u0131nda maraql\u0131 olmad\u0131\u011f\u0131n\u0131, m\u00fcxt\u0259lif s\u00fcni mane\u0259l\u0259rl\u0259 prosesi yubatd\u0131\u011f\u0131n\u0131 g\u00f6st\u0259rir\u201d. Bu bar\u0259d\u0259 Q\u0259rbi Az\u0259rbaycan \u0130cmas\u0131n\u0131n yayd\u0131\u011f\u0131 b\u0259yanatda bildirilib. \u201cG\u00f6r\u00fcn\u00fcr, bunun s\u0259b\u0259bi Fransa ba\u015fda olmaqla xarici \u00f6lk\u0259l\u0259rd\u0259n al\u0131nan silahlar\u0131n v\u0259 Avropa&hellip;","_links":{"self":[{"href":"https:\/\/arantv.az\/index.php?rest_route=\/wp\/v2\/posts\/668891"}],"collection":[{"href":"https:\/\/arantv.az\/index.php?rest_route=\/wp\/v2\/posts"}],"about":[{"href":"https:\/\/arantv.az\/index.php?rest_route=\/wp\/v2\/types\/post"}],"author":[{"embeddable":true,"href":"https:\/\/arantv.az\/index.php?rest_route=\/wp\/v2\/users\/2"}],"replies":[{"embeddable":true,"href":"https:\/\/arantv.az\/index.php?rest_route=%2Fwp%2Fv2%2Fcomments&post=668891"}],"version-history":[{"count":0,"href":"https:\/\/arantv.az\/index.php?rest_route=\/wp\/v2\/posts\/668891\/revisions"}],"wp:featuredmedia":[{"embeddable":true,"href":"https:\/\/arantv.az\/index.php?rest_route=\/wp\/v2\/media\/668892"}],"wp:attachment":[{"href":"https:\/\/arantv.az\/index.php?rest_route=%2Fwp%2Fv2%2Fmedia&parent=668891"}],"wp:term":[{"taxonomy":"category","embeddable":true,"href":"https:\/\/arantv.az\/index.php?rest_route=%2Fwp%2Fv2%2Fcategories&post=668891"},{"taxonomy":"post_tag","embeddable":true,"href":"https:\/\/arantv.az\/index.php?rest_route=%2Fwp%2Fv2%2Ftags&post=668891"}],"curies":[{"name":"wp","href":"https:\/\/api.w.org\/{rel}","templated":true}]}}