{"id":668894,"date":"2023-12-14T17:15:02","date_gmt":"2023-12-14T13:15:02","guid":{"rendered":"https:\/\/arantv.az\/?p=668894"},"modified":"2023-12-14T17:15:03","modified_gmt":"2023-12-14T13:15:03","slug":"hikm%c9%99t-haciyev-turk-m%c9%99d%c9%99niyy%c9%99ti-v%c9%99-irsi-fondunun-prezidenti-il%c9%99-gorusub","status":"publish","type":"post","link":"https:\/\/arantv.az\/?p=668894","title":{"rendered":"Hikm\u0259t Hac\u0131yev T\u00fcrk M\u0259d\u0259niyy\u0259ti v\u0259 \u0130rsi Fondunun prezidenti il\u0259 g\u00f6r\u00fc\u015f\u00fcb"},"content":{"rendered":"<p>Dekabr\u0131n 13-d\u0259 Az\u0259rbaycan Respublikas\u0131 Prezidentinin k\u00f6m\u0259k\u00e7isi &#8211; Prezident Administrasiyas\u0131n\u0131n Xarici siyas\u0259t m\u0259s\u0259l\u0259l\u0259ri \u015f\u00f6b\u0259sinin m\u00fcdiri Hikm\u0259t Hac\u0131yev T\u00fcrk M\u0259d\u0259niyy\u0259ti v\u0259 \u0130rsi Fondunun prezidenti Aktot\u0131 Raimkulova il\u0259 g\u00f6r\u00fc\u015f\u00fcb.<\/p>\n<p>Fonddan AZ\u018fRTAC-a bildiribl\u0259r ki, g\u00f6r\u00fc\u015fd\u0259 Hikm\u0259t Hac\u0131yev Aktot\u0131 Raimkulovan\u0131 T\u00fcrk d\u00f6vl\u0259tl\u0259rinin ba\u015f\u00e7\u0131lar\u0131 t\u0259r\u0259find\u0259n T\u00fcrk M\u0259d\u0259niyy\u0259ti v\u0259 \u0130rsi Fondunun prezidenti t\u0259yin olunmas\u0131 m\u00fcnasib\u0259til\u0259 t\u0259brik edib. O, m\u00fcasir d\u00f6vrd\u0259 T\u00fcrk xalqlar\u0131n\u0131n h\u0259rt\u0259r\u0259fli inteqrasiya prosesl\u0259rinin g\u00fccl\u0259ndirilm\u0259sinin \u00f6n\u0259mind\u0259n b\u0259hs ed\u0259r\u0259k, T\u00fcrk d\u00f6vl\u0259tl\u0259rinin m\u0259d\u0259ni \u0259laq\u0259l\u0259rinin inki\u015faf\u0131nda T\u0259\u015fkilat\u0131n rolunu vur\u011fulay\u0131b.<\/p>\n<p>S\u00f6hb\u0259t zaman\u0131 Aktot\u0131 Raimkulova Qaraba\u011f\u0131n i\u015f\u011faldan azad olunmas\u0131n\u0131 Az\u0259rbaycan v\u0259 b\u00fct\u00f6vl\u00fckd\u0259 T\u00fcrk d\u00fcnyas\u0131 \u00fc\u00e7\u00fcn tarixi \u0259h\u0259miyy\u0259t\u0259 malik hadis\u0259 kimi qiym\u0259tl\u0259ndirib. T\u0259\u015fkilat\u0131n r\u0259hb\u0259ri bu il T\u00fcrk d\u00fcnyas\u0131nda t\u0259nt\u0259n\u0259li \u015f\u0259kild\u0259 qeyd olunan \u0259lam\u0259tdar yubileyl\u0259r s\u0131ras\u0131nda m\u00fcasir m\u00fcst\u0259qil Az\u0259rbaycan d\u00f6vl\u0259tinin qurucusu ulu \u00f6nd\u0259r Heyd\u0259r \u018fliyevin 100 illiyin\u0259 diqq\u0259t \u00e7\u0259kib.<\/p>\n<p>Aktot\u0131 Raimkulova T\u00fcrk M\u0259d\u0259niyy\u0259ti v\u0259 \u0130rsi Fondunun yarad\u0131lmas\u0131nda v\u0259 quruldu\u011fu ilk ill\u0259rd\u0259n t\u0259\u015fkilat\u0131n f\u0259aliyy\u0259tin\u0259 d\u0259st\u0259yin verilm\u0259sind\u0259 Prezident<strong>\u00a0\u0130lham \u018fliyevin<\/strong>\u00a0m\u00fcst\u0259sna rolunu vur\u011fulay\u0131b. O, Fondun Az\u0259rbaycan\u0131n i\u015f\u011faldan azad edilmi\u015f \u0259razil\u0259rind\u0259 yenid\u0259nqurma v\u0259 b\u0259rpa prosesin\u0259 t\u00f6hf\u0259 verilm\u0259sin\u0259, el\u0259c\u0259 d\u0259 \u00f6lk\u0259nin t\u0259klifl\u0259ri \u0259sas\u0131nda t\u0259\u015fkilat\u0131n bundan sonrak\u0131 f\u0259aliyy\u0259tl\u0259rind\u0259 yeni strateji istiqam\u0259tl\u0259rin h\u0259yata ke\u00e7irilm\u0259sin\u0259 haz\u0131r oldu\u011funu vur\u011fulay\u0131b.<\/p>\n<p>G\u00f6r\u00fc\u015f qar\u015f\u0131l\u0131ql\u0131 maraq do\u011furan dig\u0259r m\u0259s\u0259l\u0259l\u0259r \u0259traf\u0131nda fikir m\u00fcbadil\u0259si il\u0259 davam edib.<\/p>\n","protected":false},"excerpt":{"rendered":"<p>Dekabr\u0131n 13-d\u0259 Az\u0259rbaycan Respublikas\u0131 Prezidentinin k\u00f6m\u0259k\u00e7isi &#8211; Prezident Administrasiyas\u0131n\u0131n Xarici siyas\u0259t m\u0259s\u0259l\u0259l\u0259ri \u015f\u00f6b\u0259sinin m\u00fcdiri Hikm\u0259t Hac\u0131yev T\u00fcrk M\u0259d\u0259niyy\u0259ti v\u0259 \u0130rsi Fondunun prezidenti Aktot\u0131 Raimkulova il\u0259 g\u00f6r\u00fc\u015f\u00fcb. Fonddan AZ\u018fRTAC-a bildiribl\u0259r ki, g\u00f6r\u00fc\u015fd\u0259 Hikm\u0259t Hac\u0131yev Aktot\u0131 Raimkulovan\u0131 T\u00fcrk d\u00f6vl\u0259tl\u0259rinin ba\u015f\u00e7\u0131lar\u0131 t\u0259r\u0259find\u0259n T\u00fcrk M\u0259d\u0259niyy\u0259ti v\u0259 \u0130rsi Fondunun prezidenti t\u0259yin olunmas\u0131 m\u00fcnasib\u0259til\u0259 t\u0259brik edib. O, m\u00fcasir d\u00f6vrd\u0259 T\u00fcrk xalqlar\u0131n\u0131n h\u0259rt\u0259r\u0259fli inteqrasiya prosesl\u0259rinin g\u00fccl\u0259ndirilm\u0259sinin \u00f6n\u0259mind\u0259n b\u0259hs ed\u0259r\u0259k, T\u00fcrk d\u00f6vl\u0259tl\u0259rinin m\u0259d\u0259ni \u0259laq\u0259l\u0259rinin inki\u015faf\u0131nda T\u0259\u015fkilat\u0131n rolunu vur\u011fulay\u0131b. S\u00f6hb\u0259t zaman\u0131 Aktot\u0131 Raimkulova Qaraba\u011f\u0131n i\u015f\u011faldan azad olunmas\u0131n\u0131 Az\u0259rbaycan v\u0259 b\u00fct\u00f6vl\u00fckd\u0259 T\u00fcrk d\u00fcnyas\u0131 \u00fc\u00e7\u00fcn tarixi \u0259h\u0259miyy\u0259t\u0259 malik hadis\u0259 kimi qiym\u0259tl\u0259ndirib.&hellip;<\/p>\n","protected":false},"author":2,"featured_media":668895,"comment_status":"closed","ping_status":"closed","sticky":false,"template":"","format":"standard","meta":{"om_disable_all_campaigns":false,"_monsterinsights_skip_tracking":false,"_monsterinsights_sitenote_active":false,"_monsterinsights_sitenote_note":"","_monsterinsights_sitenote_category":0},"categories":[4],"tags":[],"aioseo_notices":[],"gutentor_comment":0,"rttpg_featured_image_url":{"full":["https:\/\/arantv.az\/wp-content\/uploads\/2023\/12\/17025515563643230794_1200x630.jpg",620,413,false],"landscape":["https:\/\/arantv.az\/wp-content\/uploads\/2023\/12\/17025515563643230794_1200x630.jpg",620,413,false],"portraits":["https:\/\/arantv.az\/wp-content\/uploads\/2023\/12\/17025515563643230794_1200x630.jpg",620,413,false],"thumbnail":["https:\/\/arantv.az\/wp-content\/uploads\/2023\/12\/17025515563643230794_1200x630-500x280.jpg",500,280,true],"medium":["https:\/\/arantv.az\/wp-content\/uploads\/2023\/12\/17025515563643230794_1200x630-548x365.jpg",548,365,true],"large":["https:\/\/arantv.az\/wp-content\/uploads\/2023\/12\/17025515563643230794_1200x630.jpg",620,413,false],"1536x1536":["https:\/\/arantv.az\/wp-content\/uploads\/2023\/12\/17025515563643230794_1200x630.jpg",620,413,false],"2048x2048":["https:\/\/arantv.az\/wp-content\/uploads\/2023\/12\/17025515563643230794_1200x630.jpg",620,413,false],"post-thumbnail":["https:\/\/arantv.az\/wp-content\/uploads\/2023\/12\/17025515563643230794_1200x630-240x172.jpg",240,172,true],"advps-thumb-one":["https:\/\/arantv.az\/wp-content\/uploads\/2023\/12\/17025515563643230794_1200x630.jpg",620,413,false]},"rttpg_author":{"display_name":"V\u00fcsal Rafiqo\u011flu","author_link":"https:\/\/arantv.az\/?author=2"},"rttpg_comment":0,"rttpg_category":"<a href=\"https:\/\/arantv.az\/?cat=4\" rel=\"category\">Siyas\u0259t<\/a>","rttpg_excerpt":"Dekabr\u0131n 13-d\u0259 Az\u0259rbaycan Respublikas\u0131 Prezidentinin k\u00f6m\u0259k\u00e7isi &#8211; Prezident Administrasiyas\u0131n\u0131n Xarici siyas\u0259t m\u0259s\u0259l\u0259l\u0259ri \u015f\u00f6b\u0259sinin m\u00fcdiri Hikm\u0259t Hac\u0131yev T\u00fcrk M\u0259d\u0259niyy\u0259ti v\u0259 \u0130rsi Fondunun prezidenti Aktot\u0131 Raimkulova il\u0259 g\u00f6r\u00fc\u015f\u00fcb. Fonddan AZ\u018fRTAC-a bildiribl\u0259r ki, g\u00f6r\u00fc\u015fd\u0259 Hikm\u0259t Hac\u0131yev Aktot\u0131 Raimkulovan\u0131 T\u00fcrk d\u00f6vl\u0259tl\u0259rinin ba\u015f\u00e7\u0131lar\u0131 t\u0259r\u0259find\u0259n T\u00fcrk M\u0259d\u0259niyy\u0259ti v\u0259 \u0130rsi Fondunun prezidenti t\u0259yin olunmas\u0131 m\u00fcnasib\u0259til\u0259 t\u0259brik edib. O, m\u00fcasir d\u00f6vrd\u0259 T\u00fcrk xalqlar\u0131n\u0131n&hellip;","_links":{"self":[{"href":"https:\/\/arantv.az\/index.php?rest_route=\/wp\/v2\/posts\/668894"}],"collection":[{"href":"https:\/\/arantv.az\/index.php?rest_route=\/wp\/v2\/posts"}],"about":[{"href":"https:\/\/arantv.az\/index.php?rest_route=\/wp\/v2\/types\/post"}],"author":[{"embeddable":true,"href":"https:\/\/arantv.az\/index.php?rest_route=\/wp\/v2\/users\/2"}],"replies":[{"embeddable":true,"href":"https:\/\/arantv.az\/index.php?rest_route=%2Fwp%2Fv2%2Fcomments&post=668894"}],"version-history":[{"count":0,"href":"https:\/\/arantv.az\/index.php?rest_route=\/wp\/v2\/posts\/668894\/revisions"}],"wp:featuredmedia":[{"embeddable":true,"href":"https:\/\/arantv.az\/index.php?rest_route=\/wp\/v2\/media\/668895"}],"wp:attachment":[{"href":"https:\/\/arantv.az\/index.php?rest_route=%2Fwp%2Fv2%2Fmedia&parent=668894"}],"wp:term":[{"taxonomy":"category","embeddable":true,"href":"https:\/\/arantv.az\/index.php?rest_route=%2Fwp%2Fv2%2Fcategories&post=668894"},{"taxonomy":"post_tag","embeddable":true,"href":"https:\/\/arantv.az\/index.php?rest_route=%2Fwp%2Fv2%2Ftags&post=668894"}],"curies":[{"name":"wp","href":"https:\/\/api.w.org\/{rel}","templated":true}]}}