{"id":668898,"date":"2023-12-14T17:16:15","date_gmt":"2023-12-14T13:16:15","guid":{"rendered":"https:\/\/arantv.az\/?p=668898"},"modified":"2023-12-14T17:16:15","modified_gmt":"2023-12-14T13:16:15","slug":"kasim-jomart-tokayev-az%c9%99rbaycan-prezidentini-t%c9%99brik-edib","status":"publish","type":"post","link":"https:\/\/arantv.az\/?p=668898","title":{"rendered":"Kas\u0131m-Jomart Tokayev Az\u0259rbaycan Prezidentini t\u0259brik edib"},"content":{"rendered":"<p>Qazax\u0131stan Prezidenti Kas\u0131m-Jomart Tokayev BMT-nin \u0130qlim D\u0259yi\u015fm\u0259l\u0259ri \u00fczr\u0259 \u00c7\u0259r\u00e7iv\u0259 Konvensiyas\u0131na T\u0259r\u0259f D\u00f6vl\u0259tl\u0259rin 29-cu Konfrans\u0131na (COP29) ev sahibliyi ed\u0259n \u00f6lk\u0259 kimi Az\u0259rbaycan\u0131n se\u00e7ilm\u0259sini b\u00f6y\u00fck u\u011fur kimi qiym\u0259tl\u0259ndir\u0259r\u0259k bu m\u00fcnasib\u0259til\u0259 Az\u0259rbaycan Respublikas\u0131n\u0131n Prezidenti<strong>\u00a0\u0130lham \u018fliyevi\u00a0<\/strong>t\u0259brik edib.<\/p>\n<p>Bu bar\u0259d\u0259 Qazax\u0131stan Prezidentinin M\u0259tbuat Xidm\u0259ti m\u0259lumat yay\u0131b.<\/p>\n<p>\u201cBu q\u0259rar \u00f6lk\u0259nizin beyn\u0259lxalq al\u0259md\u0259 y\u00fcks\u0259k n\u00fcfuzunun, Az\u0259rbaycan\u0131n s\u0259m\u0259r\u0259li v\u0259 m\u00fct\u0259r\u0259qqi siyas\u0259tinin tan\u0131nmas\u0131n\u0131n v\u0259 qlobal iqlim g\u00fcnd\u0259liyinin y\u00fcks\u0259k m\u0259qs\u0259dl\u0259rin\u0259 sadiqliyinin bariz g\u00f6st\u0259ricisidir.<\/p>\n<p>\u018fmin\u0259m ki, bu irimiqyasl\u0131 forumun g\u00f6z\u0259l Bak\u0131da t\u0259\u015fkili Dayan\u0131ql\u0131 \u0130nki\u015faf M\u0259qs\u0259dl\u0259rinin t\u0259bli\u011fin\u0259 m\u00fch\u00fcm t\u00f6hf\u0259 ver\u0259c\u0259k, d\u00f6vr\u00fcm\u00fcz\u00fcn \u0259n aktual probleml\u0259rinin h\u0259llin\u0259 t\u00f6hf\u0259 ver\u0259c\u0259k, d\u00fcnya ictimaiyy\u0259tinin diqq\u0259tini ekoloji v\u0259 regional m\u0259s\u0259l\u0259l\u0259r\u0259 c\u0259lb ed\u0259c\u0259kdir\u201d, &#8211; Kas\u0131m-Jomart Tokayev qeyd edib.<\/p>\n<p>Qazax\u0131stan prezidenti az\u0259rbaycanl\u0131 h\u0259mkar\u0131n\u0131 \u0259min edib ki, Qazax\u0131stan h\u0259rt\u0259r\u0259fli yard\u0131m g\u00f6st\u0259rm\u0259y\u0259 v\u0259 COP29-un u\u011furlu v\u0259 s\u0259m\u0259r\u0259li ke\u00e7irilm\u0259sind\u0259 f\u0259al i\u015ftirak etm\u0259y\u0259 haz\u0131rd\u0131r.<\/p>\n<p>Qeyd ed\u0259k ki, dekabr\u0131n 9-da \u015e\u0259rqi Avropa regional qrupu Az\u0259rbaycan\u0131 2024-c\u00fc ild\u0259 COP29-a ev sahibliyi ed\u0259c\u0259k \u00f6lk\u0259 kimi m\u00fc\u0259yy\u0259nl\u0259\u015fdirib.<\/p>\n<p>M\u0259nb\u0259: \u0130nform.kz<\/p>\n","protected":false},"excerpt":{"rendered":"<p>Qazax\u0131stan Prezidenti Kas\u0131m-Jomart Tokayev BMT-nin \u0130qlim D\u0259yi\u015fm\u0259l\u0259ri \u00fczr\u0259 \u00c7\u0259r\u00e7iv\u0259 Konvensiyas\u0131na T\u0259r\u0259f D\u00f6vl\u0259tl\u0259rin 29-cu Konfrans\u0131na (COP29) ev sahibliyi ed\u0259n \u00f6lk\u0259 kimi Az\u0259rbaycan\u0131n se\u00e7ilm\u0259sini b\u00f6y\u00fck u\u011fur kimi qiym\u0259tl\u0259ndir\u0259r\u0259k bu m\u00fcnasib\u0259til\u0259 Az\u0259rbaycan Respublikas\u0131n\u0131n Prezidenti\u00a0\u0130lham \u018fliyevi\u00a0t\u0259brik edib. Bu bar\u0259d\u0259 Qazax\u0131stan Prezidentinin M\u0259tbuat Xidm\u0259ti m\u0259lumat yay\u0131b. \u201cBu q\u0259rar \u00f6lk\u0259nizin beyn\u0259lxalq al\u0259md\u0259 y\u00fcks\u0259k n\u00fcfuzunun, Az\u0259rbaycan\u0131n s\u0259m\u0259r\u0259li v\u0259 m\u00fct\u0259r\u0259qqi siyas\u0259tinin tan\u0131nmas\u0131n\u0131n v\u0259 qlobal iqlim g\u00fcnd\u0259liyinin y\u00fcks\u0259k m\u0259qs\u0259dl\u0259rin\u0259 sadiqliyinin bariz g\u00f6st\u0259ricisidir. \u018fmin\u0259m ki, bu irimiqyasl\u0131 forumun g\u00f6z\u0259l Bak\u0131da t\u0259\u015fkili Dayan\u0131ql\u0131 \u0130nki\u015faf M\u0259qs\u0259dl\u0259rinin t\u0259bli\u011fin\u0259 m\u00fch\u00fcm t\u00f6hf\u0259 ver\u0259c\u0259k, d\u00f6vr\u00fcm\u00fcz\u00fcn \u0259n aktual probleml\u0259rinin h\u0259llin\u0259 t\u00f6hf\u0259 ver\u0259c\u0259k, d\u00fcnya ictimaiyy\u0259tinin diqq\u0259tini ekoloji v\u0259&hellip;<\/p>\n","protected":false},"author":2,"featured_media":668899,"comment_status":"closed","ping_status":"closed","sticky":false,"template":"","format":"standard","meta":{"om_disable_all_campaigns":false,"_monsterinsights_skip_tracking":false,"_monsterinsights_sitenote_active":false,"_monsterinsights_sitenote_note":"","_monsterinsights_sitenote_category":0},"categories":[4],"tags":[],"aioseo_notices":[],"gutentor_comment":0,"rttpg_featured_image_url":{"full":["https:\/\/arantv.az\/wp-content\/uploads\/2023\/12\/FotoJet-2023-12-14T150409.249.jpg",620,413,false],"landscape":["https:\/\/arantv.az\/wp-content\/uploads\/2023\/12\/FotoJet-2023-12-14T150409.249.jpg",620,413,false],"portraits":["https:\/\/arantv.az\/wp-content\/uploads\/2023\/12\/FotoJet-2023-12-14T150409.249.jpg",620,413,false],"thumbnail":["https:\/\/arantv.az\/wp-content\/uploads\/2023\/12\/FotoJet-2023-12-14T150409.249-500x280.jpg",500,280,true],"medium":["https:\/\/arantv.az\/wp-content\/uploads\/2023\/12\/FotoJet-2023-12-14T150409.249-548x365.jpg",548,365,true],"large":["https:\/\/arantv.az\/wp-content\/uploads\/2023\/12\/FotoJet-2023-12-14T150409.249.jpg",620,413,false],"1536x1536":["https:\/\/arantv.az\/wp-content\/uploads\/2023\/12\/FotoJet-2023-12-14T150409.249.jpg",620,413,false],"2048x2048":["https:\/\/arantv.az\/wp-content\/uploads\/2023\/12\/FotoJet-2023-12-14T150409.249.jpg",620,413,false],"post-thumbnail":["https:\/\/arantv.az\/wp-content\/uploads\/2023\/12\/FotoJet-2023-12-14T150409.249-240x172.jpg",240,172,true],"advps-thumb-one":["https:\/\/arantv.az\/wp-content\/uploads\/2023\/12\/FotoJet-2023-12-14T150409.249.jpg",620,413,false]},"rttpg_author":{"display_name":"V\u00fcsal Rafiqo\u011flu","author_link":"https:\/\/arantv.az\/?author=2"},"rttpg_comment":0,"rttpg_category":"<a href=\"https:\/\/arantv.az\/?cat=4\" rel=\"category\">Siyas\u0259t<\/a>","rttpg_excerpt":"Qazax\u0131stan Prezidenti Kas\u0131m-Jomart Tokayev BMT-nin \u0130qlim D\u0259yi\u015fm\u0259l\u0259ri \u00fczr\u0259 \u00c7\u0259r\u00e7iv\u0259 Konvensiyas\u0131na T\u0259r\u0259f D\u00f6vl\u0259tl\u0259rin 29-cu Konfrans\u0131na (COP29) ev sahibliyi ed\u0259n \u00f6lk\u0259 kimi Az\u0259rbaycan\u0131n se\u00e7ilm\u0259sini b\u00f6y\u00fck u\u011fur kimi qiym\u0259tl\u0259ndir\u0259r\u0259k bu m\u00fcnasib\u0259til\u0259 Az\u0259rbaycan Respublikas\u0131n\u0131n Prezidenti\u00a0\u0130lham \u018fliyevi\u00a0t\u0259brik edib. Bu bar\u0259d\u0259 Qazax\u0131stan Prezidentinin M\u0259tbuat Xidm\u0259ti m\u0259lumat yay\u0131b. \u201cBu q\u0259rar \u00f6lk\u0259nizin beyn\u0259lxalq al\u0259md\u0259 y\u00fcks\u0259k n\u00fcfuzunun, Az\u0259rbaycan\u0131n s\u0259m\u0259r\u0259li v\u0259 m\u00fct\u0259r\u0259qqi siyas\u0259tinin tan\u0131nmas\u0131n\u0131n v\u0259&hellip;","_links":{"self":[{"href":"https:\/\/arantv.az\/index.php?rest_route=\/wp\/v2\/posts\/668898"}],"collection":[{"href":"https:\/\/arantv.az\/index.php?rest_route=\/wp\/v2\/posts"}],"about":[{"href":"https:\/\/arantv.az\/index.php?rest_route=\/wp\/v2\/types\/post"}],"author":[{"embeddable":true,"href":"https:\/\/arantv.az\/index.php?rest_route=\/wp\/v2\/users\/2"}],"replies":[{"embeddable":true,"href":"https:\/\/arantv.az\/index.php?rest_route=%2Fwp%2Fv2%2Fcomments&post=668898"}],"version-history":[{"count":0,"href":"https:\/\/arantv.az\/index.php?rest_route=\/wp\/v2\/posts\/668898\/revisions"}],"wp:featuredmedia":[{"embeddable":true,"href":"https:\/\/arantv.az\/index.php?rest_route=\/wp\/v2\/media\/668899"}],"wp:attachment":[{"href":"https:\/\/arantv.az\/index.php?rest_route=%2Fwp%2Fv2%2Fmedia&parent=668898"}],"wp:term":[{"taxonomy":"category","embeddable":true,"href":"https:\/\/arantv.az\/index.php?rest_route=%2Fwp%2Fv2%2Fcategories&post=668898"},{"taxonomy":"post_tag","embeddable":true,"href":"https:\/\/arantv.az\/index.php?rest_route=%2Fwp%2Fv2%2Ftags&post=668898"}],"curies":[{"name":"wp","href":"https:\/\/api.w.org\/{rel}","templated":true}]}}