{"id":668908,"date":"2023-12-14T17:22:24","date_gmt":"2023-12-14T13:22:24","guid":{"rendered":"https:\/\/arantv.az\/?p=668908"},"modified":"2023-12-14T17:22:24","modified_gmt":"2023-12-14T13:22:24","slug":"qacqinkomdan-azad-olunan-%c9%99razil%c9%99r%c9%99-kocurul%c9%99n-s%c9%99xsl%c9%99rl%c9%99-bagli-iddialara-cavab","status":"publish","type":"post","link":"https:\/\/arantv.az\/?p=668908","title":{"rendered":"\u201cQa\u00e7q\u0131nkom\u201ddan azad olunan \u0259razil\u0259r\u0259 k\u00f6\u00e7\u00fcr\u00fcl\u0259n \u015f\u0259xsl\u0259rl\u0259 ba\u011fl\u0131 iddialara CAVAB"},"content":{"rendered":"<p>Qa\u00e7q\u0131nlar\u0131n v\u0259 M\u0259cburi K\u00f6\u00e7k\u00fcnl\u0259rin \u0130\u015fl\u0259ri \u00fczr\u0259 D\u00f6vl\u0259t Komit\u0259si (\u201cQa\u00e7q\u0131nkom\u201d) sosial mediada azad edil\u0259n \u0259razil\u0259r\u0259 ilkin m\u0259rh\u0259l\u0259d\u0259 k\u00f6\u00e7\u00fcr\u00fcl\u0259c\u0259k \u015f\u0259xsl\u0259rin siyah\u0131s\u0131n\u0131n kimd\u0259s\u0259 olmas\u0131 m\u0259lumat\u0131n\u0131n \u0259sass\u0131z oldu\u011funu bildirib.<\/p>\n<p>D\u00f6vl\u0259t Komit\u0259sind\u0259n veril\u0259n m\u0259lumata g\u00f6r\u0259, azad edilmi\u015f \u0259razil\u0259rin\u0259 \u201cB\u00f6y\u00fck Qay\u0131d\u0131\u015fa dair I D\u00f6vl\u0259t Proqram\u0131\u201dn\u0131n icras\u0131 \u00e7\u0259r\u00e7iv\u0259sind\u0259 b\u0259rpa-quruculuq i\u015fl\u0259rinin apar\u0131ld\u0131\u011f\u0131 Qaraba\u011fa v\u0259 \u015e\u0259rqi Z\u0259ng\u0259zura ke\u00e7mi\u015f m\u0259cburi k\u00f6\u00e7k\u00fcnl\u0259rin qay\u0131d\u0131\u015f\u0131 davam edir.<\/p>\n<p>Qeyd olunub ki, qay\u0131d\u0131\u015f prosesi il\u0259 ba\u011fl\u0131 h\u0259r bir m\u0259lumat \u201cQa\u00e7q\u0131nkom\u201dun r\u0259smi sayt\u0131nda (idp.gov.az) operativ qaydada yerl\u0259\u015fdirilir v\u0259 sosial media hesablar\u0131nda m\u00fcnt\u0259z\u0259m payla\u015f\u0131l\u0131r:<\/p>\n<p>\u201cT\u0259\u0259ss\u00fcf ki, b\u0259zi \u015f\u0259xsl\u0259rin sosial media hesablar\u0131nda D\u00f6vl\u0259t Komit\u0259sinin s\u0259lahiyy\u0259tl\u0259rin\u0259 aid olan m\u0259s\u0259l\u0259l\u0259r bar\u0259d\u0259 h\u0259qiq\u0259t\u0259 uy\u011fun olmayan, yalan m\u0259lumatlar\u0131n yay\u0131lmas\u0131 hallar\u0131na rast g\u0259linir. Bu g\u00fcnl\u0259rd\u0259 sosial mediada bir n\u0259f\u0259r iddia edib ki, onda i\u015f\u011faldan azad edilmi\u015f \u0259razil\u0259r\u0259 ilkin m\u0259rh\u0259l\u0259d\u0259 k\u00f6\u00e7\u00fcr\u00fcl\u0259c\u0259k \u015f\u0259xsl\u0259rin siyah\u0131s\u0131 var.<\/p>\n<p>Bel\u0259 m\u0259lumatlar\u0131n m\u0259cburi k\u00f6\u00e7k\u00fcnl\u0259r aras\u0131nda \u00e7a\u015fq\u0131nl\u0131q yarada bil\u0259c\u0259yini n\u0259z\u0259r\u0259 alaraq bir daha bildiririk ki, v\u0259t\u0259nda\u015flar i\u015f\u011faldan azad edilmi\u015f \u0259razil\u0259rd\u0259 b\u0259rpa olunan v\u0259 yenid\u0259n tikil\u0259n ya\u015fay\u0131\u015f m\u0259nt\u0259q\u0259l\u0259rin\u0259 k\u00f6\u00e7\u00fcr\u00fclm\u0259 il\u0259 ba\u011fl\u0131 b\u00fct\u00fcn m\u0259s\u0259l\u0259l\u0259r\u0259 dair m\u0259lumat\u0131 Qa\u00e7q\u0131nlar\u0131n v\u0259 M\u0259cburi K\u00f6\u00e7k\u00fcnl\u0259rin \u0130\u015fl\u0259ri \u00fczr\u0259 D\u00f6vl\u0259t Komit\u0259sin\u0259 m\u00fcraci\u0259t etm\u0259kl\u0259 d\u0259qiql\u0259\u015fdir\u0259 bil\u0259rl\u0259r\u201d.<\/p>\n","protected":false},"excerpt":{"rendered":"<p>Qa\u00e7q\u0131nlar\u0131n v\u0259 M\u0259cburi K\u00f6\u00e7k\u00fcnl\u0259rin \u0130\u015fl\u0259ri \u00fczr\u0259 D\u00f6vl\u0259t Komit\u0259si (\u201cQa\u00e7q\u0131nkom\u201d) sosial mediada azad edil\u0259n \u0259razil\u0259r\u0259 ilkin m\u0259rh\u0259l\u0259d\u0259 k\u00f6\u00e7\u00fcr\u00fcl\u0259c\u0259k \u015f\u0259xsl\u0259rin siyah\u0131s\u0131n\u0131n kimd\u0259s\u0259 olmas\u0131 m\u0259lumat\u0131n\u0131n \u0259sass\u0131z oldu\u011funu bildirib. D\u00f6vl\u0259t Komit\u0259sind\u0259n veril\u0259n m\u0259lumata g\u00f6r\u0259, azad edilmi\u015f \u0259razil\u0259rin\u0259 \u201cB\u00f6y\u00fck Qay\u0131d\u0131\u015fa dair I D\u00f6vl\u0259t Proqram\u0131\u201dn\u0131n icras\u0131 \u00e7\u0259r\u00e7iv\u0259sind\u0259 b\u0259rpa-quruculuq i\u015fl\u0259rinin apar\u0131ld\u0131\u011f\u0131 Qaraba\u011fa v\u0259 \u015e\u0259rqi Z\u0259ng\u0259zura ke\u00e7mi\u015f m\u0259cburi k\u00f6\u00e7k\u00fcnl\u0259rin qay\u0131d\u0131\u015f\u0131 davam edir. Qeyd olunub ki, qay\u0131d\u0131\u015f prosesi il\u0259 ba\u011fl\u0131 h\u0259r bir m\u0259lumat \u201cQa\u00e7q\u0131nkom\u201dun r\u0259smi sayt\u0131nda (idp.gov.az) operativ qaydada yerl\u0259\u015fdirilir v\u0259 sosial media hesablar\u0131nda m\u00fcnt\u0259z\u0259m payla\u015f\u0131l\u0131r: \u201cT\u0259\u0259ss\u00fcf ki, b\u0259zi \u015f\u0259xsl\u0259rin sosial media hesablar\u0131nda D\u00f6vl\u0259t Komit\u0259sinin s\u0259lahiyy\u0259tl\u0259rin\u0259 aid olan m\u0259s\u0259l\u0259l\u0259r&hellip;<\/p>\n","protected":false},"author":2,"featured_media":668909,"comment_status":"closed","ping_status":"closed","sticky":false,"template":"","format":"standard","meta":{"om_disable_all_campaigns":false,"_monsterinsights_skip_tracking":false,"_monsterinsights_sitenote_active":false,"_monsterinsights_sitenote_note":"","_monsterinsights_sitenote_category":0},"categories":[1],"tags":[],"aioseo_notices":[],"gutentor_comment":0,"rttpg_featured_image_url":{"full":["https:\/\/arantv.az\/wp-content\/uploads\/2023\/12\/2f723322-839e-3763-95cc-3c0172ecb364_850.jpg",620,413,false],"landscape":["https:\/\/arantv.az\/wp-content\/uploads\/2023\/12\/2f723322-839e-3763-95cc-3c0172ecb364_850.jpg",620,413,false],"portraits":["https:\/\/arantv.az\/wp-content\/uploads\/2023\/12\/2f723322-839e-3763-95cc-3c0172ecb364_850.jpg",620,413,false],"thumbnail":["https:\/\/arantv.az\/wp-content\/uploads\/2023\/12\/2f723322-839e-3763-95cc-3c0172ecb364_850-500x280.jpg",500,280,true],"medium":["https:\/\/arantv.az\/wp-content\/uploads\/2023\/12\/2f723322-839e-3763-95cc-3c0172ecb364_850-548x365.jpg",548,365,true],"large":["https:\/\/arantv.az\/wp-content\/uploads\/2023\/12\/2f723322-839e-3763-95cc-3c0172ecb364_850.jpg",620,413,false],"1536x1536":["https:\/\/arantv.az\/wp-content\/uploads\/2023\/12\/2f723322-839e-3763-95cc-3c0172ecb364_850.jpg",620,413,false],"2048x2048":["https:\/\/arantv.az\/wp-content\/uploads\/2023\/12\/2f723322-839e-3763-95cc-3c0172ecb364_850.jpg",620,413,false],"post-thumbnail":["https:\/\/arantv.az\/wp-content\/uploads\/2023\/12\/2f723322-839e-3763-95cc-3c0172ecb364_850-240x172.jpg",240,172,true],"advps-thumb-one":["https:\/\/arantv.az\/wp-content\/uploads\/2023\/12\/2f723322-839e-3763-95cc-3c0172ecb364_850.jpg",620,413,false]},"rttpg_author":{"display_name":"V\u00fcsal Rafiqo\u011flu","author_link":"https:\/\/arantv.az\/?author=2"},"rttpg_comment":0,"rttpg_category":"<a href=\"https:\/\/arantv.az\/?cat=1\" rel=\"category\">C\u0259miyy\u0259t<\/a>","rttpg_excerpt":"Qa\u00e7q\u0131nlar\u0131n v\u0259 M\u0259cburi K\u00f6\u00e7k\u00fcnl\u0259rin \u0130\u015fl\u0259ri \u00fczr\u0259 D\u00f6vl\u0259t Komit\u0259si (\u201cQa\u00e7q\u0131nkom\u201d) sosial mediada azad edil\u0259n \u0259razil\u0259r\u0259 ilkin m\u0259rh\u0259l\u0259d\u0259 k\u00f6\u00e7\u00fcr\u00fcl\u0259c\u0259k \u015f\u0259xsl\u0259rin siyah\u0131s\u0131n\u0131n kimd\u0259s\u0259 olmas\u0131 m\u0259lumat\u0131n\u0131n \u0259sass\u0131z oldu\u011funu bildirib. D\u00f6vl\u0259t Komit\u0259sind\u0259n veril\u0259n m\u0259lumata g\u00f6r\u0259, azad edilmi\u015f \u0259razil\u0259rin\u0259 \u201cB\u00f6y\u00fck Qay\u0131d\u0131\u015fa dair I D\u00f6vl\u0259t Proqram\u0131\u201dn\u0131n icras\u0131 \u00e7\u0259r\u00e7iv\u0259sind\u0259 b\u0259rpa-quruculuq i\u015fl\u0259rinin apar\u0131ld\u0131\u011f\u0131 Qaraba\u011fa v\u0259 \u015e\u0259rqi Z\u0259ng\u0259zura ke\u00e7mi\u015f m\u0259cburi k\u00f6\u00e7k\u00fcnl\u0259rin qay\u0131d\u0131\u015f\u0131 davam edir. Qeyd&hellip;","_links":{"self":[{"href":"https:\/\/arantv.az\/index.php?rest_route=\/wp\/v2\/posts\/668908"}],"collection":[{"href":"https:\/\/arantv.az\/index.php?rest_route=\/wp\/v2\/posts"}],"about":[{"href":"https:\/\/arantv.az\/index.php?rest_route=\/wp\/v2\/types\/post"}],"author":[{"embeddable":true,"href":"https:\/\/arantv.az\/index.php?rest_route=\/wp\/v2\/users\/2"}],"replies":[{"embeddable":true,"href":"https:\/\/arantv.az\/index.php?rest_route=%2Fwp%2Fv2%2Fcomments&post=668908"}],"version-history":[{"count":0,"href":"https:\/\/arantv.az\/index.php?rest_route=\/wp\/v2\/posts\/668908\/revisions"}],"wp:featuredmedia":[{"embeddable":true,"href":"https:\/\/arantv.az\/index.php?rest_route=\/wp\/v2\/media\/668909"}],"wp:attachment":[{"href":"https:\/\/arantv.az\/index.php?rest_route=%2Fwp%2Fv2%2Fmedia&parent=668908"}],"wp:term":[{"taxonomy":"category","embeddable":true,"href":"https:\/\/arantv.az\/index.php?rest_route=%2Fwp%2Fv2%2Fcategories&post=668908"},{"taxonomy":"post_tag","embeddable":true,"href":"https:\/\/arantv.az\/index.php?rest_route=%2Fwp%2Fv2%2Ftags&post=668908"}],"curies":[{"name":"wp","href":"https:\/\/api.w.org\/{rel}","templated":true}]}}