{"id":668911,"date":"2023-12-14T21:07:16","date_gmt":"2023-12-14T17:07:16","guid":{"rendered":"https:\/\/arantv.az\/?p=668911"},"modified":"2023-12-14T21:07:16","modified_gmt":"2023-12-14T17:07:16","slug":"ankarada-q%c9%99rbi-az%c9%99rbaycana-qayidisla-bagli-m%c9%99s%c9%99l%c9%99-muzakir%c9%99-olunub-foto","status":"publish","type":"post","link":"https:\/\/arantv.az\/?p=668911","title":{"rendered":"Ankarada Q\u0259rbi Az\u0259rbaycana qay\u0131d\u0131\u015fla ba\u011fl\u0131 m\u0259s\u0259l\u0259 m\u00fczakir\u0259 olunub &#8211; FOTO"},"content":{"rendered":"<p>T\u00fcrkiy\u0259nin paytaxt\u0131 Ankarada Q\u0259rbi Az\u0259rbaycana qay\u0131d\u0131\u015fla ba\u011fl\u0131 m\u0259s\u0259l\u0259 m\u00fczakir\u0259 olunub.<\/p>\n<p>Bu bar\u0259d\u0259 Az\u0259rbaycan\u0131n T\u00fcrkiy\u0259d\u0259ki s\u0259firliyind\u0259n m\u0259lumat verilib.<\/p>\n<p>Bildirilib ki, Ankarada s\u0259f\u0259rd\u0259 olan Az\u0259rbaycan Milli M\u0259clisi Az\u0259rbaycan-T\u00fcrkiy\u0259 Parlamentl\u0259raras\u0131 \u0259m\u0259kda\u015fl\u0131q \u00fczr\u0259 i\u015f\u00e7i qrupunun n\u00fcmay\u0259nd\u0259 hey\u0259tinin i\u015ftirak\u0131 il\u0259 Ankara Universitetind\u0259 Q\u0259rbi Az\u0259rbaycana qay\u0131d\u0131\u015f m\u00f6vzusunda d\u0259yirmi masa format\u0131nda t\u0259dbir ke\u00e7irilib.<\/p>\n<p>Az\u0259rbaycan Milli M\u0259clisinin v\u0259 T\u00fcrkiy\u0259 B\u00f6y\u00fck Mill\u0259t M\u0259clisinin \u00fczvl\u0259rinin, Ankarada f\u0259aliyy\u0259t g\u00f6st\u0259r\u0259n\u00a0Ortado\u011fu Texniki Universitetinin rektorlar\u0131n\u0131n, Ankara Universitetinin professor-m\u00fc\u0259llim hey\u0259tinin i\u015ftirak etdiyi t\u0259dbir Ankara Universitetinin rektoru Necdet \u00dcn\u00fcvar\u0131n a\u00e7\u0131l\u0131\u015f nitqi il\u0259 ba\u015flay\u0131b.<\/p>\n<p>Daha sonra\u00a0Az\u0259rbaycan-T\u00fcrkiy\u0259 parlamentl\u0259raras\u0131 \u0259laq\u0259l\u0259r \u00fczr\u0259 i\u015f\u00e7i qrupunun r\u0259hb\u0259ri, Q\u0259rbi Az\u0259rbaycan \u0130cmas\u0131n\u0131n A\u011fsaqqallar \u015euras\u0131n\u0131n s\u0259dri \u018fhliman \u018fmiraslanov Erm\u0259nistan t\u0259r\u0259find\u0259n zorla do\u011fma yurdlar\u0131ndan qovulmu\u015f az\u0259rbaycanl\u0131lar\u0131n h\u00fcquqlar\u0131n\u0131n beyn\u0259lxalq platformalarda m\u00fcdafi\u0259 edilm\u0259sinin \u0259h\u0259miyy\u0259tini qeyd edib.<\/p>\n<p>Q\u0259rbi Az\u0259rbaycan \u0130cmas\u0131n\u0131n (QA\u0130) s\u0259dri, mill\u0259t v\u0259kili \u018fziz \u018fl\u0259kb\u0259rli t\u0259\u015fkilat\u0131n f\u0259aliyy\u0259ti, m\u0259qs\u0259di v\u0259 m\u0259ram\u0131 haqq\u0131nda dan\u0131\u015f\u0131b, Q\u0259rbi Az\u0259rbaycandan olan \u0259halinin \u0259sas h\u00fcquqlar\u0131n\u0131n beyn\u0259lxalq ictimaiyy\u0259t t\u0259r\u0259find\u0259n q\u0259bul edilm\u0259sinin v\u0259 t\u0259min olunmas\u0131n\u0131n vacibliyini qeyd edib.<\/p>\n<p>Daha sonra n\u00fcmay\u0259nd\u0259 hey\u0259tinin t\u0259rkibind\u0259 olan mill\u0259t v\u0259kill\u0259ri Nizami C\u0259f\u0259rov, F\u0259zail A\u011famal\u0131, Anar \u0130sk\u0259nd\u0259rov, M\u0259lah\u0259t \u0130brahimq\u0131z\u0131 Q\u0259rbi Az\u0259rbaycan \u0130cmas\u0131n\u0131n f\u0259aliyy\u0259tinin m\u00fcxt\u0259lif aspektl\u0259ri haqq\u0131nda m\u0259lumat veribl\u0259r.<\/p>\n<p>T\u00fcrkiy\u0259 parlamentind\u0259 T\u00fcrkiy\u0259-Az\u0259rbaycan dostluq qrupunun s\u0259dri \u015eamil Ayr\u0131m, \u00e7\u0131x\u0131\u015f\u0131nda Q\u0259rbi Az\u0259rbaycandan m\u0259cburi k\u00f6\u00e7\u00fcr\u00fclm\u00fc\u015f \u0259halinin h\u00fcquqlar\u0131n\u0131n beyn\u0259lxalq platformalarda m\u00fcdafi\u0259si m\u0259qs\u0259dil\u0259 T\u00fcrkiy\u0259 v\u0259 Az\u0259rbaycan parlamentl\u0259ri aras\u0131nda \u0259m\u0259kda\u015fl\u0131\u011f\u0131n z\u0259rur\u0259tini vur\u011fulay\u0131b.<\/p>\n<p>Daha sonra \u00e7\u0131x\u0131\u015f ed\u0259n Qazi Universiteti, Orta Do\u011fu Texniki Universiteti, Sosial Elml\u0259r Universiteti rektorlar\u0131 v\u0259 Ankara Universitetinin professor-m\u00fc\u0259llim hey\u0259ti \u00fczvl\u0259ri Q\u0259rbi Az\u0259rbaycan m\u00f6vzusunun t\u0259dris prosesind\u0259 i\u015fl\u0259nm\u0259si, bu m\u00f6vzuda akademik t\u0259dbirl\u0259rin ard\u0131c\u0131l olaraq ke\u00e7irilm\u0259sinin \u0259h\u0259miyy\u0259tini vur\u011fulay\u0131blar.<\/p>\n<p>T\u0259dbirin sonunda i\u015ftirak\u00e7\u0131lar Ankara Universiteti Rektorlu\u011fu \u00f6n\u00fcnd\u0259 2001-ci ild\u0259 \u00fcmmmilli lider Heyd\u0259r \u018fliyev t\u0259r\u0259find\u0259n \u0259kilmi\u015f a\u011fac\u0131n \u00f6n\u00fcnd\u0259 xatir\u0259 \u015f\u0259kli \u00e7\u0259kdir\u0259r\u0259k, ulu \u00f6nd\u0259rin \u0259ziz xatir\u0259sini yad edibl\u0259r.<\/p>\n<p>&nbsp;<\/p>\n<div class=\"gallery\">\n<div class=\"gallery-i\"><img src=\"https:\/\/cdn.oxu.az\/uploads\/W1siZiIsIjIwMjMvMTIvMTQvMTkvNDEvMjIvZTA1YmExYzktM2JhMC00MmEwLTk5ZTgtNTg0NDZmNTI2OWUwLzBmMTY0MGQ5LTlhNWUtMzYyNS05N2IxLTk0Y2VlNTRjMWI5OS5qcGciXSxbInAiLCJlbmNvZGUiLCJqcGciLCItcXVhbGl0eSA4MCJdLFsicCIsInRodW1iIiwiNTkweDU5MFx1MDAzZSJdXQ?sha=e3c0a2e9edf0fd1b\" alt=\"\" \/><\/p>\n<div class=\"gallery-i-caption\"><\/div>\n<\/div>\n<div class=\"gallery-i\"><img src=\"https:\/\/cdn.oxu.az\/uploads\/W1siZiIsIjIwMjMvMTIvMTQvMTkvNDEvMjIvMDRmN2I3ZjktOTI3NC00ZDlhLWJiMWUtMTA5ODc5YzU5YzEwLzkxYWY1YTJhLThiMWEtMzA4MS05YmMwLWMwODNkZTk4YWI4Zi5qcGciXSxbInAiLCJlbmNvZGUiLCJqcGciLCItcXVhbGl0eSA4MCJdLFsicCIsInRodW1iIiwiNTkweDU5MFx1MDAzZSJdXQ?sha=985ff08343f4baf1\" alt=\"\" \/><\/p>\n<div class=\"gallery-i-caption\"><\/div>\n<\/div>\n<div class=\"gallery-i\"><img src=\"https:\/\/cdn.oxu.az\/uploads\/W1siZiIsIjIwMjMvMTIvMTQvMTkvNDEvMjIvZmY1ZmJmMTctZThlMS00MDdkLWIxNDktZDlmOTg3Mjc0OTZhLzgxN2I0YTJkLWJhYzItMzEzYS1iMzI4LTU5ZjY4ZTE2NmU3Ni5qcGciXSxbInAiLCJlbmNvZGUiLCJqcGciLCItcXVhbGl0eSA4MCJdLFsicCIsInRodW1iIiwiNTkweDU5MFx1MDAzZSJdXQ?sha=1530e12edb75a2b9\" alt=\"\" \/><\/p>\n<div class=\"gallery-i-caption\"><\/div>\n<\/div>\n<div class=\"gallery-i\"><img src=\"https:\/\/cdn.oxu.az\/uploads\/W1siZiIsIjIwMjMvMTIvMTQvMTkvNDEvMjIvMTZkMGU4NTUtYzA2Yy00MjM4LTlhZTYtNzc2NTRlYmRhYmM1LzQ2NjExN2ZlLTg1MDUtM2VkZS05YjMwLWYxOGUzMzdjMTY0Zi5qcGciXSxbInAiLCJlbmNvZGUiLCJqcGciLCItcXVhbGl0eSA4MCJdLFsicCIsInRodW1iIiwiNTkweDU5MFx1MDAzZSJdXQ?sha=ad9c439a31456b33\" alt=\"\" \/><\/div>\n<\/div>\n","protected":false},"excerpt":{"rendered":"<p>T\u00fcrkiy\u0259nin paytaxt\u0131 Ankarada Q\u0259rbi Az\u0259rbaycana qay\u0131d\u0131\u015fla ba\u011fl\u0131 m\u0259s\u0259l\u0259 m\u00fczakir\u0259 olunub. Bu bar\u0259d\u0259 Az\u0259rbaycan\u0131n T\u00fcrkiy\u0259d\u0259ki s\u0259firliyind\u0259n m\u0259lumat verilib. Bildirilib ki, Ankarada s\u0259f\u0259rd\u0259 olan Az\u0259rbaycan Milli M\u0259clisi Az\u0259rbaycan-T\u00fcrkiy\u0259 Parlamentl\u0259raras\u0131 \u0259m\u0259kda\u015fl\u0131q \u00fczr\u0259 i\u015f\u00e7i qrupunun n\u00fcmay\u0259nd\u0259 hey\u0259tinin i\u015ftirak\u0131 il\u0259 Ankara Universitetind\u0259 Q\u0259rbi Az\u0259rbaycana qay\u0131d\u0131\u015f m\u00f6vzusunda d\u0259yirmi masa format\u0131nda t\u0259dbir ke\u00e7irilib. Az\u0259rbaycan Milli M\u0259clisinin v\u0259 T\u00fcrkiy\u0259 B\u00f6y\u00fck Mill\u0259t M\u0259clisinin \u00fczvl\u0259rinin, Ankarada f\u0259aliyy\u0259t g\u00f6st\u0259r\u0259n\u00a0Ortado\u011fu Texniki Universitetinin rektorlar\u0131n\u0131n, Ankara Universitetinin professor-m\u00fc\u0259llim hey\u0259tinin i\u015ftirak etdiyi t\u0259dbir Ankara Universitetinin rektoru Necdet \u00dcn\u00fcvar\u0131n a\u00e7\u0131l\u0131\u015f nitqi il\u0259 ba\u015flay\u0131b. Daha sonra\u00a0Az\u0259rbaycan-T\u00fcrkiy\u0259 parlamentl\u0259raras\u0131 \u0259laq\u0259l\u0259r \u00fczr\u0259 i\u015f\u00e7i qrupunun r\u0259hb\u0259ri, Q\u0259rbi Az\u0259rbaycan \u0130cmas\u0131n\u0131n A\u011fsaqqallar \u015euras\u0131n\u0131n&hellip;<\/p>\n","protected":false},"author":2,"featured_media":668913,"comment_status":"closed","ping_status":"closed","sticky":false,"template":"","format":"standard","meta":{"om_disable_all_campaigns":false,"_monsterinsights_skip_tracking":false,"_monsterinsights_sitenote_active":false,"_monsterinsights_sitenote_note":"","_monsterinsights_sitenote_category":0},"categories":[4],"tags":[],"aioseo_notices":[],"gutentor_comment":0,"rttpg_featured_image_url":{"full":["https:\/\/arantv.az\/wp-content\/uploads\/2023\/12\/24fa74f8-37a8-36aa-95be-08dd47d294cd_850.jpg",620,413,false],"landscape":["https:\/\/arantv.az\/wp-content\/uploads\/2023\/12\/24fa74f8-37a8-36aa-95be-08dd47d294cd_850.jpg",620,413,false],"portraits":["https:\/\/arantv.az\/wp-content\/uploads\/2023\/12\/24fa74f8-37a8-36aa-95be-08dd47d294cd_850.jpg",620,413,false],"thumbnail":["https:\/\/arantv.az\/wp-content\/uploads\/2023\/12\/24fa74f8-37a8-36aa-95be-08dd47d294cd_850-500x280.jpg",500,280,true],"medium":["https:\/\/arantv.az\/wp-content\/uploads\/2023\/12\/24fa74f8-37a8-36aa-95be-08dd47d294cd_850-548x365.jpg",548,365,true],"large":["https:\/\/arantv.az\/wp-content\/uploads\/2023\/12\/24fa74f8-37a8-36aa-95be-08dd47d294cd_850.jpg",620,413,false],"1536x1536":["https:\/\/arantv.az\/wp-content\/uploads\/2023\/12\/24fa74f8-37a8-36aa-95be-08dd47d294cd_850.jpg",620,413,false],"2048x2048":["https:\/\/arantv.az\/wp-content\/uploads\/2023\/12\/24fa74f8-37a8-36aa-95be-08dd47d294cd_850.jpg",620,413,false],"post-thumbnail":["https:\/\/arantv.az\/wp-content\/uploads\/2023\/12\/24fa74f8-37a8-36aa-95be-08dd47d294cd_850-240x172.jpg",240,172,true],"advps-thumb-one":["https:\/\/arantv.az\/wp-content\/uploads\/2023\/12\/24fa74f8-37a8-36aa-95be-08dd47d294cd_850.jpg",620,413,false]},"rttpg_author":{"display_name":"V\u00fcsal Rafiqo\u011flu","author_link":"https:\/\/arantv.az\/?author=2"},"rttpg_comment":0,"rttpg_category":"<a href=\"https:\/\/arantv.az\/?cat=4\" rel=\"category\">Siyas\u0259t<\/a>","rttpg_excerpt":"T\u00fcrkiy\u0259nin paytaxt\u0131 Ankarada Q\u0259rbi Az\u0259rbaycana qay\u0131d\u0131\u015fla ba\u011fl\u0131 m\u0259s\u0259l\u0259 m\u00fczakir\u0259 olunub. Bu bar\u0259d\u0259 Az\u0259rbaycan\u0131n T\u00fcrkiy\u0259d\u0259ki s\u0259firliyind\u0259n m\u0259lumat verilib. Bildirilib ki, Ankarada s\u0259f\u0259rd\u0259 olan Az\u0259rbaycan Milli M\u0259clisi Az\u0259rbaycan-T\u00fcrkiy\u0259 Parlamentl\u0259raras\u0131 \u0259m\u0259kda\u015fl\u0131q \u00fczr\u0259 i\u015f\u00e7i qrupunun n\u00fcmay\u0259nd\u0259 hey\u0259tinin i\u015ftirak\u0131 il\u0259 Ankara Universitetind\u0259 Q\u0259rbi Az\u0259rbaycana qay\u0131d\u0131\u015f m\u00f6vzusunda d\u0259yirmi masa format\u0131nda t\u0259dbir ke\u00e7irilib. Az\u0259rbaycan Milli M\u0259clisinin v\u0259 T\u00fcrkiy\u0259 B\u00f6y\u00fck Mill\u0259t M\u0259clisinin \u00fczvl\u0259rinin,&hellip;","_links":{"self":[{"href":"https:\/\/arantv.az\/index.php?rest_route=\/wp\/v2\/posts\/668911"}],"collection":[{"href":"https:\/\/arantv.az\/index.php?rest_route=\/wp\/v2\/posts"}],"about":[{"href":"https:\/\/arantv.az\/index.php?rest_route=\/wp\/v2\/types\/post"}],"author":[{"embeddable":true,"href":"https:\/\/arantv.az\/index.php?rest_route=\/wp\/v2\/users\/2"}],"replies":[{"embeddable":true,"href":"https:\/\/arantv.az\/index.php?rest_route=%2Fwp%2Fv2%2Fcomments&post=668911"}],"version-history":[{"count":0,"href":"https:\/\/arantv.az\/index.php?rest_route=\/wp\/v2\/posts\/668911\/revisions"}],"wp:featuredmedia":[{"embeddable":true,"href":"https:\/\/arantv.az\/index.php?rest_route=\/wp\/v2\/media\/668913"}],"wp:attachment":[{"href":"https:\/\/arantv.az\/index.php?rest_route=%2Fwp%2Fv2%2Fmedia&parent=668911"}],"wp:term":[{"taxonomy":"category","embeddable":true,"href":"https:\/\/arantv.az\/index.php?rest_route=%2Fwp%2Fv2%2Fcategories&post=668911"},{"taxonomy":"post_tag","embeddable":true,"href":"https:\/\/arantv.az\/index.php?rest_route=%2Fwp%2Fv2%2Ftags&post=668911"}],"curies":[{"name":"wp","href":"https:\/\/api.w.org\/{rel}","templated":true}]}}