{"id":668912,"date":"2023-12-14T21:08:00","date_gmt":"2023-12-14T17:08:00","guid":{"rendered":"https:\/\/arantv.az\/?p=668912"},"modified":"2023-12-14T21:08:00","modified_gmt":"2023-12-14T17:08:00","slug":"ayxan-hacizad%c9%99-niderland-hokum%c9%99tinin-aciqlamasi-q%c9%99buledilm%c9%99zdir","status":"publish","type":"post","link":"https:\/\/arantv.az\/?p=668912","title":{"rendered":"Ayxan Hac\u0131zad\u0259: \u201cNiderland h\u00f6kum\u0259tinin a\u00e7\u0131qlamas\u0131 q\u0259buledilm\u0259zdir\u201d"},"content":{"rendered":"<p>Xarici \u0130\u015fl\u0259r Nazirliyinin m\u0259tbuat katibi Ayxan Hac\u0131zad\u0259 Niderland Krall\u0131\u011f\u0131 h\u00f6kum\u0259tinin Az\u0259rbaycanla ba\u011fl\u0131 a\u00e7\u0131qlamas\u0131n\u0131 q\u0259buledilm\u0259z adland\u0131r\u0131b.<\/p>\n<p><strong>ARANTV.AZ<\/strong>-\u0131n\u00a0x\u0259b\u0259rin\u0259 g\u00f6r\u0259, o deyib ki, Niderland 30 il \u0259rzind\u0259 Az\u0259rbaycan\u0131n suverenliyinin v\u0259 \u0259razi b\u00fct\u00f6vl\u00fcy\u00fcn\u00fcn i\u015f\u011fal\u00e7\u0131 v\u0259 t\u0259cav\u00fczkar Erm\u0259nistan t\u0259r\u0259find\u0259n pozulmas\u0131, az\u0259rbaycanl\u0131lara qar\u015f\u0131 etnik t\u0259mizl\u0259m\u0259 siyas\u0259ti y\u00fcr\u00fctm\u0259si, 1 milyondan \u00e7ox az\u0259rbaycanl\u0131n\u0131n m\u0259cburi k\u00f6\u00e7k\u00fcn v\u0259 qa\u00e7q\u0131n v\u0259ziyy\u0259tin\u0259 d\u00fc\u015fm\u0259si faktlar\u0131n\u0131 he\u00e7 zaman diqq\u0259t\u0259 almay\u0131b.<\/p>\n<p>\u201cAz\u0259rbaycan\u0131n d\u0259f\u0259l\u0259rl\u0259 \u0259razil\u0259rimizd\u0259 qanunsuz m\u00f6vcudlu\u011funu davam etdir\u0259n erm\u0259ni silahl\u0131 q\u00fcvv\u0259l\u0259rinin b\u00f6lg\u0259d\u0259 t\u0259hl\u00fck\u0259 m\u0259nb\u0259yi oldu\u011funu bildirm\u0259sin\u0259 v\u0259 beyn\u0259lxalq h\u00fcquqa uy\u011fun olaraq onlar\u0131n d\u0259rhal \u00e7\u0131xar\u0131lmas\u0131na dair \u00e7oxsayl\u0131 \u00e7a\u011f\u0131r\u0131\u015flar etm\u0259sin\u0259 baxmayaraq, Niderland t\u0259r\u0259finin Az\u0259rbaycan\u0131n \u00f6z \u0259razil\u0259rind\u0259 h\u0259yata ke\u00e7irdiyi antiterror t\u0259dbirl\u0259rini t\u0259nqid etm\u0259si q\u0259r\u0259zli yana\u015fman\u0131n bariz n\u00fcmun\u0259sidir.<\/p>\n<p>44 g\u00fcnl\u00fck V\u0259t\u0259n m\u00fcharib\u0259sinin, habel\u0259 2023-c\u00fc ilin sentyabr ay\u0131nda h\u0259yata ke\u00e7iril\u0259n 24 saatl\u0131q antiterror t\u0259dbirl\u0259rinin beyn\u0259lxalq h\u00fcququn norma v\u0259 prinsipl\u0259rin\u0259 uy\u011fun olaraq Az\u0259rbaycan\u0131n suveren \u0259razil\u0259rind\u0259 h\u0259yata ke\u00e7irildiyini v\u0259 \u00f6lk\u0259mizin legitim \u00fcsullarla \u00f6z suverenliyini b\u0259rpa etdiyini bir daha xat\u0131rlad\u0131r\u0131q.<\/p>\n<p>Az\u0259rbaycan he\u00e7 vaxt erm\u0259ni sakinl\u0259ri Qaraba\u011fdan \u00e7\u0131xarmay\u0131b v\u0259 regionu t\u0259rk etm\u0259m\u0259k bar\u0259d\u0259 Az\u0259rbaycan\u0131n \u00e7a\u011f\u0131r\u0131\u015flar\u0131na baxmayaraq, Erm\u0259nistana v\u0259 dig\u0259r \u00f6lk\u0259l\u0259r\u0259 miqrasiya etm\u0259k onlar\u0131n q\u0259rar\u0131 olub. Birl\u0259\u015fmi\u015f Mill\u0259tl\u0259r T\u0259\u015fkilat\u0131n\u0131n b\u00f6lg\u0259y\u0259 missiyalar\u0131 Az\u0259rbaycan t\u0259r\u0259finin m\u00fclki \u0259halini h\u0259d\u0259f almad\u0131\u011f\u0131n\u0131 t\u0259sdiq edib v\u0259 Niderland Krall\u0131\u011f\u0131nda yerl\u0259\u015f\u0259n Beyn\u0259lxalq \u018fdal\u0259t M\u0259hk\u0259m\u0259si d\u0259 bu istiqam\u0259td\u0259 Erm\u0259nistan\u0131n son iddialar\u0131n\u0131 r\u0259dd edib.<\/p>\n<p>Niderland t\u0259r\u0259finin b\u00f6lg\u0259nin beyn\u0259lxalq h\u00fcquq prinsipl\u0259rin\u0259 h\u00f6rm\u0259t \u0259sas\u0131nda g\u0259l\u0259c\u0259k inki\u015faf\u0131 v\u0259 t\u0259r\u0259qqisin\u0259 mane\u00e7ilik t\u00f6r\u0259d\u0259n bu kimi b\u0259yanatlara son qoymas\u0131 faydal\u0131 olard\u0131\u201d.<\/p>\n","protected":false},"excerpt":{"rendered":"<p>Xarici \u0130\u015fl\u0259r Nazirliyinin m\u0259tbuat katibi Ayxan Hac\u0131zad\u0259 Niderland Krall\u0131\u011f\u0131 h\u00f6kum\u0259tinin Az\u0259rbaycanla ba\u011fl\u0131 a\u00e7\u0131qlamas\u0131n\u0131 q\u0259buledilm\u0259z adland\u0131r\u0131b. ARANTV.AZ-\u0131n\u00a0x\u0259b\u0259rin\u0259 g\u00f6r\u0259, o deyib ki, Niderland 30 il \u0259rzind\u0259 Az\u0259rbaycan\u0131n suverenliyinin v\u0259 \u0259razi b\u00fct\u00f6vl\u00fcy\u00fcn\u00fcn i\u015f\u011fal\u00e7\u0131 v\u0259 t\u0259cav\u00fczkar Erm\u0259nistan t\u0259r\u0259find\u0259n pozulmas\u0131, az\u0259rbaycanl\u0131lara qar\u015f\u0131 etnik t\u0259mizl\u0259m\u0259 siyas\u0259ti y\u00fcr\u00fctm\u0259si, 1 milyondan \u00e7ox az\u0259rbaycanl\u0131n\u0131n m\u0259cburi k\u00f6\u00e7k\u00fcn v\u0259 qa\u00e7q\u0131n v\u0259ziyy\u0259tin\u0259 d\u00fc\u015fm\u0259si faktlar\u0131n\u0131 he\u00e7 zaman diqq\u0259t\u0259 almay\u0131b. \u201cAz\u0259rbaycan\u0131n d\u0259f\u0259l\u0259rl\u0259 \u0259razil\u0259rimizd\u0259 qanunsuz m\u00f6vcudlu\u011funu davam etdir\u0259n erm\u0259ni silahl\u0131 q\u00fcvv\u0259l\u0259rinin b\u00f6lg\u0259d\u0259 t\u0259hl\u00fck\u0259 m\u0259nb\u0259yi oldu\u011funu bildirm\u0259sin\u0259 v\u0259 beyn\u0259lxalq h\u00fcquqa uy\u011fun olaraq onlar\u0131n d\u0259rhal \u00e7\u0131xar\u0131lmas\u0131na dair \u00e7oxsayl\u0131 \u00e7a\u011f\u0131r\u0131\u015flar etm\u0259sin\u0259 baxmayaraq, Niderland t\u0259r\u0259finin Az\u0259rbaycan\u0131n \u00f6z \u0259razil\u0259rind\u0259 h\u0259yata&hellip;<\/p>\n","protected":false},"author":2,"featured_media":627415,"comment_status":"closed","ping_status":"closed","sticky":false,"template":"","format":"standard","meta":{"om_disable_all_campaigns":false,"_monsterinsights_skip_tracking":false,"_monsterinsights_sitenote_active":false,"_monsterinsights_sitenote_note":"","_monsterinsights_sitenote_category":0},"categories":[4],"tags":[],"aioseo_notices":[],"gutentor_comment":0,"rttpg_featured_image_url":{"full":["https:\/\/arantv.az\/wp-content\/uploads\/2023\/09\/ayxan_hacizade_060223.jpg",1200,900,false],"landscape":["https:\/\/arantv.az\/wp-content\/uploads\/2023\/09\/ayxan_hacizade_060223.jpg",1200,900,false],"portraits":["https:\/\/arantv.az\/wp-content\/uploads\/2023\/09\/ayxan_hacizade_060223.jpg",1200,900,false],"thumbnail":["https:\/\/arantv.az\/wp-content\/uploads\/2023\/09\/ayxan_hacizade_060223-500x280.jpg",500,280,true],"medium":["https:\/\/arantv.az\/wp-content\/uploads\/2023\/09\/ayxan_hacizade_060223-487x365.jpg",487,365,true],"large":["https:\/\/arantv.az\/wp-content\/uploads\/2023\/09\/ayxan_hacizade_060223-840x630.jpg",640,480,true],"1536x1536":["https:\/\/arantv.az\/wp-content\/uploads\/2023\/09\/ayxan_hacizade_060223.jpg",1200,900,false],"2048x2048":["https:\/\/arantv.az\/wp-content\/uploads\/2023\/09\/ayxan_hacizade_060223.jpg",1200,900,false],"post-thumbnail":["https:\/\/arantv.az\/wp-content\/uploads\/2023\/09\/ayxan_hacizade_060223-240x172.jpg",240,172,true],"advps-thumb-one":["https:\/\/arantv.az\/wp-content\/uploads\/2023\/09\/ayxan_hacizade_060223-1200x620.jpg",1200,620,true]},"rttpg_author":{"display_name":"V\u00fcsal Rafiqo\u011flu","author_link":"https:\/\/arantv.az\/?author=2"},"rttpg_comment":0,"rttpg_category":"<a href=\"https:\/\/arantv.az\/?cat=4\" rel=\"category\">Siyas\u0259t<\/a>","rttpg_excerpt":"Xarici \u0130\u015fl\u0259r Nazirliyinin m\u0259tbuat katibi Ayxan Hac\u0131zad\u0259 Niderland Krall\u0131\u011f\u0131 h\u00f6kum\u0259tinin Az\u0259rbaycanla ba\u011fl\u0131 a\u00e7\u0131qlamas\u0131n\u0131 q\u0259buledilm\u0259z adland\u0131r\u0131b. ARANTV.AZ-\u0131n\u00a0x\u0259b\u0259rin\u0259 g\u00f6r\u0259, o deyib ki, Niderland 30 il \u0259rzind\u0259 Az\u0259rbaycan\u0131n suverenliyinin v\u0259 \u0259razi b\u00fct\u00f6vl\u00fcy\u00fcn\u00fcn i\u015f\u011fal\u00e7\u0131 v\u0259 t\u0259cav\u00fczkar Erm\u0259nistan t\u0259r\u0259find\u0259n pozulmas\u0131, az\u0259rbaycanl\u0131lara qar\u015f\u0131 etnik t\u0259mizl\u0259m\u0259 siyas\u0259ti y\u00fcr\u00fctm\u0259si, 1 milyondan \u00e7ox az\u0259rbaycanl\u0131n\u0131n m\u0259cburi k\u00f6\u00e7k\u00fcn v\u0259 qa\u00e7q\u0131n v\u0259ziyy\u0259tin\u0259 d\u00fc\u015fm\u0259si faktlar\u0131n\u0131 he\u00e7 zaman diqq\u0259t\u0259&hellip;","_links":{"self":[{"href":"https:\/\/arantv.az\/index.php?rest_route=\/wp\/v2\/posts\/668912"}],"collection":[{"href":"https:\/\/arantv.az\/index.php?rest_route=\/wp\/v2\/posts"}],"about":[{"href":"https:\/\/arantv.az\/index.php?rest_route=\/wp\/v2\/types\/post"}],"author":[{"embeddable":true,"href":"https:\/\/arantv.az\/index.php?rest_route=\/wp\/v2\/users\/2"}],"replies":[{"embeddable":true,"href":"https:\/\/arantv.az\/index.php?rest_route=%2Fwp%2Fv2%2Fcomments&post=668912"}],"version-history":[{"count":0,"href":"https:\/\/arantv.az\/index.php?rest_route=\/wp\/v2\/posts\/668912\/revisions"}],"wp:featuredmedia":[{"embeddable":true,"href":"https:\/\/arantv.az\/index.php?rest_route=\/wp\/v2\/media\/627415"}],"wp:attachment":[{"href":"https:\/\/arantv.az\/index.php?rest_route=%2Fwp%2Fv2%2Fmedia&parent=668912"}],"wp:term":[{"taxonomy":"category","embeddable":true,"href":"https:\/\/arantv.az\/index.php?rest_route=%2Fwp%2Fv2%2Fcategories&post=668912"},{"taxonomy":"post_tag","embeddable":true,"href":"https:\/\/arantv.az\/index.php?rest_route=%2Fwp%2Fv2%2Ftags&post=668912"}],"curies":[{"name":"wp","href":"https:\/\/api.w.org\/{rel}","templated":true}]}}