{"id":66892,"date":"2019-06-15T13:31:52","date_gmt":"2019-06-15T10:31:52","guid":{"rendered":"http:\/\/arantv.az\/?p=66892"},"modified":"2019-06-15T13:31:52","modified_gmt":"2019-06-15T10:31:52","slug":"ulu-ond%c9%99r-ikinci-d%c9%99f%c9%99-olk%c9%99-r%c9%99hb%c9%99rliyin%c9%99-qayidisi-il%c9%99-dovl%c9%99tciliyimizi-m%c9%99hv-olmaq-t%c9%99hluk%c9%99sind%c9%99n-xilas-edib","status":"publish","type":"post","link":"https:\/\/arantv.az\/?p=66892","title":{"rendered":"Ulu \u00d6nd\u0259r ikinci d\u0259f\u0259 \u00f6lk\u0259 r\u0259hb\u0259rliyin\u0259 qay\u0131d\u0131\u015f\u0131 il\u0259 d\u00f6vl\u0259t\u00e7iliyimizi m\u0259hv olmaq t\u0259hl\u00fck\u0259sind\u0259n xilas edib"},"content":{"rendered":"<p>H\u0259yatda el\u0259 \u0259lam\u0259tdar g\u00fcnl\u0259r, hadis\u0259l\u0259r var ki, \u00f6lk\u0259nin, milyonlarla insan\u0131n taleyind\u0259, m\u00fcq\u0259dd\u0259rat\u0131nda h\u0259lledici rol oynayaraq b\u00fct\u00f6v bir xalq\u0131n yadda\u015f\u0131na \u0259b\u0259di h\u0259kk olunur, tarixin\u0259 q\u0131z\u0131l h\u0259rfl\u0259rl\u0259 yaz\u0131l\u0131r. Az\u0259rbaycan \u00fc\u00e7\u00fcn 1993-c\u00fc ilin 15 iyunu m\u0259hz bel\u0259 tarixi hadis\u0259l\u0259rd\u0259ndir. H\u0259min \u0259lam\u0259tdar tarixi g\u00fcn \u00fcmummilli lider Heyd\u0259r \u018fliyevin ikinci d\u0259f\u0259 respublika r\u0259hb\u0259rliyin\u0259 qay\u0131d\u0131\u015f\u0131, d\u00f6vl\u0259t\u00e7iliyimizin xilas an\u0131n\u0131n ba\u015flan\u011f\u0131c\u0131, Milli Qurtulu\u015f G\u00fcn\u00fcd\u00fcr.<\/p>\n<p><strong>ARANTV.AZ\u00a0<\/strong> x\u0259b\u0259r verir ki, bu fikirl\u0259r Milli Qurtulu\u015f G\u00fcn\u00fc m\u00fcnasib\u0259til\u0259 iyunun 15-d\u0259 Qax \u015f\u0259h\u0259rind\u0259ki Heyd\u0259r \u018fliyev M\u0259rk\u0259zind\u0259 ke\u00e7iril\u0259n elmi-praktik konfransda s\u0259sl\u0259ndirilib.<\/p>\n<p>T\u0259dbir i\u015ftirak\u00e7\u0131lar\u0131 \u0259vv\u0259lc\u0259 Ulu \u00d6nd\u0259rin \u015f\u0259h\u0259rin m\u0259rk\u0259zind\u0259 ucald\u0131lm\u0131\u015f abid\u0259si \u00f6n\u00fcn\u0259 g\u00fcl-\u00e7i\u00e7\u0259k d\u00fcz\u00fcb, xatir\u0259sini ehtiramla yad edibl\u0259r.<\/p>\n<p>T\u0259dbiri rayon icra hakimiyy\u0259tinin ba\u015f\u00e7\u0131s\u0131 Musa \u015e\u0259kiliyev a\u00e7araq \u00f6t\u0259n \u0259srin 90-c\u0131 ill\u0259rinin \u0259vv\u0259ll\u0259rind\u0259 \u00f6lk\u0259mizin ictimai-siyasi h\u0259yat\u0131nda ba\u015f ver\u0259n prosesl\u0259r\u0259 q\u0131sa n\u0259z\u0259r sal\u0131b, 1993-c\u00fc ilin iyun hadis\u0259l\u0259ri bar\u0259d\u0259 dan\u0131\u015f\u0131b. Diqq\u0259t\u0259 \u00e7atd\u0131r\u0131l\u0131b ki, 1993-c\u00fc ilin 15 iyununda xalq\u0131n t\u0259kidli t\u0259l\u0259bi il\u0259 yenid\u0259n hakimiyy\u0259t\u0259 qay\u0131dan Heyd\u0259r \u018fliyev \u00f6z m\u00fcdrik siyas\u0259ti il\u0259 Az\u0259rbaycan d\u00f6vl\u0259t\u00e7iliyini m\u0259hv olmaq t\u0259hl\u00fck\u0259sind\u0259n xilas edib. Bu s\u0259b\u0259bd\u0259n d\u0259 15 iyun- Milli Qurtulu\u015f G\u00fcn\u00fc, eyni zamanda, Az\u0259rbaycan d\u00f6vl\u0259t\u00e7iliyinin xilas\u0131 g\u00fcn\u00fcd\u00fcr.<\/p>\n<p>M\u0259ruz\u0259 v\u0259 \u00e7\u0131x\u0131\u015flarda vur\u011fulan\u0131b ki, m\u00fcst\u0259qil respublikam\u0131z\u0131n son ill\u0259r \u0259ld\u0259 etdiyi u\u011furlar bilavasit\u0259 \u00fcmummilli lider Heyd\u0259r \u018fliyevin ad\u0131 il\u0259 ba\u011fl\u0131d\u0131r. M\u0259hz onun respublika r\u0259hb\u0259rliyin\u0259 qay\u0131d\u0131\u015f\u0131ndan sonra \u00f6lk\u0259 iqtisadiyyat\u0131n\u0131 b\u00fcr\u00fcy\u0259n t\u0259n\u0259zz\u00fcl dayand\u0131r\u0131l\u0131b, v\u0259t\u0259nda\u015flar\u0131n t\u0259hl\u00fck\u0259sizliyini t\u0259min etm\u0259k m\u00fcmk\u00fcn olub, \u00f6lk\u0259miz s\u00fcr\u0259tli inki\u015faf yoluna q\u0259d\u0259m qoyub. Ulu \u00d6nd\u0259rin layiqli davam\u00e7\u0131s\u0131 \u0130lham \u018fliyevin m\u0259qs\u0259dy\u00f6nl\u00fc siyas\u0259ti n\u0259tic\u0259sind\u0259 son ill\u0259r Az\u0259rbaycan\u0131n iqtisadi q\u00fcdr\u0259ti daha da art\u0131b, m\u00fcst\u0259qil respublikam\u0131z d\u00fcnya birliyind\u0259 \u00f6z layiqli yerini tutub.<\/p>\n<p>T\u0259dbirin sonunda 1993-c\u00fc ilin iyun hadis\u0259l\u0259rind\u0259n b\u0259hs ed\u0259n s\u0259n\u0259dli film n\u00fcmayi\u015f etdirilib.az\u0259rtac<\/p>\n","protected":false},"excerpt":{"rendered":"<p>H\u0259yatda el\u0259 \u0259lam\u0259tdar g\u00fcnl\u0259r, hadis\u0259l\u0259r var ki, \u00f6lk\u0259nin, milyonlarla insan\u0131n taleyind\u0259, m\u00fcq\u0259dd\u0259rat\u0131nda h\u0259lledici rol oynayaraq b\u00fct\u00f6v bir xalq\u0131n yadda\u015f\u0131na \u0259b\u0259di h\u0259kk olunur, tarixin\u0259 q\u0131z\u0131l h\u0259rfl\u0259rl\u0259 yaz\u0131l\u0131r. Az\u0259rbaycan \u00fc\u00e7\u00fcn 1993-c\u00fc ilin 15 iyunu m\u0259hz bel\u0259 tarixi hadis\u0259l\u0259rd\u0259ndir. H\u0259min \u0259lam\u0259tdar tarixi g\u00fcn \u00fcmummilli lider Heyd\u0259r \u018fliyevin ikinci d\u0259f\u0259 respublika r\u0259hb\u0259rliyin\u0259 qay\u0131d\u0131\u015f\u0131, d\u00f6vl\u0259t\u00e7iliyimizin xilas an\u0131n\u0131n ba\u015flan\u011f\u0131c\u0131, Milli Qurtulu\u015f G\u00fcn\u00fcd\u00fcr. ARANTV.AZ\u00a0 x\u0259b\u0259r verir ki, bu fikirl\u0259r Milli Qurtulu\u015f G\u00fcn\u00fc m\u00fcnasib\u0259til\u0259 iyunun 15-d\u0259 Qax \u015f\u0259h\u0259rind\u0259ki Heyd\u0259r \u018fliyev M\u0259rk\u0259zind\u0259 ke\u00e7iril\u0259n elmi-praktik konfransda s\u0259sl\u0259ndirilib. T\u0259dbir i\u015ftirak\u00e7\u0131lar\u0131 \u0259vv\u0259lc\u0259 Ulu \u00d6nd\u0259rin \u015f\u0259h\u0259rin m\u0259rk\u0259zind\u0259 ucald\u0131lm\u0131\u015f abid\u0259si \u00f6n\u00fcn\u0259 g\u00fcl-\u00e7i\u00e7\u0259k d\u00fcz\u00fcb, xatir\u0259sini&hellip;<\/p>\n","protected":false},"author":2,"featured_media":66893,"comment_status":"closed","ping_status":"closed","sticky":false,"template":"","format":"standard","meta":{"om_disable_all_campaigns":false,"_monsterinsights_skip_tracking":false,"_monsterinsights_sitenote_active":false,"_monsterinsights_sitenote_note":"","_monsterinsights_sitenote_category":0},"categories":[1],"tags":[],"aioseo_notices":[],"gutentor_comment":0,"rttpg_featured_image_url":{"full":["https:\/\/arantv.az\/wp-content\/uploads\/2019\/06\/156059207759512147_1000x669.jpg",1000,666,false],"landscape":["https:\/\/arantv.az\/wp-content\/uploads\/2019\/06\/156059207759512147_1000x669.jpg",1000,666,false],"portraits":["https:\/\/arantv.az\/wp-content\/uploads\/2019\/06\/156059207759512147_1000x669.jpg",1000,666,false],"thumbnail":["https:\/\/arantv.az\/wp-content\/uploads\/2019\/06\/156059207759512147_1000x669-150x150.jpg",150,150,true],"medium":["https:\/\/arantv.az\/wp-content\/uploads\/2019\/06\/156059207759512147_1000x669-300x200.jpg",300,200,true],"large":["https:\/\/arantv.az\/wp-content\/uploads\/2019\/06\/156059207759512147_1000x669.jpg",640,426,false],"1536x1536":["https:\/\/arantv.az\/wp-content\/uploads\/2019\/06\/156059207759512147_1000x669.jpg",1000,666,false],"2048x2048":["https:\/\/arantv.az\/wp-content\/uploads\/2019\/06\/156059207759512147_1000x669.jpg",1000,666,false],"post-thumbnail":["https:\/\/arantv.az\/wp-content\/uploads\/2019\/06\/156059207759512147_1000x669-240x172.jpg",240,172,true],"advps-thumb-one":["https:\/\/arantv.az\/wp-content\/uploads\/2019\/06\/156059207759512147_1000x669-1000x620.jpg",1000,620,true]},"rttpg_author":{"display_name":"V\u00fcsal Rafiqo\u011flu","author_link":"https:\/\/arantv.az\/?author=2"},"rttpg_comment":0,"rttpg_category":"<a href=\"https:\/\/arantv.az\/?cat=1\" rel=\"category\">C\u0259miyy\u0259t<\/a>","rttpg_excerpt":"H\u0259yatda el\u0259 \u0259lam\u0259tdar g\u00fcnl\u0259r, hadis\u0259l\u0259r var ki, \u00f6lk\u0259nin, milyonlarla insan\u0131n taleyind\u0259, m\u00fcq\u0259dd\u0259rat\u0131nda h\u0259lledici rol oynayaraq b\u00fct\u00f6v bir xalq\u0131n yadda\u015f\u0131na \u0259b\u0259di h\u0259kk olunur, tarixin\u0259 q\u0131z\u0131l h\u0259rfl\u0259rl\u0259 yaz\u0131l\u0131r. Az\u0259rbaycan \u00fc\u00e7\u00fcn 1993-c\u00fc ilin 15 iyunu m\u0259hz bel\u0259 tarixi hadis\u0259l\u0259rd\u0259ndir. H\u0259min \u0259lam\u0259tdar tarixi g\u00fcn \u00fcmummilli lider Heyd\u0259r \u018fliyevin ikinci d\u0259f\u0259 respublika r\u0259hb\u0259rliyin\u0259 qay\u0131d\u0131\u015f\u0131, d\u00f6vl\u0259t\u00e7iliyimizin xilas an\u0131n\u0131n ba\u015flan\u011f\u0131c\u0131, Milli Qurtulu\u015f&hellip;","_links":{"self":[{"href":"https:\/\/arantv.az\/index.php?rest_route=\/wp\/v2\/posts\/66892"}],"collection":[{"href":"https:\/\/arantv.az\/index.php?rest_route=\/wp\/v2\/posts"}],"about":[{"href":"https:\/\/arantv.az\/index.php?rest_route=\/wp\/v2\/types\/post"}],"author":[{"embeddable":true,"href":"https:\/\/arantv.az\/index.php?rest_route=\/wp\/v2\/users\/2"}],"replies":[{"embeddable":true,"href":"https:\/\/arantv.az\/index.php?rest_route=%2Fwp%2Fv2%2Fcomments&post=66892"}],"version-history":[{"count":0,"href":"https:\/\/arantv.az\/index.php?rest_route=\/wp\/v2\/posts\/66892\/revisions"}],"wp:featuredmedia":[{"embeddable":true,"href":"https:\/\/arantv.az\/index.php?rest_route=\/wp\/v2\/media\/66893"}],"wp:attachment":[{"href":"https:\/\/arantv.az\/index.php?rest_route=%2Fwp%2Fv2%2Fmedia&parent=66892"}],"wp:term":[{"taxonomy":"category","embeddable":true,"href":"https:\/\/arantv.az\/index.php?rest_route=%2Fwp%2Fv2%2Fcategories&post=66892"},{"taxonomy":"post_tag","embeddable":true,"href":"https:\/\/arantv.az\/index.php?rest_route=%2Fwp%2Fv2%2Ftags&post=66892"}],"curies":[{"name":"wp","href":"https:\/\/api.w.org\/{rel}","templated":true}]}}