{"id":66895,"date":"2019-06-15T13:37:03","date_gmt":"2019-06-15T10:37:03","guid":{"rendered":"http:\/\/arantv.az\/?p=66895"},"modified":"2019-06-15T13:37:03","modified_gmt":"2019-06-15T10:37:03","slug":"heyd%c9%99r-%c9%99liyevin-az%c9%99rbaycanda-r%c9%99hb%c9%99rliyi-oz-uz%c9%99rin%c9%99-goturm%c9%99si-dovl%c9%99ti-siyasi-iflasdan-v%c9%99t%c9%99ndas-muharib%c9%99sind%c9%99n-v%c9%99-yenid%c9%99n","status":"publish","type":"post","link":"https:\/\/arantv.az\/?p=66895","title":{"rendered":"&#8220;Heyd\u0259r \u018fliyevin Az\u0259rbaycanda r\u0259hb\u0259rliyi \u00f6z \u00fcz\u0259rin\u0259 g\u00f6t\u00fcrm\u0259si d\u00f6vl\u0259ti siyasi iflasdan, v\u0259t\u0259nda\u015f m\u00fcharib\u0259sind\u0259n v\u0259 yenid\u0259n \u0259sar\u0259t alt\u0131na d\u00fc\u015fm\u0259kd\u0259n xilas etdi&#8221;"},"content":{"rendered":"<p><strong>D\u00f6vl\u0259t T\u0259hl\u00fck\u0259sizliyi Xidm\u0259tind\u0259 (DTX) 15 iyun &#8211; Milli Qurtulu\u015f G\u00fcn\u00fcn\u0259 h\u0259sr olunan t\u0259nt\u0259n\u0259li t\u0259dbir ke\u00e7irilib.<\/strong><\/p>\n<p><strong>ARANTV.AZ<\/strong> x\u0259b\u0259r verir ki, bayram m\u00fcnasib\u0259til\u0259 \u015f\u0259xsi hey\u0259ti t\u0259dbrik ed\u0259n general-polkovnik M\u0259d\u0259t Quliyev \u00e7\u0131x\u0131\u015f\u0131nda bildirib ki, b\u00fct\u00fcn v\u0259t\u0259np\u0259rv\u0259r soyda\u015flar\u0131m\u0131z\u0131n b\u00f6y\u00fck q\u00fcrur, iftixar v\u0259 sevinc hissi il\u0259 qeyd etdiyi, m\u00fcst\u0259qil d\u00f6vl\u0259t quruculu\u011fu tariximizin \u015fanl\u0131 s\u0259hif\u0259l\u0259rind\u0259n olan 15 \u0130yun &#8211; \u00e7a\u011fda\u015f yadda\u015fda Az\u0259rbaycan xalq\u0131n\u0131n taleyini, onun g\u0259l\u0259c\u0259yini m\u00fc\u0259yy\u0259nl\u0259\u015fdir\u0259n \u00e7ox b\u00f6y\u00fck ictimai v\u0259 siyasi \u0259h\u0259miyy\u0259t\u0259 malik bir g\u00fcnd\u00fcr.<\/p>\n<p>General-polkovnik M\u0259d\u0259t Quliyev bildirib ki, \u0259n m\u00fcr\u0259kk\u0259b v\u0259 \u00e7\u0259tin bir d\u00f6vrd\u0259 xalq\u0131n t\u0259kidli t\u0259l\u0259bi il\u0259 Ulu \u00d6nd\u0259r Heyd\u0259r \u018fliyevin m\u00fcst\u0259qilliyini t\u0259z\u0259c\u0259 b\u0259rpa etmi\u015f Az\u0259rbaycanda r\u0259hb\u0259rliyi \u00f6z \u00fcz\u0259rin\u0259 g\u00f6t\u00fcrm\u0259si d\u00f6vl\u0259ti siyasi iflasdan, v\u0259t\u0259nda\u015f m\u00fcharib\u0259sind\u0259n, \u00f6lk\u0259ni par\u00e7alanmaqdan v\u0259 yenid\u0259n \u0259sar\u0259t alt\u0131na d\u00fc\u015fm\u0259kd\u0259n xilas etmi\u015fdir. B\u00f6y\u00fck d\u00fcha sahibi Heyd\u0259r \u018fliyev xalq\u0131n\u0131 i\u015f\u0131ql\u0131 g\u0259l\u0259c\u0259y\u0259, m\u00fcasir, sivil v\u0259 demokratik c\u0259miyy\u0259t quruculu\u011funa do\u011fru apararaq, respublikan\u0131 yeni d\u00fcnya d\u00fcz\u0259nind\u0259 s\u00f6z v\u0259 m\u00f6vqe sahibin\u0259 \u00e7evirm\u0259y\u0259 nail olub, Az\u0259rbaycan\u0131n m\u00fcst\u0259qilliyini \u0259b\u0259di, daimi v\u0259 d\u00f6nm\u0259z edib.<\/p>\n<p>General-polkovnik M\u0259d\u0259t Quliyev diqq\u0259t\u0259 \u00e7atd\u0131r\u0131b ki, \u00dcmummilli Liderin siyasi x\u0259ttini layiqinc\u0259 davam etdir\u0259n m\u00f6ht\u0259r\u0259m Prezident Zati-alil\u0259ri c\u0259nab \u0130lham \u018fliyevin m\u00fcdrik idar\u0259\u00e7iliyi v\u0259 beyn\u0259lxalq siyasi n\u00fcfuzu say\u0259sind\u0259 Heyd\u0259r \u018fliyevin \u015fah \u0259s\u0259ri olan m\u00fcst\u0259qil Az\u0259rbaycan daha b\u00f6y\u00fck nailiyy\u0259tl\u0259r\u0259 v\u0259 z\u0259f\u0259rl\u0259r\u0259 do\u011fru inamla add\u0131mlay\u0131r. Ulu \u00d6nd\u0259rin uzaqg\u00f6r\u0259n daxili v\u0259 xarici siyas\u0259tinin bu g\u00fcn m\u00f6ht\u0259r\u0259m Prezident, Silahl\u0131 Q\u00fcvv\u0259l\u0259rin Ali Ba\u015f Komandan\u0131 Zati-alil\u0259ri c\u0259nab \u0130lham \u018fliyevin m\u00fcdrik r\u0259hb\u0259rliyi il\u0259 u\u011furla davam etdirilm\u0259sinin n\u0259tic\u0259sidir ki, regionun lider d\u00f6vl\u0259tin\u0259 \u00e7evril\u0259n Az\u0259rbaycan Respublikas\u0131 s\u00fcr\u0259tl\u0259 inki\u015faf edir v\u0259 g\u00fcnd\u0259n-g\u00fcn\u0259 daha da q\u00fcdr\u0259tl\u0259nir.<\/p>\n<p>D\u00f6vl\u0259timizin ba\u015f\u00e7\u0131s\u0131n\u0131n y\u00fcr\u00fctd\u00fcy\u00fc alternativi olmayan strategiya n\u0259tic\u0259sind\u0259 bu g\u00fcn respublikada \u0259sl v\u0259t\u0259nda\u015f h\u0259mr\u0259yliyin\u0259 nail olunub, etibarl\u0131 t\u0259hl\u00fck\u0259sizlik sistemi qurulub, heyr\u0259tamiz iqtisadi y\u00fcks\u0259li\u015f v\u0259 d\u00f6vl\u0259t quruculu\u011funun b\u00fct\u00fcn sah\u0259l\u0259rinin t\u0259r\u0259qqisi, habel\u0259 m\u00f6ht\u0259r\u0259m Prezident Zati-alil\u0259ri c\u0259nab \u0130lham \u018fliyevin milli maraqlarla ba\u011fl\u0131 m\u0259s\u0259l\u0259l\u0259rin h\u0259llind\u0259 n\u00fcmayi\u015f etdirdiyi sars\u0131lmaz irad\u0259 v\u0259 prinsipial m\u00f6vqe m\u00fcasir Az\u0259rbaycana stabil v\u0259 etibarl\u0131 t\u0259r\u0259fda\u015f kimi b\u00f6y\u00fck n\u00fcfuz qazand\u0131r\u0131r.<\/p>\n<p>General-polkovnik M\u0259d\u0259t Quliyev \u0259min edib ki, D\u00f6vl\u0259t T\u0259hl\u00fck\u0259sizliyi Xidm\u0259tinin \u015f\u0259xsi hey\u0259ti \u00f6z Ali Ba\u015f Komandan\u0131n\u0131n m\u00fcst\u0259qil v\u0259 g\u00fccl\u00fc Az\u0259rbaycan namin\u0259, d\u00f6vl\u0259t m\u0259nafel\u0259rinin v\u0259 t\u0259hl\u00fck\u0259sizliyinin etibarl\u0131 qorunmas\u0131 \u00fczr\u0259 siyasi x\u0259ttinin m\u00fcv\u0259ff\u0259qiyy\u0259tl\u0259 h\u0259yata ke\u00e7irilm\u0259si \u00fc\u00e7\u00fcn b\u00fct\u00fcn \u0259mr v\u0259 g\u00f6st\u0259ri\u015fl\u0259rini bundan sonra da d\u0259rhal, \u015f\u0259r\u0259fl\u0259 v\u0259 vicdanla yerin\u0259 yetir\u0259c\u0259kdir.<\/p>\n<p>Qeyd olunmal\u0131d\u0131r ki, DTX-nin b\u00fct\u00fcn struktur b\u00f6lm\u0259l\u0259rind\u0259 15 iyun &#8211; Milli Qurtulu\u015f G\u00fcn\u00fc m\u00fcnasib\u0259til\u0259 silsil\u0259 t\u0259dbirl\u0259r ke\u00e7irilib.<\/p>\n<p>DTX-nin Heyd\u0259r \u018fliyev ad\u0131na Akademiyas\u0131nda &#8220;15 \u0130yun &#8211; Qurtulu\u015fdan B\u00f6y\u00fck Z\u0259f\u0259rl\u0259r\u0259 Do\u011fru&#8221; m\u00f6vzusunda konfrans t\u0259\u015fkil olunub. DTX-nin M\u0259d\u0259niyy\u0259t M\u0259rk\u0259zind\u0259 is\u0259 yarad\u0131c\u0131 kollektiv t\u0259r\u0259find\u0259n m\u0259har\u0259tl\u0259 haz\u0131rlanm\u0131\u015f m\u00fcst\u0259qilliyi v\u0259 d\u00f6vl\u0259t\u00e7iliyi t\u0259r\u0259nn\u00fcm ed\u0259n konsert proqram\u0131 tama\u015fa\u00e7\u0131larda \u015fux ovqat yaradaraq, onlara \u0259sl bayram sevinci ya\u015fad\u0131b.milli.az<\/p>\n","protected":false},"excerpt":{"rendered":"<p>D\u00f6vl\u0259t T\u0259hl\u00fck\u0259sizliyi Xidm\u0259tind\u0259 (DTX) 15 iyun &#8211; Milli Qurtulu\u015f G\u00fcn\u00fcn\u0259 h\u0259sr olunan t\u0259nt\u0259n\u0259li t\u0259dbir ke\u00e7irilib. ARANTV.AZ x\u0259b\u0259r verir ki, bayram m\u00fcnasib\u0259til\u0259 \u015f\u0259xsi hey\u0259ti t\u0259dbrik ed\u0259n general-polkovnik M\u0259d\u0259t Quliyev \u00e7\u0131x\u0131\u015f\u0131nda bildirib ki, b\u00fct\u00fcn v\u0259t\u0259np\u0259rv\u0259r soyda\u015flar\u0131m\u0131z\u0131n b\u00f6y\u00fck q\u00fcrur, iftixar v\u0259 sevinc hissi il\u0259 qeyd etdiyi, m\u00fcst\u0259qil d\u00f6vl\u0259t quruculu\u011fu tariximizin \u015fanl\u0131 s\u0259hif\u0259l\u0259rind\u0259n olan 15 \u0130yun &#8211; \u00e7a\u011fda\u015f yadda\u015fda Az\u0259rbaycan xalq\u0131n\u0131n taleyini, onun g\u0259l\u0259c\u0259yini m\u00fc\u0259yy\u0259nl\u0259\u015fdir\u0259n \u00e7ox b\u00f6y\u00fck ictimai v\u0259 siyasi \u0259h\u0259miyy\u0259t\u0259 malik bir g\u00fcnd\u00fcr. General-polkovnik M\u0259d\u0259t Quliyev bildirib ki, \u0259n m\u00fcr\u0259kk\u0259b v\u0259 \u00e7\u0259tin bir d\u00f6vrd\u0259 xalq\u0131n t\u0259kidli t\u0259l\u0259bi il\u0259 Ulu \u00d6nd\u0259r Heyd\u0259r \u018fliyevin m\u00fcst\u0259qilliyini&hellip;<\/p>\n","protected":false},"author":2,"featured_media":66896,"comment_status":"closed","ping_status":"closed","sticky":false,"template":"","format":"standard","meta":{"om_disable_all_campaigns":false,"_monsterinsights_skip_tracking":false,"_monsterinsights_sitenote_active":false,"_monsterinsights_sitenote_note":"","_monsterinsights_sitenote_category":0},"categories":[4],"tags":[],"aioseo_notices":[],"gutentor_comment":0,"rttpg_featured_image_url":{"full":["https:\/\/arantv.az\/wp-content\/uploads\/2019\/06\/medet_quliyev.jpg",587,440,false],"landscape":["https:\/\/arantv.az\/wp-content\/uploads\/2019\/06\/medet_quliyev.jpg",587,440,false],"portraits":["https:\/\/arantv.az\/wp-content\/uploads\/2019\/06\/medet_quliyev.jpg",587,440,false],"thumbnail":["https:\/\/arantv.az\/wp-content\/uploads\/2019\/06\/medet_quliyev-150x150.jpg",150,150,true],"medium":["https:\/\/arantv.az\/wp-content\/uploads\/2019\/06\/medet_quliyev-300x225.jpg",300,225,true],"large":["https:\/\/arantv.az\/wp-content\/uploads\/2019\/06\/medet_quliyev.jpg",587,440,false],"1536x1536":["https:\/\/arantv.az\/wp-content\/uploads\/2019\/06\/medet_quliyev.jpg",587,440,false],"2048x2048":["https:\/\/arantv.az\/wp-content\/uploads\/2019\/06\/medet_quliyev.jpg",587,440,false],"post-thumbnail":["https:\/\/arantv.az\/wp-content\/uploads\/2019\/06\/medet_quliyev-240x172.jpg",240,172,true],"advps-thumb-one":["https:\/\/arantv.az\/wp-content\/uploads\/2019\/06\/medet_quliyev.jpg",587,440,false]},"rttpg_author":{"display_name":"V\u00fcsal Rafiqo\u011flu","author_link":"https:\/\/arantv.az\/?author=2"},"rttpg_comment":0,"rttpg_category":"<a href=\"https:\/\/arantv.az\/?cat=4\" rel=\"category\">Siyas\u0259t<\/a>","rttpg_excerpt":"D\u00f6vl\u0259t T\u0259hl\u00fck\u0259sizliyi Xidm\u0259tind\u0259 (DTX) 15 iyun &#8211; Milli Qurtulu\u015f G\u00fcn\u00fcn\u0259 h\u0259sr olunan t\u0259nt\u0259n\u0259li t\u0259dbir ke\u00e7irilib. ARANTV.AZ x\u0259b\u0259r verir ki, bayram m\u00fcnasib\u0259til\u0259 \u015f\u0259xsi hey\u0259ti t\u0259dbrik ed\u0259n general-polkovnik M\u0259d\u0259t Quliyev \u00e7\u0131x\u0131\u015f\u0131nda bildirib ki, b\u00fct\u00fcn v\u0259t\u0259np\u0259rv\u0259r soyda\u015flar\u0131m\u0131z\u0131n b\u00f6y\u00fck q\u00fcrur, iftixar v\u0259 sevinc hissi il\u0259 qeyd etdiyi, m\u00fcst\u0259qil d\u00f6vl\u0259t quruculu\u011fu tariximizin \u015fanl\u0131 s\u0259hif\u0259l\u0259rind\u0259n olan 15 \u0130yun &#8211; \u00e7a\u011fda\u015f yadda\u015fda&hellip;","_links":{"self":[{"href":"https:\/\/arantv.az\/index.php?rest_route=\/wp\/v2\/posts\/66895"}],"collection":[{"href":"https:\/\/arantv.az\/index.php?rest_route=\/wp\/v2\/posts"}],"about":[{"href":"https:\/\/arantv.az\/index.php?rest_route=\/wp\/v2\/types\/post"}],"author":[{"embeddable":true,"href":"https:\/\/arantv.az\/index.php?rest_route=\/wp\/v2\/users\/2"}],"replies":[{"embeddable":true,"href":"https:\/\/arantv.az\/index.php?rest_route=%2Fwp%2Fv2%2Fcomments&post=66895"}],"version-history":[{"count":0,"href":"https:\/\/arantv.az\/index.php?rest_route=\/wp\/v2\/posts\/66895\/revisions"}],"wp:featuredmedia":[{"embeddable":true,"href":"https:\/\/arantv.az\/index.php?rest_route=\/wp\/v2\/media\/66896"}],"wp:attachment":[{"href":"https:\/\/arantv.az\/index.php?rest_route=%2Fwp%2Fv2%2Fmedia&parent=66895"}],"wp:term":[{"taxonomy":"category","embeddable":true,"href":"https:\/\/arantv.az\/index.php?rest_route=%2Fwp%2Fv2%2Fcategories&post=66895"},{"taxonomy":"post_tag","embeddable":true,"href":"https:\/\/arantv.az\/index.php?rest_route=%2Fwp%2Fv2%2Ftags&post=66895"}],"curies":[{"name":"wp","href":"https:\/\/api.w.org\/{rel}","templated":true}]}}