{"id":66899,"date":"2019-06-15T13:39:27","date_gmt":"2019-06-15T10:39:27","guid":{"rendered":"http:\/\/arantv.az\/?p=66899"},"modified":"2019-06-15T13:39:27","modified_gmt":"2019-06-15T10:39:27","slug":"putind%c9%99n-muharib%c9%99-cixisi-rusiya-iran-v%c9%99-turkiy%c9%99","status":"publish","type":"post","link":"https:\/\/arantv.az\/?p=66899","title":{"rendered":"Putind\u0259n M\u00dcHAR\u0130B\u018f \u00c7IXI\u015eI: Rusiya, \u0130ran v\u0259 T\u00fcrkiy\u0259&#8230;"},"content":{"rendered":"<p>Rusiya lideri Vladimir Putin d\u00fcnya iqtisadiyyat\u0131nda \u0259dal\u0259tin yenid\u0259n b\u0259rpa edilm\u0259si \u00fc\u00e7\u00fcn q\u00fcvv\u0259l\u0259ri birl\u0259\u015fdirm\u0259k v\u0259 qaydas\u0131z d\u00f6y\u00fc\u015fl\u0259rd\u0259n imtina etm\u0259kl\u0259 ba\u011fl\u0131 \u00e7a\u011f\u0131r\u0131\u015f edib.<\/p>\n<p><b>ARANTV.AZ\u00a0<\/b>\u00a0publika.az-a istinadla x\u0259b\u0259r verir ki, Tacikistan\u0131n paytaxt\u0131 D\u00fc\u015f\u0131mb\u0259d\u0259 Asiyada \u018fm\u0259kda\u015fl\u0131q v\u0259 Etimad T\u0259dbirl\u0259ri Konfrans\u0131nda \u00e7\u0131x\u0131\u015f ed\u0259n Putin d\u00fcnyada ticar\u0259t m\u00fcharib\u0259l\u0259rinin alovland\u0131\u011f\u0131n\u0131, r\u0259qibl\u0259rin bazardank\u0259nar \u00fcsullarla qorxudularaq aradan qald\u0131r\u0131lmas\u0131na diqq\u0259t \u00e7\u0259kib.<\/p>\n<div id=\"AdviadNativeVideo0\" class=\"AdviadNativeVideo\"><\/div>\n<p>&#8220;\u0130lk add\u0131m olaraq, \u0259n az\u0131ndan, sosial v\u0259 humanitar sah\u0259l\u0259rd\u0259 ticar\u0259tin m\u0259hdudla\u015f\u0131r\u0131lmas\u0131 v\u0259 sanksiyalar\u0131n aradan qald\u0131r\u0131lmas\u0131 laz\u0131md\u0131r. Burada \u0259sas ehtiyac m\u0259hsullar\u0131, tibbi vasit\u0259l\u0259r v\u0259 d\u0259rmanlardan s\u00f6hb\u0259t gedir. Bu durumdan \u00e7\u0131x\u0131\u015f yolu tapmaq \u00fc\u00e7\u00fcn q\u00fcvv\u0259l\u0259rin birl\u0259\u015fdirilm\u0259si vacibdir&#8221;, &#8211; Putin deyib.<\/p>\n<p>Rusiya lideri qeyd edib ki, Asiya qit\u0259sind\u0259 t\u0259hl\u00fck\u0259sizliyin t\u0259min olunmas\u0131 \u00fc\u00e7\u00fcn Koreya yar\u0131madas\u0131nda g\u0259rginliyin azald\u0131lmas\u0131 laz\u0131md\u0131r. Bu m\u0259s\u0259l\u0259d\u0259 is\u0259 s\u00fclh t\u0259\u015f\u0259bb\u00fcsl\u0259rin\u0259 alternativ yoxdur: &#8220;Asiyada t\u0259hl\u00fck\u0259sizliyin t\u0259min edilm\u0259si \u00fc\u00e7\u00fcn ba\u015fqa bir v\u0259zif\u0259 is\u0259 Suriyada uzunm\u00fcdd\u0259tli sabitliyi \u0259ld\u0259 etm\u0259kdir. Rsuiya, \u0130ran v\u0259 T\u00fcrkiy\u0259nin Astana format\u0131ndak\u0131 koordinasiyas\u0131 fayda verir. Birlikd\u0259 \u00e7al\u0131\u015faraq Suriya Konsitutsiya Komit\u0259sinin i\u015finin t\u0259\u015fkili v\u0259 ba\u015flad\u0131lmas\u0131 ba\u015fda olmaqla, Suriyadak\u0131 daxili prosesl\u0259rin inki\u015faf\u0131n\u0131 t\u0259min ed\u0259c\u0259yik&#8221;.<\/p>\n","protected":false},"excerpt":{"rendered":"<p>Rusiya lideri Vladimir Putin d\u00fcnya iqtisadiyyat\u0131nda \u0259dal\u0259tin yenid\u0259n b\u0259rpa edilm\u0259si \u00fc\u00e7\u00fcn q\u00fcvv\u0259l\u0259ri birl\u0259\u015fdirm\u0259k v\u0259 qaydas\u0131z d\u00f6y\u00fc\u015fl\u0259rd\u0259n imtina etm\u0259kl\u0259 ba\u011fl\u0131 \u00e7a\u011f\u0131r\u0131\u015f edib. ARANTV.AZ\u00a0\u00a0publika.az-a istinadla x\u0259b\u0259r verir ki, Tacikistan\u0131n paytaxt\u0131 D\u00fc\u015f\u0131mb\u0259d\u0259 Asiyada \u018fm\u0259kda\u015fl\u0131q v\u0259 Etimad T\u0259dbirl\u0259ri Konfrans\u0131nda \u00e7\u0131x\u0131\u015f ed\u0259n Putin d\u00fcnyada ticar\u0259t m\u00fcharib\u0259l\u0259rinin alovland\u0131\u011f\u0131n\u0131, r\u0259qibl\u0259rin bazardank\u0259nar \u00fcsullarla qorxudularaq aradan qald\u0131r\u0131lmas\u0131na diqq\u0259t \u00e7\u0259kib. &#8220;\u0130lk add\u0131m olaraq, \u0259n az\u0131ndan, sosial v\u0259 humanitar sah\u0259l\u0259rd\u0259 ticar\u0259tin m\u0259hdudla\u015f\u0131r\u0131lmas\u0131 v\u0259 sanksiyalar\u0131n aradan qald\u0131r\u0131lmas\u0131 laz\u0131md\u0131r. Burada \u0259sas ehtiyac m\u0259hsullar\u0131, tibbi vasit\u0259l\u0259r v\u0259 d\u0259rmanlardan s\u00f6hb\u0259t gedir. Bu durumdan \u00e7\u0131x\u0131\u015f yolu tapmaq \u00fc\u00e7\u00fcn q\u00fcvv\u0259l\u0259rin birl\u0259\u015fdirilm\u0259si vacibdir&#8221;, &#8211; Putin deyib. Rusiya lideri&hellip;<\/p>\n","protected":false},"author":2,"featured_media":66900,"comment_status":"closed","ping_status":"closed","sticky":false,"template":"","format":"standard","meta":{"om_disable_all_campaigns":false,"_monsterinsights_skip_tracking":false,"_monsterinsights_sitenote_active":false,"_monsterinsights_sitenote_note":"","_monsterinsights_sitenote_category":0},"categories":[7],"tags":[],"aioseo_notices":[],"gutentor_comment":0,"rttpg_featured_image_url":{"full":["https:\/\/arantv.az\/wp-content\/uploads\/2019\/06\/15605945131039374634.jpg",549,309,false],"landscape":["https:\/\/arantv.az\/wp-content\/uploads\/2019\/06\/15605945131039374634.jpg",549,309,false],"portraits":["https:\/\/arantv.az\/wp-content\/uploads\/2019\/06\/15605945131039374634.jpg",549,309,false],"thumbnail":["https:\/\/arantv.az\/wp-content\/uploads\/2019\/06\/15605945131039374634-150x150.jpg",150,150,true],"medium":["https:\/\/arantv.az\/wp-content\/uploads\/2019\/06\/15605945131039374634-300x169.jpg",300,169,true],"large":["https:\/\/arantv.az\/wp-content\/uploads\/2019\/06\/15605945131039374634.jpg",549,309,false],"1536x1536":["https:\/\/arantv.az\/wp-content\/uploads\/2019\/06\/15605945131039374634.jpg",549,309,false],"2048x2048":["https:\/\/arantv.az\/wp-content\/uploads\/2019\/06\/15605945131039374634.jpg",549,309,false],"post-thumbnail":["https:\/\/arantv.az\/wp-content\/uploads\/2019\/06\/15605945131039374634-240x172.jpg",240,172,true],"advps-thumb-one":["https:\/\/arantv.az\/wp-content\/uploads\/2019\/06\/15605945131039374634.jpg",549,309,false]},"rttpg_author":{"display_name":"V\u00fcsal Rafiqo\u011flu","author_link":"https:\/\/arantv.az\/?author=2"},"rttpg_comment":0,"rttpg_category":"<a href=\"https:\/\/arantv.az\/?cat=7\" rel=\"category\">D\u00fcnya<\/a>","rttpg_excerpt":"Rusiya lideri Vladimir Putin d\u00fcnya iqtisadiyyat\u0131nda \u0259dal\u0259tin yenid\u0259n b\u0259rpa edilm\u0259si \u00fc\u00e7\u00fcn q\u00fcvv\u0259l\u0259ri birl\u0259\u015fdirm\u0259k v\u0259 qaydas\u0131z d\u00f6y\u00fc\u015fl\u0259rd\u0259n imtina etm\u0259kl\u0259 ba\u011fl\u0131 \u00e7a\u011f\u0131r\u0131\u015f edib. ARANTV.AZ\u00a0\u00a0publika.az-a istinadla x\u0259b\u0259r verir ki, Tacikistan\u0131n paytaxt\u0131 D\u00fc\u015f\u0131mb\u0259d\u0259 Asiyada \u018fm\u0259kda\u015fl\u0131q v\u0259 Etimad T\u0259dbirl\u0259ri Konfrans\u0131nda \u00e7\u0131x\u0131\u015f ed\u0259n Putin d\u00fcnyada ticar\u0259t m\u00fcharib\u0259l\u0259rinin alovland\u0131\u011f\u0131n\u0131, r\u0259qibl\u0259rin bazardank\u0259nar \u00fcsullarla qorxudularaq aradan qald\u0131r\u0131lmas\u0131na diqq\u0259t \u00e7\u0259kib. &#8220;\u0130lk add\u0131m olaraq, \u0259n az\u0131ndan,&hellip;","_links":{"self":[{"href":"https:\/\/arantv.az\/index.php?rest_route=\/wp\/v2\/posts\/66899"}],"collection":[{"href":"https:\/\/arantv.az\/index.php?rest_route=\/wp\/v2\/posts"}],"about":[{"href":"https:\/\/arantv.az\/index.php?rest_route=\/wp\/v2\/types\/post"}],"author":[{"embeddable":true,"href":"https:\/\/arantv.az\/index.php?rest_route=\/wp\/v2\/users\/2"}],"replies":[{"embeddable":true,"href":"https:\/\/arantv.az\/index.php?rest_route=%2Fwp%2Fv2%2Fcomments&post=66899"}],"version-history":[{"count":0,"href":"https:\/\/arantv.az\/index.php?rest_route=\/wp\/v2\/posts\/66899\/revisions"}],"wp:featuredmedia":[{"embeddable":true,"href":"https:\/\/arantv.az\/index.php?rest_route=\/wp\/v2\/media\/66900"}],"wp:attachment":[{"href":"https:\/\/arantv.az\/index.php?rest_route=%2Fwp%2Fv2%2Fmedia&parent=66899"}],"wp:term":[{"taxonomy":"category","embeddable":true,"href":"https:\/\/arantv.az\/index.php?rest_route=%2Fwp%2Fv2%2Fcategories&post=66899"},{"taxonomy":"post_tag","embeddable":true,"href":"https:\/\/arantv.az\/index.php?rest_route=%2Fwp%2Fv2%2Ftags&post=66899"}],"curies":[{"name":"wp","href":"https:\/\/api.w.org\/{rel}","templated":true}]}}