{"id":668995,"date":"2023-12-14T21:34:28","date_gmt":"2023-12-14T17:34:28","guid":{"rendered":"https:\/\/arantv.az\/?p=668995"},"modified":"2023-12-14T21:34:28","modified_gmt":"2023-12-14T17:34:28","slug":"sahib%c9%99-qafarova-m%c9%99rakesli-h%c9%99mkarini-az%c9%99rbaycan-erm%c9%99nistan-sulh-prosesi-bar%c9%99d%c9%99-m%c9%99lumatlandirib-foto","status":"publish","type":"post","link":"https:\/\/arantv.az\/?p=668995","title":{"rendered":"Sahib\u0259 Qafarova m\u0259rake\u015fli h\u0259mkar\u0131n\u0131 Az\u0259rbaycan-Erm\u0259nistan s\u00fclh prosesi bar\u0259d\u0259 m\u0259lumatland\u0131r\u0131b &#8211; FOTO"},"content":{"rendered":"<p>Milli M\u0259clisin s\u0259dri Sahib\u0259 Qafarova M\u0259rake\u015f Krall\u0131\u011f\u0131na r\u0259smi s\u0259f\u0259ri \u00e7\u0259r\u00e7iv\u0259sind\u0259 bu \u00f6lk\u0259 Parlamentinin N\u00fcmay\u0259nd\u0259l\u0259r Palatas\u0131n\u0131n s\u0259dri Ra\u015fid Talbi El Alami il\u0259 g\u00f6r\u00fc\u015f\u00fcb.<\/p>\n<p>Parlamentin M\u0259tbuat v\u0259 ictimaiyy\u0259tl\u0259 \u0259laq\u0259l\u0259r \u015f\u00f6b\u0259sind\u0259n bildirilib ki, M\u0259rake\u015f Parlamentinin N\u00fcmay\u0259nd\u0259l\u0259r Palatas\u0131n\u0131n s\u0259dri Ra\u015fid Talbi El Alami Milli M\u0259clisin s\u0259dri Sahib\u0259 Qafarovan\u0131 s\u0259mimiyy\u0259tl\u0259 salamlayaraq, d\u0259v\u0259ti q\u0259bul edib s\u0259f\u0259r\u0259 g\u0259ldiyin\u0259 g\u00f6r\u0259 Az\u0259rbaycan parlamentinin r\u0259hb\u0259rin\u0259 t\u0259\u015f\u0259kk\u00fcr edib.<\/p>\n<p>Az\u0259rbaycan\u0131n \u00f6lk\u0259si \u00fc\u00e7\u00fcn qarda\u015f \u00f6lk\u0259 oldu\u011funu dey\u0259n Ra\u015fid Talbi El Alami \u00f6lk\u0259l\u0259rimiz aras\u0131nda \u0259laq\u0259l\u0259rin geni\u015fl\u0259nm\u0259sinin vacibliyini qeyd edib. O, \u00f6lk\u0259l\u0259rimiz aras\u0131nda iqtisadi \u0259m\u0259kda\u015fl\u0131\u011f\u0131n, i\u015fg\u00fczar dair\u0259l\u0259r aras\u0131nda \u0259laq\u0259l\u0259rin \u0259h\u0259miyy\u0259tini diqq\u0259t\u0259 \u00e7atd\u0131r\u0131b.<\/p>\n<p>S\u00f6hb\u0259t zaman\u0131 Az\u0259rbaycan v\u0259 M\u0259rake\u015fin bir-birinin suverenliyini v\u0259 \u0259razi b\u00fct\u00f6vl\u00fcy\u00fcn\u00fc qar\u015f\u0131l\u0131ql\u0131 \u015f\u0259kild\u0259 d\u0259st\u0259kl\u0259dikl\u0259ri qeyd olunaraq, beyn\u0259lxalq t\u0259\u015fkilatlarda birg\u0259 f\u0259aliyy\u0259tin v\u0259 h\u0259mr\u0259yliyin \u0259h\u0259miyy\u0259ti vur\u011fulan\u0131b. N\u00fcmay\u0259nd\u0259l\u0259r Palatas\u0131n\u0131n s\u0259dri Az\u0259rbaycan\u0131 \u00f6z suverenliyini b\u0259rpa etm\u0259si m\u00fcnasib\u0259til\u0259 t\u0259brik edib.<\/p>\n<p>Ra\u015fid Talbi El Alami \u00f6lk\u0259miz\u0259 s\u0259f\u0259rl\u0259ri \u00e7\u0259r\u00e7iv\u0259sind\u0259 2022-ci ilin iyun ay\u0131nda Qo\u015fulmama H\u0259r\u0259kat\u0131n\u0131n Bak\u0131 konfrans\u0131nda v\u0259 2023-c\u00fc ilin may ay\u0131nda Milli M\u0259clisin Az\u0259rbaycan xalq\u0131n\u0131n \u00fcmummilli lideri Heyd\u0259r \u018fliyevin 100 illik yubileyin\u0259 h\u0259sr olunmu\u015f x\u00fcsusi iclas\u0131nda i\u015ftirak\u0131n\u0131 m\u0259mnunluqla xat\u0131rladaraq, \u00f6lk\u0259mizl\u0259 ba\u011fl\u0131 xo\u015f fikirl\u0259rini ifad\u0259 edib.<\/p>\n<p>Milli M\u0259clisin s\u0259dri Sahib\u0259 Qafarova g\u00f6st\u0259ril\u0259n qonaqp\u0259rv\u0259rliy\u0259 g\u00f6r\u0259 minn\u0259tdarl\u0131\u011f\u0131n\u0131 bildir\u0259r\u0259k, Az\u0259rbaycan v\u0259 M\u0259rake\u015f aras\u0131nda siyasi, iqtisadi, himanitar \u0259laq\u0259l\u0259rin vacibliyini diqq\u0259t\u0259 \u00e7atd\u0131r\u0131b.<\/p>\n<p>G\u00f6r\u00fc\u015fd\u0259 ikit\u0259r\u0259fli \u0259laq\u0259l\u0259rin inki\u015faf\u0131nda parlamentl\u0259r aras\u0131nda \u0259m\u0259kda\u015fl\u0131\u011f\u0131n vacib rolu diqq\u0259t\u0259 \u00e7atd\u0131r\u0131l\u0131b. Spiker Sahib\u0259 Qafarova qanunvericilik orqanlar\u0131m\u0131z aras\u0131nda \u0259laq\u0259l\u0259rin inki\u015faf etdiyini bildirib. Qeyd olunub ki, h\u0259r iki \u00f6lk\u0259nin parlamentind\u0259 dostluq qruplar\u0131 u\u011furla f\u0259aliyy\u0259t g\u00f6st\u0259rir v\u0259 n\u00fcmay\u0259nd\u0259 hey\u0259tl\u0259rimiz beyn\u0259lxalq parlament t\u0259\u015fkilatlar\u0131nda bir-birin\u0259 d\u0259st\u0259k verirl\u0259r.<\/p>\n<p>G\u00f6r\u00fc\u015fd\u0259 ali qanunvericilik orqanlar\u0131n\u0131n komit\u0259l\u0259ri v\u0259 parlament aparatlar\u0131 aras\u0131nda da \u0259m\u0259kda\u015fl\u0131q m\u0259s\u0259l\u0259l\u0259ri m\u00fczakir\u0259 olunub. H\u0259m\u00e7inin, qanunverici orqanlar\u0131m\u0131z\u0131n h\u00fcquqi, iqtisadi, humanitar, ail\u0259 d\u0259y\u0259rl\u0259ri v\u0259 qad\u0131n m\u0259s\u0259l\u0259l\u0259ri \u00fczr\u0259 birg\u0259 \u0259m\u0259kda\u015fl\u0131q imkanlar\u0131 n\u0259z\u0259rd\u0259n ke\u00e7irilib. Az\u0259rbaycan\u0131n BMT-nin \u0130qlim D\u0259yi\u015fikliyi \u00fczr\u0259 \u00c7\u0259r\u00e7iv\u0259 Konvensiyas\u0131n\u0131n T\u0259r\u0259fl\u0259r Konfrans\u0131n\u0131n 29-cu sessiyas\u0131na (COP29) ev sahibliyi ed\u0259c\u0259yi n\u0259z\u0259r\u0259 al\u0131naraq, parlamentl\u0259rimizin iqlim d\u0259yi\u015fiklikl\u0259ri \u00fczr\u0259 d\u0259 \u0259m\u0259kda\u015fl\u0131\u011f\u0131 il\u0259 ba\u011fl\u0131 fikir m\u00fcbadil\u0259si apar\u0131l\u0131b.<\/p>\n<p>Ra\u015fid Talbi El Alami Az\u0259rbaycan\u0131n bu t\u0259dbir\u0259 ev sahibliyi etm\u0259k h\u00fcququ \u0259ld\u0259 etm\u0259si m\u00fcnasib\u0259til\u0259 \u00f6z t\u0259brikl\u0259rini \u00e7atd\u0131r\u0131b.<\/p>\n<p>Milli M\u0259clisin s\u0259dri parlamentl\u0259rimizin Az\u0259rbaycan Prezidenti<strong>\u00a0\u0130lham \u018fliyevin<\/strong>\u00a0t\u0259\u015f\u0259bb\u00fcs\u00fc il\u0259 yarad\u0131lan Qo\u015fulmama H\u0259r\u0259kat\u0131n\u0131n Parlament \u015e\u0259b\u0259k\u0259si \u00e7\u0259r\u00e7iv\u0259sind\u0259 d\u0259 \u0259m\u0259kda\u015fl\u0131\u011f\u0131n\u0131n vacibliyini ifad\u0259 ed\u0259r\u0259k, \u015e\u0259b\u0259k\u0259nin bu g\u00fcn\u0259 q\u0259d\u0259r ke\u00e7iril\u0259n b\u00fct\u00fcn konfranslar\u0131nda M\u0259rake\u015fin \u0259n y\u00fcks\u0259k s\u0259viyy\u0259d\u0259 t\u0259msil olundu\u011funu m\u0259mnunluqla xat\u0131rlad\u0131b. Sahib\u0259 Qafarova N\u00fcmay\u0259nd\u0259l\u0259r Palatas\u0131 s\u0259drinin Qo\u015fulmama H\u0259r\u0259kat\u0131n\u0131n Bak\u0131 konfrans\u0131nda v\u0259 Milli M\u0259clisin Az\u0259rbaycan xalq\u0131n\u0131n \u00fcmummilli lideri Heyd\u0259r \u018fliyevin 100 illik yubileyin\u0259 h\u0259sr olunmu\u015f x\u00fcsusi iclas\u0131nda i\u015ftirak\u0131na g\u00f6r\u0259 minn\u0259tdarl\u0131\u011f\u0131n\u0131 bildirib.<\/p>\n<p>2024-c\u00fc il fevral\u0131n 7-d\u0259 Az\u0259rbaycanda ke\u00e7iril\u0259c\u0259k prezident se\u00e7kil\u0259rind\u0259n dan\u0131\u015fan spiker Sahib\u0259 Qafarova bu se\u00e7kil\u0259ri tarixi se\u00e7kil\u0259r kimi xarakteriz\u0259 edib. O, deyib ki, bu se\u00e7kil\u0259ri \u0259vv\u0259lkil\u0259rd\u0259n f\u0259rql\u0259ndir\u0259n \u0259sas c\u0259h\u0259t ondan ibar\u0259tdir ki, bu d\u0259f\u0259 se\u00e7kil\u0259r Az\u0259rbaycan\u0131n b\u00fct\u00fcn suveren \u0259razisind\u0259 ke\u00e7iril\u0259c\u0259k.<\/p>\n<p>G\u00f6r\u00fc\u015fd\u0259 spiker Sahib\u0259 Qafarova diqq\u0259t\u0259 \u00e7atd\u0131r\u0131b ki, 30 il \u0259rzind\u0259 Az\u0259rbaycan torpaqlar\u0131 Erm\u0259nistan\u0131n i\u015f\u011fal\u0131 alt\u0131nda olub. Bu 30 ild\u0259 beyn\u0259lxalq t\u0259\u015fkilatlar t\u0259r\u0259find\u0259n Az\u0259rbaycan \u0259razil\u0259rinin d\u0259rhal v\u0259 qeyd-\u015f\u0259rtsiz azad edilm\u0259sin\u0259 dair bir \u00e7ox s\u0259n\u0259dl\u0259r v\u0259 q\u0259tnam\u0259l\u0259r q\u0259bul olunsa da, bu s\u0259n\u0259dl\u0259r icra olunmay\u0131b. 2020-ci ild\u0259 is\u0259 Az\u0259rbaycan \u00f6z g\u00fcc\u00fc hesab\u0131na, 3 000 \u015f\u0259hidin qan\u0131 bahas\u0131na torpaqlar\u0131n\u0131 i\u015f\u011faldan azad edib.<\/p>\n<p>Milli M\u0259clisin s\u0259dri \u00f6lk\u0259mizin V\u0259t\u0259n m\u00fcharib\u0259sind\u0259 qazand\u0131\u011f\u0131 Q\u0259l\u0259b\u0259d\u0259n sonra regionda yaranm\u0131\u015f yeni reall\u0131qlar bar\u0259d\u0259 d\u0259 m\u0259lumat verib. Sahib\u0259 Qafarova cari ilin sentyabr ay\u0131nda u\u011furla yekunla\u015fan lokal antiterror t\u0259dbirl\u0259ri n\u0259tic\u0259sind\u0259 Qaraba\u011fda separatizm\u0259 son qoyuldu\u011funu, suverenliyimizin tam b\u0259rpa edildiyini diqq\u0259t\u0259 \u00e7atd\u0131r\u0131b. O, h\u0259r zaman Az\u0259rbaycan\u0131n \u0259razi b\u00fct\u00f6vl\u00fcy\u00fcn\u00fc v\u0259 suverenliyini d\u0259st\u0259kl\u0259diyin\u0259 g\u00f6r\u0259 M\u0259rake\u015f t\u0259r\u0259fin\u0259 t\u0259\u015f\u0259kk\u00fcr\u00fcn\u00fc ifad\u0259 edib.<\/p>\n<p>Milli M\u0259clisin s\u0259dri son g\u00fcnl\u0259rd\u0259 Az\u0259rbaycan v\u0259 Erm\u0259nistan aras\u0131nda etimad quruculu\u011fu istiqam\u0259tind\u0259 h\u0259yata ke\u00e7irilmi\u015f t\u0259dbirl\u0259r haqq\u0131nda da m\u0259lumat verib. O bildirib ki, haz\u0131rda Az\u0259rbaycanla Erm\u0259nistan aras\u0131nda s\u00fclh sazi\u015finin imzalanmas\u0131na he\u00e7 bir mane\u0259 yoxdur. O,\u00a0sazi\u015fin tezlikl\u0259 imzalanaca\u011f\u0131na \u00fcmid etdiyini qeyd edib.<\/p>\n<p>S\u00f6hb\u0259t zaman\u0131 qar\u015f\u0131l\u0131ql\u0131 maraq do\u011furan dig\u0259r m\u0259s\u0259l\u0259l\u0259r haqq\u0131nda da fikir m\u00fcbadil\u0259si apar\u0131l\u0131b.<\/p>\n<p>G\u00f6r\u00fc\u015fd\u0259 Milli M\u0259clisin M\u0259rake\u015fl\u0259 parlamentl\u0259raras\u0131 \u0259laq\u0259l\u0259r \u00fczr\u0259 i\u015f\u00e7i qrupunun r\u0259hb\u0259ri \u0130mamverdi \u0130smay\u0131lov, qrupun \u00fczv\u00fc A\u011falar V\u0259liyev, Az\u0259rbaycan\u0131n M\u0259rake\u015fd\u0259ki s\u0259firi Nazim S\u0259m\u0259dov v\u0259 dig\u0259r r\u0259smi \u015f\u0259xsl\u0259r i\u015ftirak edibl\u0259r.<\/p>\n<p>&nbsp;<\/p>\n<div class=\"gallery\">\n<div class=\"gallery-i\"><img src=\"https:\/\/cdn.oxu.az\/uploads\/W1siZiIsIjIwMjMvMTIvMTQvMjEvMDQvMzQvNDdhMjU5NzgtYTA1ZC00ZjM5LTkxNDItMDM3MzJmMWFhZTk3L2NiMmU4NGZjLTAzZDMtMzhiOS1hOTg1LWNlYzc5ZjI4ZThlYi5qcGciXSxbInAiLCJlbmNvZGUiLCJqcGciLCItcXVhbGl0eSA4MCJdLFsicCIsInRodW1iIiwiNTkweDU5MFx1MDAzZSJdXQ?sha=80353337f9282a68\" alt=\"\" \/><\/p>\n<div class=\"gallery-i-caption\"><\/div>\n<\/div>\n<div class=\"gallery-i\"><img src=\"https:\/\/cdn.oxu.az\/uploads\/W1siZiIsIjIwMjMvMTIvMTQvMjAvNTgvMDcvZDU2N2RmOGMtN2VlNi00ZmRlLTg0ZmEtODcyZTIyMDNhYjc3LzlhM2U4ZjI2LThlNDQtMzJkOC05ODQ3LWEzMTNhZGI0MjkxYiAoMSkuanBnIl0sWyJwIiwiZW5jb2RlIiwianBnIiwiLXF1YWxpdHkgODAiXSxbInAiLCJ0aHVtYiIsIjU5MHg1OTBcdTAwM2UiXV0?sha=a496105eedbd3750\" alt=\"\" \/><\/p>\n<div class=\"gallery-i-caption\"><\/div>\n<\/div>\n<div class=\"gallery-i\"><img src=\"https:\/\/cdn.oxu.az\/uploads\/W1siZiIsIjIwMjMvMTIvMTQvMjAvNTgvMDcvMDAwNzY4MjEtMThhNy00ZjI0LWI2NjUtMDg0YmI3ZTllNzA4LzlmMTFhMjg4LWU5NGYtMzNkNy1hYzI5LTdjYTM0YTM1OTRmMC5qcGciXSxbInAiLCJlbmNvZGUiLCJqcGciLCItcXVhbGl0eSA4MCJdLFsicCIsInRodW1iIiwiNTkweDU5MFx1MDAzZSJdXQ?sha=77934347c05362dc\" alt=\"\" \/><\/p>\n<div class=\"gallery-i-caption\"><\/div>\n<\/div>\n<div class=\"gallery-i\"><img src=\"https:\/\/cdn.oxu.az\/uploads\/W1siZiIsIjIwMjMvMTIvMTQvMjAvNTgvMDcvZmQyMjNiZmItYWQyZS00MGNlLTljOTEtODkwYTc2ZjRmMDhlLzgxYWI1OGQxLTIzNTEtM2IzOS1hODkyLWQwY2ExNTFhMTBjZS5qcGciXSxbInAiLCJlbmNvZGUiLCJqcGciLCItcXVhbGl0eSA4MCJdLFsicCIsInRodW1iIiwiNTkweDU5MFx1MDAzZSJdXQ?sha=decac302f5d693ef\" alt=\"\" \/><\/p>\n<div class=\"gallery-i-caption\"><\/div>\n<\/div>\n<div class=\"gallery-i\"><img src=\"https:\/\/cdn.oxu.az\/uploads\/W1siZiIsIjIwMjMvMTIvMTQvMjAvNTgvMDcvNWU1YzI2YTMtNWVmNi00MzZmLWE3N2YtZDdkN2U3OGE5ZjA4Lzc2MGY3NzM5LWVjNmUtM2Q2OC04MjE0LWZmODkwMWFhODI1ZC5qcGciXSxbInAiLCJlbmNvZGUiLCJqcGciLCItcXVhbGl0eSA4MCJdLFsicCIsInRodW1iIiwiNTkweDU5MFx1MDAzZSJdXQ?sha=39ef27a36881bc81\" alt=\"\" \/><\/p>\n<div class=\"gallery-i-caption\"><\/div>\n<\/div>\n<div class=\"gallery-i\"><img src=\"https:\/\/cdn.oxu.az\/uploads\/W1siZiIsIjIwMjMvMTIvMTQvMjAvNTgvMDcvNjM1ZDQyZjgtMmQ1Yy00Yzk1LTlmY2UtODI4YThlNDJhYThmLzQ3MTE1Y2YwLWIyODQtMzZhMi04Yjk2LWUwNGMzNDUzYjg0My5qcGciXSxbInAiLCJlbmNvZGUiLCJqcGciLCItcXVhbGl0eSA4MCJdLFsicCIsInRodW1iIiwiNTkweDU5MFx1MDAzZSJdXQ?sha=7ea4082b7c5f13f8\" alt=\"\" \/><\/p>\n<div class=\"gallery-i-caption\"><\/div>\n<\/div>\n<div class=\"gallery-i\"><img src=\"https:\/\/cdn.oxu.az\/uploads\/W1siZiIsIjIwMjMvMTIvMTQvMjAvNTgvMDcvNjY3NDMzM2EtMjQ5MC00MWQ3LWEwODAtOTA5ZTdiZmM4YmE1LzQxOTI0MWFjLTFkMDktM2Y0Yi1iOTYxLTkzZGMyZjdlMDJmZC5qcGciXSxbInAiLCJlbmNvZGUiLCJqcGciLCItcXVhbGl0eSA4MCJdLFsicCIsInRodW1iIiwiNTkweDU5MFx1MDAzZSJdXQ?sha=1573dc3633878577\" alt=\"\" \/><\/p>\n<div class=\"gallery-i-caption\"><\/div>\n<\/div>\n<div class=\"gallery-i\"><img src=\"https:\/\/cdn.oxu.az\/uploads\/W1siZiIsIjIwMjMvMTIvMTQvMjAvNTgvMDgvNjJiYzNlMTYtYTMyYy00NDVmLWJlMGItYWE3OGJhOTRkZGY4L2JhNTMxZjA3LWYzY2MtMzRjNS04YTU3LWI2ZDBkZmQ1NjE0ZSAoMSkuanBnIl0sWyJwIiwiZW5jb2RlIiwianBnIiwiLXF1YWxpdHkgODAiXSxbInAiLCJ0aHVtYiIsIjU5MHg1OTBcdTAwM2UiXV0?sha=a8b6e4e7410e8c06\" alt=\"\" \/><\/div>\n<\/div>\n","protected":false},"excerpt":{"rendered":"<p>Milli M\u0259clisin s\u0259dri Sahib\u0259 Qafarova M\u0259rake\u015f Krall\u0131\u011f\u0131na r\u0259smi s\u0259f\u0259ri \u00e7\u0259r\u00e7iv\u0259sind\u0259 bu \u00f6lk\u0259 Parlamentinin N\u00fcmay\u0259nd\u0259l\u0259r Palatas\u0131n\u0131n s\u0259dri Ra\u015fid Talbi El Alami il\u0259 g\u00f6r\u00fc\u015f\u00fcb. Parlamentin M\u0259tbuat v\u0259 ictimaiyy\u0259tl\u0259 \u0259laq\u0259l\u0259r \u015f\u00f6b\u0259sind\u0259n bildirilib ki, M\u0259rake\u015f Parlamentinin N\u00fcmay\u0259nd\u0259l\u0259r Palatas\u0131n\u0131n s\u0259dri Ra\u015fid Talbi El Alami Milli M\u0259clisin s\u0259dri Sahib\u0259 Qafarovan\u0131 s\u0259mimiyy\u0259tl\u0259 salamlayaraq, d\u0259v\u0259ti q\u0259bul edib s\u0259f\u0259r\u0259 g\u0259ldiyin\u0259 g\u00f6r\u0259 Az\u0259rbaycan parlamentinin r\u0259hb\u0259rin\u0259 t\u0259\u015f\u0259kk\u00fcr edib. Az\u0259rbaycan\u0131n \u00f6lk\u0259si \u00fc\u00e7\u00fcn qarda\u015f \u00f6lk\u0259 oldu\u011funu dey\u0259n Ra\u015fid Talbi El Alami \u00f6lk\u0259l\u0259rimiz aras\u0131nda \u0259laq\u0259l\u0259rin geni\u015fl\u0259nm\u0259sinin vacibliyini qeyd edib. O, \u00f6lk\u0259l\u0259rimiz aras\u0131nda iqtisadi \u0259m\u0259kda\u015fl\u0131\u011f\u0131n, i\u015fg\u00fczar dair\u0259l\u0259r aras\u0131nda \u0259laq\u0259l\u0259rin \u0259h\u0259miyy\u0259tini diqq\u0259t\u0259 \u00e7atd\u0131r\u0131b. S\u00f6hb\u0259t zaman\u0131 Az\u0259rbaycan&hellip;<\/p>\n","protected":false},"author":2,"featured_media":668996,"comment_status":"closed","ping_status":"closed","sticky":false,"template":"","format":"standard","meta":{"om_disable_all_campaigns":false,"_monsterinsights_skip_tracking":false,"_monsterinsights_sitenote_active":false,"_monsterinsights_sitenote_note":"","_monsterinsights_sitenote_category":0},"categories":[4],"tags":[],"aioseo_notices":[],"gutentor_comment":0,"rttpg_featured_image_url":{"full":["https:\/\/arantv.az\/wp-content\/uploads\/2023\/12\/9d2eb98e-b77b-36e4-acde-43052d8a2f0d_850.jpg",620,413,false],"landscape":["https:\/\/arantv.az\/wp-content\/uploads\/2023\/12\/9d2eb98e-b77b-36e4-acde-43052d8a2f0d_850.jpg",620,413,false],"portraits":["https:\/\/arantv.az\/wp-content\/uploads\/2023\/12\/9d2eb98e-b77b-36e4-acde-43052d8a2f0d_850.jpg",620,413,false],"thumbnail":["https:\/\/arantv.az\/wp-content\/uploads\/2023\/12\/9d2eb98e-b77b-36e4-acde-43052d8a2f0d_850-500x280.jpg",500,280,true],"medium":["https:\/\/arantv.az\/wp-content\/uploads\/2023\/12\/9d2eb98e-b77b-36e4-acde-43052d8a2f0d_850-548x365.jpg",548,365,true],"large":["https:\/\/arantv.az\/wp-content\/uploads\/2023\/12\/9d2eb98e-b77b-36e4-acde-43052d8a2f0d_850.jpg",620,413,false],"1536x1536":["https:\/\/arantv.az\/wp-content\/uploads\/2023\/12\/9d2eb98e-b77b-36e4-acde-43052d8a2f0d_850.jpg",620,413,false],"2048x2048":["https:\/\/arantv.az\/wp-content\/uploads\/2023\/12\/9d2eb98e-b77b-36e4-acde-43052d8a2f0d_850.jpg",620,413,false],"post-thumbnail":["https:\/\/arantv.az\/wp-content\/uploads\/2023\/12\/9d2eb98e-b77b-36e4-acde-43052d8a2f0d_850-240x172.jpg",240,172,true],"advps-thumb-one":["https:\/\/arantv.az\/wp-content\/uploads\/2023\/12\/9d2eb98e-b77b-36e4-acde-43052d8a2f0d_850.jpg",620,413,false]},"rttpg_author":{"display_name":"V\u00fcsal Rafiqo\u011flu","author_link":"https:\/\/arantv.az\/?author=2"},"rttpg_comment":0,"rttpg_category":"<a href=\"https:\/\/arantv.az\/?cat=4\" rel=\"category\">Siyas\u0259t<\/a>","rttpg_excerpt":"Milli M\u0259clisin s\u0259dri Sahib\u0259 Qafarova M\u0259rake\u015f Krall\u0131\u011f\u0131na r\u0259smi s\u0259f\u0259ri \u00e7\u0259r\u00e7iv\u0259sind\u0259 bu \u00f6lk\u0259 Parlamentinin N\u00fcmay\u0259nd\u0259l\u0259r Palatas\u0131n\u0131n s\u0259dri Ra\u015fid Talbi El Alami il\u0259 g\u00f6r\u00fc\u015f\u00fcb. Parlamentin M\u0259tbuat v\u0259 ictimaiyy\u0259tl\u0259 \u0259laq\u0259l\u0259r \u015f\u00f6b\u0259sind\u0259n bildirilib ki, M\u0259rake\u015f Parlamentinin N\u00fcmay\u0259nd\u0259l\u0259r Palatas\u0131n\u0131n s\u0259dri Ra\u015fid Talbi El Alami Milli M\u0259clisin s\u0259dri Sahib\u0259 Qafarovan\u0131 s\u0259mimiyy\u0259tl\u0259 salamlayaraq, d\u0259v\u0259ti q\u0259bul edib s\u0259f\u0259r\u0259 g\u0259ldiyin\u0259 g\u00f6r\u0259 Az\u0259rbaycan parlamentinin r\u0259hb\u0259rin\u0259&hellip;","_links":{"self":[{"href":"https:\/\/arantv.az\/index.php?rest_route=\/wp\/v2\/posts\/668995"}],"collection":[{"href":"https:\/\/arantv.az\/index.php?rest_route=\/wp\/v2\/posts"}],"about":[{"href":"https:\/\/arantv.az\/index.php?rest_route=\/wp\/v2\/types\/post"}],"author":[{"embeddable":true,"href":"https:\/\/arantv.az\/index.php?rest_route=\/wp\/v2\/users\/2"}],"replies":[{"embeddable":true,"href":"https:\/\/arantv.az\/index.php?rest_route=%2Fwp%2Fv2%2Fcomments&post=668995"}],"version-history":[{"count":0,"href":"https:\/\/arantv.az\/index.php?rest_route=\/wp\/v2\/posts\/668995\/revisions"}],"wp:featuredmedia":[{"embeddable":true,"href":"https:\/\/arantv.az\/index.php?rest_route=\/wp\/v2\/media\/668996"}],"wp:attachment":[{"href":"https:\/\/arantv.az\/index.php?rest_route=%2Fwp%2Fv2%2Fmedia&parent=668995"}],"wp:term":[{"taxonomy":"category","embeddable":true,"href":"https:\/\/arantv.az\/index.php?rest_route=%2Fwp%2Fv2%2Fcategories&post=668995"},{"taxonomy":"post_tag","embeddable":true,"href":"https:\/\/arantv.az\/index.php?rest_route=%2Fwp%2Fv2%2Ftags&post=668995"}],"curies":[{"name":"wp","href":"https:\/\/api.w.org\/{rel}","templated":true}]}}