{"id":668998,"date":"2023-12-14T21:35:02","date_gmt":"2023-12-14T17:35:02","guid":{"rendered":"https:\/\/arantv.az\/?p=668998"},"modified":"2023-12-14T21:35:02","modified_gmt":"2023-12-14T17:35:02","slug":"beyn%c9%99lxalq-konfransin-istirakcilari-cenevr%c9%99d%c9%99-fransa-must%c9%99ml%c9%99k%c9%99ciliyin%c9%99-qarsi-dinc-aksiya-keciribl%c9%99r-foto","status":"publish","type":"post","link":"https:\/\/arantv.az\/?p=668998","title":{"rendered":"Beyn\u0259lxalq konfrans\u0131n i\u015ftirak\u00e7\u0131lar\u0131 Cenevr\u0259d\u0259 Fransa m\u00fcst\u0259ml\u0259k\u0259\u00e7iliyin\u0259 qar\u015f\u0131 dinc aksiya ke\u00e7iribl\u0259r &#8211; FOTO"},"content":{"rendered":"<p>Bak\u0131 T\u0259\u015f\u0259bb\u00fcs Qrupu (BTQ) t\u0259r\u0259find\u0259n Cenevr\u0259d\u0259 t\u0259\u015fkil olunan \u201cNeokolonializm: \u0130nsan h\u00fcquqlar\u0131, s\u00fclh v\u0259 t\u0259hl\u00fck\u0259sizlik\u201d m\u00f6vzusunda beyn\u0259lxalq konfrans\u0131n\u0131n i\u015ftirak\u00e7\u0131lar\u0131 BMT-nin bu \u015f\u0259h\u0259rd\u0259ki ofisi dinc aksiya ke\u00e7iribl\u0259r.<\/p>\n<p>\u201cReport\u201d\u00a0x\u0259b\u0259r verir ki, aksiyan\u0131n Fransan\u0131n ke\u00e7mi\u015f v\u0259 indiki m\u00fcst\u0259ml\u0259k\u0259l\u0259rind\u0259n olan i\u015ftirak\u00e7\u0131lar\u0131 beyn\u0259lxalq ictimaiyy\u0259tin diqq\u0259tini r\u0259smi Parisin Fransan\u0131n m\u00fcst\u0259ml\u0259k\u0259 siyas\u0259tin\u0259 c\u0259lb edibl\u0259r.<\/p>\n<p>Etiraz\u00e7\u0131lar \u0259ll\u0259rind\u0259 \u201cP\u0131\u00e7\u0131ldayan d\u0259yi\u015fiklik: m\u00fcst\u0259ml\u0259k\u0259y\u0259 qon qoyun, humanist olun, s\u00fclh\u00fc t\u0259min edin!\u201d, \u201cS\u00fckutla t\u0259l\u0259b edirik: H\u00fcquqlar, S\u00fclh v\u0259 T\u0259hl\u00fck\u0259sizlik namin\u0259 m\u00fcst\u0259ml\u0259k\u0259y\u0259 son!\u201d, \u201cS\u0259ssiz s\u0259sl\u0259r, gurultulu d\u0259yi\u015fiklik: S\u00fclh v\u0259 h\u00fcquqlar namin\u0259 m\u00fcst\u0259ml\u0259k\u0259y\u0259 son!\u201d, \u201cDekolonizasiya, s\u00fclh v\u0259 insan l\u0259yaq\u0259ti u\u011frunda s\u0259ssiz y\u00fcr\u00fc\u015f!\u201d, \u201c\u018fdal\u0259ti p\u0131\u00e7\u0131ldayaraq, S\u00fclh q\u0131\u015fq\u0131raraq: Ham\u0131 \u00fc\u00e7\u00fcn m\u00fcst\u0259ml\u0259k\u0259y\u0259 son qoyaq!\u201d, \u201c\u2060H\u0259r k\u0259sin azadl\u0131qda ya\u015famaq h\u00fcququ var, niy\u0259 d\u0259 bizim d\u0259 olmas\u0131n?!\u201d yaz\u0131lm\u0131\u015f plakatlarla BMT binas\u0131n\u0131n qar\u015f\u0131s\u0131na topla\u015f\u0131blar. Onlar beyn\u0259lxalq ictimaiyy\u0259ti onlar\u0131 d\u0259st\u0259kl\u0259m\u0259y\u0259 \u00e7a\u011f\u0131r\u0131b, m\u00fcst\u0259ml\u0259k\u0259 \u00f6lk\u0259l\u0259rini kolonializm\u0259 son qoyma\u011fa s\u0259sl\u0259yibl\u0259r.<\/p>\n<p>Onlar Fransa m\u00fcst\u0259ml\u0259k\u0259\u00e7iliyin\u0259 son qoymaq u\u011frunda apard\u0131qlar\u0131 m\u00fcbariz\u0259l\u0259rini q\u0259tiyy\u0259tl\u0259 sona q\u0259d\u0259r davam etdir\u0259c\u0259kl\u0259rini bildiribl\u0259r.<\/p>\n<p>&nbsp;<\/p>\n<div class=\"gallery\">\n<div class=\"gallery-i\"><img src=\"https:\/\/cdn.oxu.az\/uploads\/W1siZiIsIjIwMjMvMTIvMTQvMjEvMDkvMjMvZjVjY2RjYTEtYjQ5NS00YzBkLThjOTgtYjM4NjQwNzc0ZjA2LzBmYWYwNTExLTBjOTktMzFjMy1hYTk0LTYzMjYwZWU3OTVhZS5qcGciXSxbInAiLCJlbmNvZGUiLCJqcGciLCItcXVhbGl0eSA4MCJdLFsicCIsInRodW1iIiwiNTkweDU5MFx1MDAzZSJdXQ?sha=fff4da5b4e4df0b1\" alt=\"\" \/><\/p>\n<div class=\"gallery-i-caption\"><\/div>\n<\/div>\n<div class=\"gallery-i\"><img src=\"https:\/\/cdn.oxu.az\/uploads\/W1siZiIsIjIwMjMvMTIvMTQvMjEvMDkvMjMvZDA1YTZjNzQtMTg4Ny00OGE4LTlkZGUtZjhkMDM4NDY5MmUyLzZjNThmZDYyLTUwNDEtMzFlNi1iM2E4LTQ5NTQ0ODE0MzIyYi5qcGciXSxbInAiLCJlbmNvZGUiLCJqcGciLCItcXVhbGl0eSA4MCJdLFsicCIsInRodW1iIiwiNTkweDU5MFx1MDAzZSJdXQ?sha=e839258e04450030\" alt=\"\" \/><\/div>\n<\/div>\n","protected":false},"excerpt":{"rendered":"<p>Bak\u0131 T\u0259\u015f\u0259bb\u00fcs Qrupu (BTQ) t\u0259r\u0259find\u0259n Cenevr\u0259d\u0259 t\u0259\u015fkil olunan \u201cNeokolonializm: \u0130nsan h\u00fcquqlar\u0131, s\u00fclh v\u0259 t\u0259hl\u00fck\u0259sizlik\u201d m\u00f6vzusunda beyn\u0259lxalq konfrans\u0131n\u0131n i\u015ftirak\u00e7\u0131lar\u0131 BMT-nin bu \u015f\u0259h\u0259rd\u0259ki ofisi dinc aksiya ke\u00e7iribl\u0259r. \u201cReport\u201d\u00a0x\u0259b\u0259r verir ki, aksiyan\u0131n Fransan\u0131n ke\u00e7mi\u015f v\u0259 indiki m\u00fcst\u0259ml\u0259k\u0259l\u0259rind\u0259n olan i\u015ftirak\u00e7\u0131lar\u0131 beyn\u0259lxalq ictimaiyy\u0259tin diqq\u0259tini r\u0259smi Parisin Fransan\u0131n m\u00fcst\u0259ml\u0259k\u0259 siyas\u0259tin\u0259 c\u0259lb edibl\u0259r. Etiraz\u00e7\u0131lar \u0259ll\u0259rind\u0259 \u201cP\u0131\u00e7\u0131ldayan d\u0259yi\u015fiklik: m\u00fcst\u0259ml\u0259k\u0259y\u0259 qon qoyun, humanist olun, s\u00fclh\u00fc t\u0259min edin!\u201d, \u201cS\u00fckutla t\u0259l\u0259b edirik: H\u00fcquqlar, S\u00fclh v\u0259 T\u0259hl\u00fck\u0259sizlik namin\u0259 m\u00fcst\u0259ml\u0259k\u0259y\u0259 son!\u201d, \u201cS\u0259ssiz s\u0259sl\u0259r, gurultulu d\u0259yi\u015fiklik: S\u00fclh v\u0259 h\u00fcquqlar namin\u0259 m\u00fcst\u0259ml\u0259k\u0259y\u0259 son!\u201d, \u201cDekolonizasiya, s\u00fclh v\u0259 insan l\u0259yaq\u0259ti u\u011frunda s\u0259ssiz y\u00fcr\u00fc\u015f!\u201d, \u201c\u018fdal\u0259ti p\u0131\u00e7\u0131ldayaraq, S\u00fclh q\u0131\u015fq\u0131raraq:&hellip;<\/p>\n","protected":false},"author":2,"featured_media":668999,"comment_status":"closed","ping_status":"closed","sticky":false,"template":"","format":"standard","meta":{"om_disable_all_campaigns":false,"_monsterinsights_skip_tracking":false,"_monsterinsights_sitenote_active":false,"_monsterinsights_sitenote_note":"","_monsterinsights_sitenote_category":0},"categories":[4],"tags":[],"aioseo_notices":[],"gutentor_comment":0,"rttpg_featured_image_url":{"full":["https:\/\/arantv.az\/wp-content\/uploads\/2023\/12\/996bb57d-00d6-3927-920f-c5bedc9e289e_850.jpg",620,413,false],"landscape":["https:\/\/arantv.az\/wp-content\/uploads\/2023\/12\/996bb57d-00d6-3927-920f-c5bedc9e289e_850.jpg",620,413,false],"portraits":["https:\/\/arantv.az\/wp-content\/uploads\/2023\/12\/996bb57d-00d6-3927-920f-c5bedc9e289e_850.jpg",620,413,false],"thumbnail":["https:\/\/arantv.az\/wp-content\/uploads\/2023\/12\/996bb57d-00d6-3927-920f-c5bedc9e289e_850-500x280.jpg",500,280,true],"medium":["https:\/\/arantv.az\/wp-content\/uploads\/2023\/12\/996bb57d-00d6-3927-920f-c5bedc9e289e_850-548x365.jpg",548,365,true],"large":["https:\/\/arantv.az\/wp-content\/uploads\/2023\/12\/996bb57d-00d6-3927-920f-c5bedc9e289e_850.jpg",620,413,false],"1536x1536":["https:\/\/arantv.az\/wp-content\/uploads\/2023\/12\/996bb57d-00d6-3927-920f-c5bedc9e289e_850.jpg",620,413,false],"2048x2048":["https:\/\/arantv.az\/wp-content\/uploads\/2023\/12\/996bb57d-00d6-3927-920f-c5bedc9e289e_850.jpg",620,413,false],"post-thumbnail":["https:\/\/arantv.az\/wp-content\/uploads\/2023\/12\/996bb57d-00d6-3927-920f-c5bedc9e289e_850-240x172.jpg",240,172,true],"advps-thumb-one":["https:\/\/arantv.az\/wp-content\/uploads\/2023\/12\/996bb57d-00d6-3927-920f-c5bedc9e289e_850.jpg",620,413,false]},"rttpg_author":{"display_name":"V\u00fcsal Rafiqo\u011flu","author_link":"https:\/\/arantv.az\/?author=2"},"rttpg_comment":0,"rttpg_category":"<a href=\"https:\/\/arantv.az\/?cat=4\" rel=\"category\">Siyas\u0259t<\/a>","rttpg_excerpt":"Bak\u0131 T\u0259\u015f\u0259bb\u00fcs Qrupu (BTQ) t\u0259r\u0259find\u0259n Cenevr\u0259d\u0259 t\u0259\u015fkil olunan \u201cNeokolonializm: \u0130nsan h\u00fcquqlar\u0131, s\u00fclh v\u0259 t\u0259hl\u00fck\u0259sizlik\u201d m\u00f6vzusunda beyn\u0259lxalq konfrans\u0131n\u0131n i\u015ftirak\u00e7\u0131lar\u0131 BMT-nin bu \u015f\u0259h\u0259rd\u0259ki ofisi dinc aksiya ke\u00e7iribl\u0259r. \u201cReport\u201d\u00a0x\u0259b\u0259r verir ki, aksiyan\u0131n Fransan\u0131n ke\u00e7mi\u015f v\u0259 indiki m\u00fcst\u0259ml\u0259k\u0259l\u0259rind\u0259n olan i\u015ftirak\u00e7\u0131lar\u0131 beyn\u0259lxalq ictimaiyy\u0259tin diqq\u0259tini r\u0259smi Parisin Fransan\u0131n m\u00fcst\u0259ml\u0259k\u0259 siyas\u0259tin\u0259 c\u0259lb edibl\u0259r. Etiraz\u00e7\u0131lar \u0259ll\u0259rind\u0259 \u201cP\u0131\u00e7\u0131ldayan d\u0259yi\u015fiklik: m\u00fcst\u0259ml\u0259k\u0259y\u0259 qon qoyun, humanist olun,&hellip;","_links":{"self":[{"href":"https:\/\/arantv.az\/index.php?rest_route=\/wp\/v2\/posts\/668998"}],"collection":[{"href":"https:\/\/arantv.az\/index.php?rest_route=\/wp\/v2\/posts"}],"about":[{"href":"https:\/\/arantv.az\/index.php?rest_route=\/wp\/v2\/types\/post"}],"author":[{"embeddable":true,"href":"https:\/\/arantv.az\/index.php?rest_route=\/wp\/v2\/users\/2"}],"replies":[{"embeddable":true,"href":"https:\/\/arantv.az\/index.php?rest_route=%2Fwp%2Fv2%2Fcomments&post=668998"}],"version-history":[{"count":0,"href":"https:\/\/arantv.az\/index.php?rest_route=\/wp\/v2\/posts\/668998\/revisions"}],"wp:featuredmedia":[{"embeddable":true,"href":"https:\/\/arantv.az\/index.php?rest_route=\/wp\/v2\/media\/668999"}],"wp:attachment":[{"href":"https:\/\/arantv.az\/index.php?rest_route=%2Fwp%2Fv2%2Fmedia&parent=668998"}],"wp:term":[{"taxonomy":"category","embeddable":true,"href":"https:\/\/arantv.az\/index.php?rest_route=%2Fwp%2Fv2%2Fcategories&post=668998"},{"taxonomy":"post_tag","embeddable":true,"href":"https:\/\/arantv.az\/index.php?rest_route=%2Fwp%2Fv2%2Ftags&post=668998"}],"curies":[{"name":"wp","href":"https:\/\/api.w.org\/{rel}","templated":true}]}}