{"id":66902,"date":"2019-06-15T13:41:31","date_gmt":"2019-06-15T10:41:31","guid":{"rendered":"http:\/\/arantv.az\/?p=66902"},"modified":"2019-06-15T13:41:31","modified_gmt":"2019-06-15T10:41:31","slug":"ramil-usubov-muavininin-qardasi-ogluna-v%c9%99zif%c9%99-verdi","status":"publish","type":"post","link":"https:\/\/arantv.az\/?p=66902","title":{"rendered":"Ramil Usubov m\u00fcavininin qarda\u015f\u0131 o\u011fluna v\u0259zif\u0259 verdi"},"content":{"rendered":"<p><strong>Daxili \u0130\u015fl\u0259r naziri, general-polkovnik Ramil Usubov kadr d\u0259yi\u015fikliyi il\u0259 ba\u011fl\u0131 \u0259mr imzalay\u0131b.<\/strong><\/p>\n<p><strong>ARANTV.AZ\u00a0<\/strong>\u00a0\u201cQafqazinfo\u201dya istinad\u0259n x\u0259b\u0259r verir ki, R.Usubovun \u0259mri il\u0259 Nizami RP\u0130-nin \u0130stintaq \u015e\u00f6b\u0259sinin ba\u015f m\u00fcst\u0259ntiqi, polis mayoru Mahir Quliyev 23-c\u00fc Polis B\u00f6lm\u0259sinin r\u0259is m\u00fcavini t\u0259yin edilib.Qeyd ed\u0259k ki, M.Quliyev is\u0259 Daxili i\u015fl\u0259r nazirinin m\u00fcavini Fazil Quliyevin qarda\u015f\u0131 o\u011fludur.<\/p>\n","protected":false},"excerpt":{"rendered":"<p>Daxili \u0130\u015fl\u0259r naziri, general-polkovnik Ramil Usubov kadr d\u0259yi\u015fikliyi il\u0259 ba\u011fl\u0131 \u0259mr imzalay\u0131b. ARANTV.AZ\u00a0\u00a0\u201cQafqazinfo\u201dya istinad\u0259n x\u0259b\u0259r verir ki, R.Usubovun \u0259mri il\u0259 Nizami RP\u0130-nin \u0130stintaq \u015e\u00f6b\u0259sinin ba\u015f m\u00fcst\u0259ntiqi, polis mayoru Mahir Quliyev 23-c\u00fc Polis B\u00f6lm\u0259sinin r\u0259is m\u00fcavini t\u0259yin edilib.Qeyd ed\u0259k ki, M.Quliyev is\u0259 Daxili i\u015fl\u0259r nazirinin m\u00fcavini Fazil Quliyevin qarda\u015f\u0131 o\u011fludur.<\/p>\n","protected":false},"author":2,"featured_media":66903,"comment_status":"closed","ping_status":"closed","sticky":false,"template":"","format":"standard","meta":{"om_disable_all_campaigns":false,"_monsterinsights_skip_tracking":false,"_monsterinsights_sitenote_active":false,"_monsterinsights_sitenote_note":"","_monsterinsights_sitenote_category":0},"categories":[1],"tags":[],"aioseo_notices":[],"gutentor_comment":0,"rttpg_featured_image_url":{"full":["https:\/\/arantv.az\/wp-content\/uploads\/2019\/06\/1560594740.ramil_.jpg",600,400,false],"landscape":["https:\/\/arantv.az\/wp-content\/uploads\/2019\/06\/1560594740.ramil_.jpg",600,400,false],"portraits":["https:\/\/arantv.az\/wp-content\/uploads\/2019\/06\/1560594740.ramil_.jpg",600,400,false],"thumbnail":["https:\/\/arantv.az\/wp-content\/uploads\/2019\/06\/1560594740.ramil_-150x150.jpg",150,150,true],"medium":["https:\/\/arantv.az\/wp-content\/uploads\/2019\/06\/1560594740.ramil_-300x200.jpg",300,200,true],"large":["https:\/\/arantv.az\/wp-content\/uploads\/2019\/06\/1560594740.ramil_.jpg",600,400,false],"1536x1536":["https:\/\/arantv.az\/wp-content\/uploads\/2019\/06\/1560594740.ramil_.jpg",600,400,false],"2048x2048":["https:\/\/arantv.az\/wp-content\/uploads\/2019\/06\/1560594740.ramil_.jpg",600,400,false],"post-thumbnail":["https:\/\/arantv.az\/wp-content\/uploads\/2019\/06\/1560594740.ramil_-240x172.jpg",240,172,true],"advps-thumb-one":["https:\/\/arantv.az\/wp-content\/uploads\/2019\/06\/1560594740.ramil_.jpg",600,400,false]},"rttpg_author":{"display_name":"V\u00fcsal Rafiqo\u011flu","author_link":"https:\/\/arantv.az\/?author=2"},"rttpg_comment":0,"rttpg_category":"<a href=\"https:\/\/arantv.az\/?cat=1\" rel=\"category\">C\u0259miyy\u0259t<\/a>","rttpg_excerpt":"Daxili \u0130\u015fl\u0259r naziri, general-polkovnik Ramil Usubov kadr d\u0259yi\u015fikliyi il\u0259 ba\u011fl\u0131 \u0259mr imzalay\u0131b. ARANTV.AZ\u00a0\u00a0\u201cQafqazinfo\u201dya istinad\u0259n x\u0259b\u0259r verir ki, R.Usubovun \u0259mri il\u0259 Nizami RP\u0130-nin \u0130stintaq \u015e\u00f6b\u0259sinin ba\u015f m\u00fcst\u0259ntiqi, polis mayoru Mahir Quliyev 23-c\u00fc Polis B\u00f6lm\u0259sinin r\u0259is m\u00fcavini t\u0259yin edilib.Qeyd ed\u0259k ki, M.Quliyev is\u0259 Daxili i\u015fl\u0259r nazirinin m\u00fcavini Fazil Quliyevin qarda\u015f\u0131 o\u011fludur.","_links":{"self":[{"href":"https:\/\/arantv.az\/index.php?rest_route=\/wp\/v2\/posts\/66902"}],"collection":[{"href":"https:\/\/arantv.az\/index.php?rest_route=\/wp\/v2\/posts"}],"about":[{"href":"https:\/\/arantv.az\/index.php?rest_route=\/wp\/v2\/types\/post"}],"author":[{"embeddable":true,"href":"https:\/\/arantv.az\/index.php?rest_route=\/wp\/v2\/users\/2"}],"replies":[{"embeddable":true,"href":"https:\/\/arantv.az\/index.php?rest_route=%2Fwp%2Fv2%2Fcomments&post=66902"}],"version-history":[{"count":0,"href":"https:\/\/arantv.az\/index.php?rest_route=\/wp\/v2\/posts\/66902\/revisions"}],"wp:featuredmedia":[{"embeddable":true,"href":"https:\/\/arantv.az\/index.php?rest_route=\/wp\/v2\/media\/66903"}],"wp:attachment":[{"href":"https:\/\/arantv.az\/index.php?rest_route=%2Fwp%2Fv2%2Fmedia&parent=66902"}],"wp:term":[{"taxonomy":"category","embeddable":true,"href":"https:\/\/arantv.az\/index.php?rest_route=%2Fwp%2Fv2%2Fcategories&post=66902"},{"taxonomy":"post_tag","embeddable":true,"href":"https:\/\/arantv.az\/index.php?rest_route=%2Fwp%2Fv2%2Ftags&post=66902"}],"curies":[{"name":"wp","href":"https:\/\/api.w.org\/{rel}","templated":true}]}}