{"id":66908,"date":"2019-06-15T14:08:42","date_gmt":"2019-06-15T11:08:42","guid":{"rendered":"http:\/\/arantv.az\/?p=66908"},"modified":"2019-06-15T14:08:42","modified_gmt":"2019-06-15T11:08:42","slug":"antalyada-rusiyali-turistl%c9%99r-q%c9%99zaya-dusdul%c9%99r-yaralilar-var","status":"publish","type":"post","link":"https:\/\/arantv.az\/?p=66908","title":{"rendered":"Antalyada rusiyal\u0131 turistl\u0259r q\u0259zaya d\u00fc\u015fd\u00fcl\u0259r: yaral\u0131lar var"},"content":{"rendered":"<p>T\u00fcrkiy\u0259nin Antalya vilay\u0259tind\u0259 turistl\u0259ri aparan mikroavtobus q\u0259zaya u\u011fray\u0131b.<\/p>\n<p><strong>ARANTV.AZ<\/strong>\u00a0 x\u0259b\u0259r verir ki, mikroavtobus qar\u015f\u0131 istiqam\u0259td\u0259n g\u0259l\u0259n avtomobill\u0259 toqqu\u015fub.<\/p>\n<p>Hadis\u0259 n\u0259tic\u0259sind\u0259 11 turist x\u0259sar\u0259t al\u0131b. Onlar\u0131n yeddisinin\u00a0Rusiya v\u0259 \u00d6zb\u0259kistandan oldu\u011fu bildirilir.<\/p>\n<p>Yaral\u0131lar x\u0259st\u0259xanaya yerl\u0259\u015fdirilib, b\u0259zil\u0259rinin v\u0259ziyy\u0259ti a\u011f\u0131rd\u0131r.<\/p>\n<p>Rusiya Ba\u015f Konsullu\u011fundan iki rusiyal\u0131n\u0131n tibbi yard\u0131mdan sonra x\u0259st\u0259xanadan burax\u0131ld\u0131\u011f\u0131 deyilib.oxu.az<\/p>\n","protected":false},"excerpt":{"rendered":"<p>T\u00fcrkiy\u0259nin Antalya vilay\u0259tind\u0259 turistl\u0259ri aparan mikroavtobus q\u0259zaya u\u011fray\u0131b. ARANTV.AZ\u00a0 x\u0259b\u0259r verir ki, mikroavtobus qar\u015f\u0131 istiqam\u0259td\u0259n g\u0259l\u0259n avtomobill\u0259 toqqu\u015fub. Hadis\u0259 n\u0259tic\u0259sind\u0259 11 turist x\u0259sar\u0259t al\u0131b. Onlar\u0131n yeddisinin\u00a0Rusiya v\u0259 \u00d6zb\u0259kistandan oldu\u011fu bildirilir. Yaral\u0131lar x\u0259st\u0259xanaya yerl\u0259\u015fdirilib, b\u0259zil\u0259rinin v\u0259ziyy\u0259ti a\u011f\u0131rd\u0131r. Rusiya Ba\u015f Konsullu\u011fundan iki rusiyal\u0131n\u0131n tibbi yard\u0131mdan sonra x\u0259st\u0259xanadan burax\u0131ld\u0131\u011f\u0131 deyilib.oxu.az<\/p>\n","protected":false},"author":2,"featured_media":66909,"comment_status":"closed","ping_status":"closed","sticky":false,"template":"","format":"standard","meta":{"om_disable_all_campaigns":false,"_monsterinsights_skip_tracking":false,"_monsterinsights_sitenote_active":false,"_monsterinsights_sitenote_note":"","_monsterinsights_sitenote_category":0},"categories":[7],"tags":[],"aioseo_notices":[],"gutentor_comment":0,"rttpg_featured_image_url":{"full":["https:\/\/arantv.az\/wp-content\/uploads\/2019\/06\/q\u00c4\u00b1za.jpg",620,349,false],"landscape":["https:\/\/arantv.az\/wp-content\/uploads\/2019\/06\/q\u00c4\u00b1za.jpg",620,349,false],"portraits":["https:\/\/arantv.az\/wp-content\/uploads\/2019\/06\/q\u00c4\u00b1za.jpg",620,349,false],"thumbnail":["https:\/\/arantv.az\/wp-content\/uploads\/2019\/06\/q\u00c4\u00b1za-150x150.jpg",150,150,true],"medium":["https:\/\/arantv.az\/wp-content\/uploads\/2019\/06\/q\u00c4\u00b1za-300x169.jpg",300,169,true],"large":["https:\/\/arantv.az\/wp-content\/uploads\/2019\/06\/q\u00c4\u00b1za.jpg",620,349,false],"1536x1536":["https:\/\/arantv.az\/wp-content\/uploads\/2019\/06\/q\u00c4\u00b1za.jpg",620,349,false],"2048x2048":["https:\/\/arantv.az\/wp-content\/uploads\/2019\/06\/q\u00c4\u00b1za.jpg",620,349,false],"post-thumbnail":["https:\/\/arantv.az\/wp-content\/uploads\/2019\/06\/q\u00c4\u00b1za-240x172.jpg",240,172,true],"advps-thumb-one":["https:\/\/arantv.az\/wp-content\/uploads\/2019\/06\/q\u00c4\u00b1za.jpg",620,349,false]},"rttpg_author":{"display_name":"V\u00fcsal Rafiqo\u011flu","author_link":"https:\/\/arantv.az\/?author=2"},"rttpg_comment":0,"rttpg_category":"<a href=\"https:\/\/arantv.az\/?cat=7\" rel=\"category\">D\u00fcnya<\/a>","rttpg_excerpt":"T\u00fcrkiy\u0259nin Antalya vilay\u0259tind\u0259 turistl\u0259ri aparan mikroavtobus q\u0259zaya u\u011fray\u0131b. ARANTV.AZ\u00a0 x\u0259b\u0259r verir ki, mikroavtobus qar\u015f\u0131 istiqam\u0259td\u0259n g\u0259l\u0259n avtomobill\u0259 toqqu\u015fub. Hadis\u0259 n\u0259tic\u0259sind\u0259 11 turist x\u0259sar\u0259t al\u0131b. Onlar\u0131n yeddisinin\u00a0Rusiya v\u0259 \u00d6zb\u0259kistandan oldu\u011fu bildirilir. Yaral\u0131lar x\u0259st\u0259xanaya yerl\u0259\u015fdirilib, b\u0259zil\u0259rinin v\u0259ziyy\u0259ti a\u011f\u0131rd\u0131r. Rusiya Ba\u015f Konsullu\u011fundan iki rusiyal\u0131n\u0131n tibbi yard\u0131mdan sonra x\u0259st\u0259xanadan burax\u0131ld\u0131\u011f\u0131 deyilib.oxu.az","_links":{"self":[{"href":"https:\/\/arantv.az\/index.php?rest_route=\/wp\/v2\/posts\/66908"}],"collection":[{"href":"https:\/\/arantv.az\/index.php?rest_route=\/wp\/v2\/posts"}],"about":[{"href":"https:\/\/arantv.az\/index.php?rest_route=\/wp\/v2\/types\/post"}],"author":[{"embeddable":true,"href":"https:\/\/arantv.az\/index.php?rest_route=\/wp\/v2\/users\/2"}],"replies":[{"embeddable":true,"href":"https:\/\/arantv.az\/index.php?rest_route=%2Fwp%2Fv2%2Fcomments&post=66908"}],"version-history":[{"count":0,"href":"https:\/\/arantv.az\/index.php?rest_route=\/wp\/v2\/posts\/66908\/revisions"}],"wp:featuredmedia":[{"embeddable":true,"href":"https:\/\/arantv.az\/index.php?rest_route=\/wp\/v2\/media\/66909"}],"wp:attachment":[{"href":"https:\/\/arantv.az\/index.php?rest_route=%2Fwp%2Fv2%2Fmedia&parent=66908"}],"wp:term":[{"taxonomy":"category","embeddable":true,"href":"https:\/\/arantv.az\/index.php?rest_route=%2Fwp%2Fv2%2Fcategories&post=66908"},{"taxonomy":"post_tag","embeddable":true,"href":"https:\/\/arantv.az\/index.php?rest_route=%2Fwp%2Fv2%2Ftags&post=66908"}],"curies":[{"name":"wp","href":"https:\/\/api.w.org\/{rel}","templated":true}]}}