{"id":66911,"date":"2019-06-15T14:10:05","date_gmt":"2019-06-15T11:10:05","guid":{"rendered":"http:\/\/arantv.az\/?p=66911"},"modified":"2019-06-15T14:10:05","modified_gmt":"2019-06-15T11:10:05","slug":"novruz-m%c9%99mm%c9%99dov-asiyada-qarsiliqli-f%c9%99aliyy%c9%99t-v%c9%99-etimad-t%c9%99dbirl%c9%99ri-uzr%c9%99-musavir%c9%99nin-v-zirv%c9%99-toplantisinda-istirak-edib","status":"publish","type":"post","link":"https:\/\/arantv.az\/?p=66911","title":{"rendered":"Novruz M\u0259mm\u0259dov Asiyada Qar\u015f\u0131l\u0131ql\u0131 F\u0259aliyy\u0259t v\u0259 Etimad T\u0259dbirl\u0259ri \u00fczr\u0259 M\u00fc\u015favir\u0259nin V Zirv\u0259 toplant\u0131s\u0131nda i\u015ftirak edib"},"content":{"rendered":"<p><strong>\u0130yunun 15-d\u0259 Tacikistan\u0131n paytaxt\u0131 D\u00fc\u015f\u0259nb\u0259d\u0259 Asiyada Qar\u015f\u0131l\u0131ql\u0131 F\u0259aliyy\u0259t v\u0259 Etimad T\u0259dbirl\u0259ri \u00fczr\u0259 M\u00fc\u015favir\u0259nin be\u015finci Zirv\u0259 toplant\u0131s\u0131 ke\u00e7irilib.<\/strong><\/p>\n<p><strong>ARANTV.AZ\u00a0<\/strong> x\u0259b\u0259r verir ki, Az\u0259rbaycan Respublikas\u0131n\u0131n Ba\u015f Naziri Novruz M\u0259mm\u0259dov Zirv\u0259 toplant\u0131s\u0131nda i\u015ftirak edib.<br \/>\nPrezident Emom\u0259li R\u0259hmon Zirv\u0259 toplant\u0131s\u0131n\u0131 a\u00e7araq n\u00fcmay\u0259nd\u0259 hey\u0259tl\u0259rinin r\u0259hb\u0259rl\u0259rini salamlad\u0131. D\u00f6vl\u0259t ba\u015f\u00e7\u0131s\u0131 terrorizm, ekstremizm kimi b\u0259lalar\u0131n regionda t\u0259hl\u00fck\u0259sizliy\u0259 \u0259sas t\u0259hdid oldu\u011funu diqq\u0259t\u0259 \u00e7atd\u0131rd\u0131. Qeyd etdi ki, bu t\u0259hdidl\u0259r region \u00f6lk\u0259l\u0259ri aras\u0131nda \u0259m\u0259kda\u015fl\u0131\u011f\u0131n daha da g\u00fccl\u0259ndirilm\u0259sini z\u0259ruri edir. Prezident regionda \u00fcmumi maraqlar\u0131n t\u0259mini namin\u0259 n\u0259qliyyat infrastrukturu layih\u0259l\u0259rinin geni\u015fl\u0259ndirilm\u0259sinin \u00f6n\u0259mini bildirdi.<\/p>\n<p>Bundan \u0259vv\u0259l quruma s\u0259drlik ed\u0259n \u00c7in Xalq Respublikas\u0131n\u0131n S\u0259dri Si Cinpin \u00e7\u0131x\u0131\u015f ed\u0259r\u0259k Asiya regionunda s\u00fclh\u00fcn v\u0259 t\u0259hl\u00fck\u0259sizliyin t\u0259min edilm\u0259sinin \u00fcmumi m\u0259qs\u0259d oldu\u011funu bildirdi. O, b\u00fct\u00fcn sah\u0259l\u0259rd\u0259 birg\u0259 \u0259m\u0259kda\u015fl\u0131\u011f\u0131n inki\u015faf etdirilm\u0259sinin z\u0259ruriliyini vur\u011fulad\u0131. Regionda m\u00f6vcud olan tolerantl\u0131\u011f\u0131n qorunmas\u0131n\u0131n vacibliyini vur\u011fulayan Si Cinpin Asiyada \u0259m\u0259kda\u015fl\u0131\u011f\u0131n inki\u015faf\u0131na mane\u0259 t\u00f6r\u0259d\u0259n t\u0259hdidl\u0259rd\u0259n b\u0259hs etdi.<\/p>\n<p>Zirv\u0259 toplant\u0131s\u0131nda \u00e7\u0131x\u0131\u015f ed\u0259n Ba\u015f Nazir Novruz M\u0259mm\u0259dov t\u0259dbirin y\u00fcks\u0259k s\u0259viyy\u0259d\u0259 t\u0259\u015fkilin\u0259 g\u00f6r\u0259 Prezident Emom\u0259li R\u0259hmona t\u0259\u015f\u0259kk\u00fcr\u00fcn\u00fc bildirdi, Tacikistan Respublikas\u0131n\u0131n quruma s\u0259drliyinin Asiya regionunda s\u00fclh, sabitlik v\u0259 t\u0259hl\u00fck\u0259sizliyin m\u00f6hk\u0259ml\u0259ndirilm\u0259sin\u0259 t\u00f6hf\u0259 ver\u0259c\u0259yin\u0259 \u0259minliyini ifad\u0259 etdi.<\/p>\n<p>Ba\u015f Nazir Novruz M\u0259mm\u0259dov qeyd etdi ki, Asiyada Qar\u015f\u0131l\u0131ql\u0131 F\u0259aliyy\u0259t v\u0259 Etimad T\u0259dbirl\u0259ri \u00fczr\u0259 M\u00fc\u015favir\u0259 Asiya qit\u0259sind\u0259 s\u00fclh, sabitlik v\u0259 t\u0259hl\u00fck\u0259sizliyin t\u0259min edilm\u0259si \u00fc\u00e7\u00fcn dialoq v\u0259 \u0259m\u0259kda\u015fl\u0131q platformas\u0131d\u0131r. &#8220;\u015e\u00fcbh\u0259sizdir ki, silahl\u0131 m\u00fcnaqi\u015f\u0259l\u0259r, terrorizm, irq\u00e7ilik, radikalizm, d\u00f6z\u00fcms\u00fczl\u00fck v\u0259 kiber t\u0259hl\u00fck\u0259l\u0259r beyn\u0259lxalq s\u00fclh v\u0259 t\u0259hl\u00fck\u0259sizlik \u00fc\u00e7\u00fcn ciddi riskl\u0259r do\u011furur. Beyn\u0259lxalq v\u0259 regional t\u0259hl\u00fck\u0259sizlik bir-biri il\u0259 s\u0131x ba\u011fl\u0131d\u0131r. D\u00fcnyan\u0131n bir b\u00f6lg\u0259sind\u0259 s\u00fclh v\u0259 sabitliyin pozulmas\u0131 dig\u0259r regionlarda da t\u0259hl\u00fck\u0259sizlik \u00fc\u00e7\u00fcn t\u0259hdidl\u0259r yarad\u0131r&#8221;, &#8211; dey\u0259 Novruz M\u0259mm\u0259dov bildirdi.<br \/>\nErm\u0259nistan\u0131n 30 il\u0259 yax\u0131nd\u0131r beyn\u0259lxalq h\u00fcququn norma v\u0259 prinsipl\u0259rini kobud \u015f\u0259kild\u0259 pozaraq Az\u0259rbaycana qar\u015f\u0131 i\u015f\u011fal\u00e7\u0131l\u0131q siyas\u0259tini davam etdirdiyini diqq\u0259t\u0259 \u00e7atd\u0131ran Ba\u015f Nazir bu siyas\u0259t n\u0259tic\u0259sind\u0259 Az\u0259rbaycan \u0259razisinin 20 faizinin &#8211; Da\u011fl\u0131q Qaraba\u011f\u0131n v\u0259 \u0259traf\u0131ndak\u0131 yeddi rayonun Erm\u0259nistan t\u0259r\u0259find\u0259n i\u015f\u011fal olundu\u011funu vur\u011fulad\u0131. Bildirdi ki, m\u00fcnaqi\u015f\u0259 il\u0259 ba\u011fl\u0131 BMT T\u0259hl\u00fck\u0259sizlik \u015euras\u0131, Qo\u015fulmama H\u0259r\u0259kat\u0131, AT\u018fT, \u0130slam \u018fm\u0259kda\u015fl\u0131q T\u0259\u015fkilat\u0131, Avropa Parlamenti, Avropa \u015euras\u0131 v\u0259 dig\u0259r t\u0259\u015fkilatlar t\u0259r\u0259find\u0259n m\u00fcvafiq q\u0259rar v\u0259 q\u0259tnam\u0259l\u0259r q\u0259bul edilib. H\u0259m\u00e7inin Asiyada Qar\u015f\u0131l\u0131ql\u0131 F\u0259aliyy\u0259t v\u0259 Etimad T\u0259dbirl\u0259ri \u00fczr\u0259 M\u00fc\u015favir\u0259 \u00e7\u0259r\u00e7iv\u0259sind\u0259 Erm\u0259nistan-Az\u0259rbaycan Da\u011fl\u0131q Qaraba\u011f m\u00fcnaqi\u015f\u0259sinin beyn\u0259lxalq h\u00fcququn norma v\u0259 prinsipl\u0259ri \u0259sas\u0131nda h\u0259llini d\u0259st\u0259kl\u0259y\u0259n b\u0259yanat v\u0259 q\u0259rarlar q\u0259bul olunub. M\u00fcnaqi\u015f\u0259 beyn\u0259lxalq h\u00fcququn normalar\u0131na, BMT T\u0259hl\u00fck\u0259sizlik \u015euras\u0131n\u0131n m\u00fcvafiq q\u0259tnam\u0259l\u0259rin\u0259 v\u0259 Helsinki Yekun Akt\u0131na \u0259sas\u0259n Az\u0259rbaycan\u0131n \u0259razi b\u00fct\u00f6vl\u00fcy\u00fc v\u0259 suverenliyi \u00e7\u0259r\u00e7iv\u0259sind\u0259 h\u0259ll edilm\u0259lidir.<\/p>\n<p>Novruz M\u0259mm\u0259dov dedi ki, Az\u0259rbaycan bu g\u00fcn h\u0259rt\u0259r\u0259fli v\u0259 dinamik inki\u015faf yolu il\u0259 ir\u0259lil\u0259y\u0259n m\u00fcasir d\u00f6vl\u0259tdir. \u00d6lk\u0259mizin i\u015ftirak\u00e7\u0131s\u0131 v\u0259 t\u0259\u015f\u0259bb\u00fcskar\u0131 oldu\u011fu m\u00fcxt\u0259lif beyn\u0259lxalq layih\u0259l\u0259rin geni\u015f regional \u0259m\u0259kda\u015fl\u0131q \u00fc\u00e7\u00fcn m\u00f6hk\u0259m \u0259sas yaratd\u0131\u011f\u0131n\u0131 vur\u011fulayan Ba\u015f Nazir dedi: &#8220;Biz n\u0259qliyyat infrastrukturuna &#8211; d\u0259niz limanlar\u0131, d\u0259mir yollar\u0131, hava limanlar\u0131 v\u0259 magistral yollara b\u00f6y\u00fck s\u0259rmay\u0259 yat\u0131rmaqla \u0259lveri\u015fli co\u011frafi m\u00f6vqeyimizi real n\u0259qliyyat imkanlar\u0131na \u00e7evirmi\u015fik. Bu g\u00fcn Az\u0259rbaycan \u015e\u0259rq-Q\u0259rb v\u0259 \u015eimal-C\u0259nub n\u0259qliyyat d\u0259hlizl\u0259rinin k\u0259si\u015fdiyi vacib tranzit \u00f6lk\u0259y\u0259 \u00e7evrilib. 2017-ci ild\u0259 istifad\u0259y\u0259 verilmi\u015f Bak\u0131-Tbilisi-Qars d\u0259mir yolu x\u0259tti Asiya v\u0259 Avropa aras\u0131nda vacib logistik ba\u011flant\u0131d\u0131r. B\u00fct\u00fcn bunlar h\u0259m d\u0259 beyn\u0259lxalq \u0259m\u0259kda\u015fl\u0131q format\u0131n\u0131 yarad\u0131r, xalqlar\u0131 v\u0259 \u00f6lk\u0259l\u0259ri bir-birin\u0259 ba\u011flay\u0131r, s\u00fclh v\u0259 sabitliy\u0259 xidm\u0259t edir&#8221;.<\/p>\n<p>Az\u0259rbaycan\u0131n 2019-2022-ci ill\u0259rd\u0259 Qo\u015fulmama H\u0259r\u0259kat\u0131na s\u0259drlik ed\u0259c\u0259yini xat\u0131rladan Ba\u015f Nazir bildirdi ki, \u00f6lk\u0259miz Qo\u015fulmama H\u0259r\u0259kat\u0131n\u0131n yaratd\u0131\u011f\u0131 \u00e7oxt\u0259r\u0259fli platformadan istifad\u0259 ed\u0259r\u0259k beyn\u0259lxalq s\u00fclh v\u0259 t\u0259hl\u00fck\u0259sizliyin m\u00f6hk\u0259ml\u0259ndirilm\u0259si, \u00f6lk\u0259l\u0259r aras\u0131nda dialoq v\u0259 \u0259m\u0259kda\u015fl\u0131\u011f\u0131n inki\u015faf etdirilm\u0259si \u00fc\u00e7\u00fcn s\u0259yl\u0259rini \u0259sirg\u0259m\u0259y\u0259c\u0259k.<\/p>\n<p>Dig\u0259r d\u00f6vl\u0259t v\u0259 h\u00f6kum\u0259t ba\u015f\u00e7\u0131lar\u0131 da \u00e7\u0131x\u0131\u015flar\u0131nda Asiya regionunda \u00f6lk\u0259l\u0259rin suverenliyin\u0259, \u0259razi b\u00fct\u00f6vl\u00fcy\u00fcn\u0259 h\u00f6rm\u0259t, mehriban qon\u015fuluq, daxili i\u015fl\u0259r\u0259 qar\u0131\u015fmamaq prinsipl\u0259ri \u0259sas\u0131nda \u0259m\u0259kda\u015fl\u0131\u011f\u0131n qurulmas\u0131n\u0131n \u00f6n\u0259mini qeyd etdil\u0259r, m\u00f6vcud m\u00fcnaqi\u015f\u0259l\u0259rin regionun t\u0259hl\u00fck\u0259sizliyin\u0259 ciddi t\u0259hdid oldu\u011funu vur\u011fulad\u0131lar. Regionun sabitliyinin t\u0259mini \u00fc\u00e7\u00fcn, ilk n\u00f6vb\u0259d\u0259, bu m\u00fcnaqi\u015f\u0259l\u0259rin nizamlanmas\u0131n\u0131n vacibliyi bildirildi.<br \/>\nH\u0259m\u00e7inin \u00e7\u0131x\u0131\u015flarda narkotik qa\u00e7aqmal\u00e7\u0131l\u0131\u011f\u0131n\u0131n, n\u00fcv\u0259 silah\u0131n\u0131n yay\u0131lmas\u0131n\u0131n qar\u015f\u0131s\u0131n\u0131n al\u0131nmas\u0131n\u0131n, terror qrupla\u015fmalar\u0131na qar\u015f\u0131 m\u00fcbariz\u0259nin z\u0259ruriliyi diqq\u0259t\u0259 \u00e7atd\u0131r\u0131ld\u0131, b\u00f6y\u00fck \u0130p\u0259k Yolunun b\u0259rpas\u0131na d\u0259st\u0259k ifad\u0259 olundu.<\/p>\n<p><img loading=\"lazy\" class=\"alignnone size-medium wp-image-66912\" src=\"https:\/\/arantv.az\/wp-content\/uploads\/2019\/06\/763406-300x225.jpg\" alt=\"\" width=\"300\" height=\"225\" \/><img loading=\"lazy\" class=\"alignnone size-full wp-image-66913\" src=\"https:\/\/arantv.az\/wp-content\/uploads\/2019\/06\/763406_03.jpg\" alt=\"\" width=\"250\" height=\"162\" \/><\/p>\n<p>milli.az<\/p>\n","protected":false},"excerpt":{"rendered":"<p>\u0130yunun 15-d\u0259 Tacikistan\u0131n paytaxt\u0131 D\u00fc\u015f\u0259nb\u0259d\u0259 Asiyada Qar\u015f\u0131l\u0131ql\u0131 F\u0259aliyy\u0259t v\u0259 Etimad T\u0259dbirl\u0259ri \u00fczr\u0259 M\u00fc\u015favir\u0259nin be\u015finci Zirv\u0259 toplant\u0131s\u0131 ke\u00e7irilib. ARANTV.AZ\u00a0 x\u0259b\u0259r verir ki, Az\u0259rbaycan Respublikas\u0131n\u0131n Ba\u015f Naziri Novruz M\u0259mm\u0259dov Zirv\u0259 toplant\u0131s\u0131nda i\u015ftirak edib. Prezident Emom\u0259li R\u0259hmon Zirv\u0259 toplant\u0131s\u0131n\u0131 a\u00e7araq n\u00fcmay\u0259nd\u0259 hey\u0259tl\u0259rinin r\u0259hb\u0259rl\u0259rini salamlad\u0131. D\u00f6vl\u0259t ba\u015f\u00e7\u0131s\u0131 terrorizm, ekstremizm kimi b\u0259lalar\u0131n regionda t\u0259hl\u00fck\u0259sizliy\u0259 \u0259sas t\u0259hdid oldu\u011funu diqq\u0259t\u0259 \u00e7atd\u0131rd\u0131. Qeyd etdi ki, bu t\u0259hdidl\u0259r region \u00f6lk\u0259l\u0259ri aras\u0131nda \u0259m\u0259kda\u015fl\u0131\u011f\u0131n daha da g\u00fccl\u0259ndirilm\u0259sini z\u0259ruri edir. Prezident regionda \u00fcmumi maraqlar\u0131n t\u0259mini namin\u0259 n\u0259qliyyat infrastrukturu layih\u0259l\u0259rinin geni\u015fl\u0259ndirilm\u0259sinin \u00f6n\u0259mini bildirdi. Bundan \u0259vv\u0259l quruma s\u0259drlik ed\u0259n \u00c7in Xalq Respublikas\u0131n\u0131n S\u0259dri Si&hellip;<\/p>\n","protected":false},"author":2,"featured_media":66912,"comment_status":"closed","ping_status":"closed","sticky":false,"template":"","format":"standard","meta":{"om_disable_all_campaigns":false,"_monsterinsights_skip_tracking":false,"_monsterinsights_sitenote_active":false,"_monsterinsights_sitenote_note":"","_monsterinsights_sitenote_category":0},"categories":[4],"tags":[],"aioseo_notices":[],"gutentor_comment":0,"rttpg_featured_image_url":{"full":["https:\/\/arantv.az\/wp-content\/uploads\/2019\/06\/763406.jpg",800,600,false],"landscape":["https:\/\/arantv.az\/wp-content\/uploads\/2019\/06\/763406.jpg",800,600,false],"portraits":["https:\/\/arantv.az\/wp-content\/uploads\/2019\/06\/763406.jpg",800,600,false],"thumbnail":["https:\/\/arantv.az\/wp-content\/uploads\/2019\/06\/763406-150x150.jpg",150,150,true],"medium":["https:\/\/arantv.az\/wp-content\/uploads\/2019\/06\/763406-300x225.jpg",300,225,true],"large":["https:\/\/arantv.az\/wp-content\/uploads\/2019\/06\/763406.jpg",640,480,false],"1536x1536":["https:\/\/arantv.az\/wp-content\/uploads\/2019\/06\/763406.jpg",800,600,false],"2048x2048":["https:\/\/arantv.az\/wp-content\/uploads\/2019\/06\/763406.jpg",800,600,false],"post-thumbnail":["https:\/\/arantv.az\/wp-content\/uploads\/2019\/06\/763406-240x172.jpg",240,172,true],"advps-thumb-one":["https:\/\/arantv.az\/wp-content\/uploads\/2019\/06\/763406.jpg",800,600,false]},"rttpg_author":{"display_name":"V\u00fcsal Rafiqo\u011flu","author_link":"https:\/\/arantv.az\/?author=2"},"rttpg_comment":0,"rttpg_category":"<a href=\"https:\/\/arantv.az\/?cat=4\" rel=\"category\">Siyas\u0259t<\/a>","rttpg_excerpt":"\u0130yunun 15-d\u0259 Tacikistan\u0131n paytaxt\u0131 D\u00fc\u015f\u0259nb\u0259d\u0259 Asiyada Qar\u015f\u0131l\u0131ql\u0131 F\u0259aliyy\u0259t v\u0259 Etimad T\u0259dbirl\u0259ri \u00fczr\u0259 M\u00fc\u015favir\u0259nin be\u015finci Zirv\u0259 toplant\u0131s\u0131 ke\u00e7irilib. ARANTV.AZ\u00a0 x\u0259b\u0259r verir ki, Az\u0259rbaycan Respublikas\u0131n\u0131n Ba\u015f Naziri Novruz M\u0259mm\u0259dov Zirv\u0259 toplant\u0131s\u0131nda i\u015ftirak edib. Prezident Emom\u0259li R\u0259hmon Zirv\u0259 toplant\u0131s\u0131n\u0131 a\u00e7araq n\u00fcmay\u0259nd\u0259 hey\u0259tl\u0259rinin r\u0259hb\u0259rl\u0259rini salamlad\u0131. D\u00f6vl\u0259t ba\u015f\u00e7\u0131s\u0131 terrorizm, ekstremizm kimi b\u0259lalar\u0131n regionda t\u0259hl\u00fck\u0259sizliy\u0259 \u0259sas t\u0259hdid oldu\u011funu diqq\u0259t\u0259 \u00e7atd\u0131rd\u0131. Qeyd&hellip;","_links":{"self":[{"href":"https:\/\/arantv.az\/index.php?rest_route=\/wp\/v2\/posts\/66911"}],"collection":[{"href":"https:\/\/arantv.az\/index.php?rest_route=\/wp\/v2\/posts"}],"about":[{"href":"https:\/\/arantv.az\/index.php?rest_route=\/wp\/v2\/types\/post"}],"author":[{"embeddable":true,"href":"https:\/\/arantv.az\/index.php?rest_route=\/wp\/v2\/users\/2"}],"replies":[{"embeddable":true,"href":"https:\/\/arantv.az\/index.php?rest_route=%2Fwp%2Fv2%2Fcomments&post=66911"}],"version-history":[{"count":0,"href":"https:\/\/arantv.az\/index.php?rest_route=\/wp\/v2\/posts\/66911\/revisions"}],"wp:featuredmedia":[{"embeddable":true,"href":"https:\/\/arantv.az\/index.php?rest_route=\/wp\/v2\/media\/66912"}],"wp:attachment":[{"href":"https:\/\/arantv.az\/index.php?rest_route=%2Fwp%2Fv2%2Fmedia&parent=66911"}],"wp:term":[{"taxonomy":"category","embeddable":true,"href":"https:\/\/arantv.az\/index.php?rest_route=%2Fwp%2Fv2%2Fcategories&post=66911"},{"taxonomy":"post_tag","embeddable":true,"href":"https:\/\/arantv.az\/index.php?rest_route=%2Fwp%2Fv2%2Ftags&post=66911"}],"curies":[{"name":"wp","href":"https:\/\/api.w.org\/{rel}","templated":true}]}}