{"id":669122,"date":"2023-12-15T11:22:35","date_gmt":"2023-12-15T07:22:35","guid":{"rendered":"https:\/\/arantv.az\/?p=669122"},"modified":"2023-12-15T11:22:35","modified_gmt":"2023-12-15T07:22:35","slug":"emin-%c9%99mrullayev-t%c9%99hsilin-m%c9%99zmunu-son-90-il-%c9%99rzind%c9%99-d%c9%99yism%c9%99yib","status":"publish","type":"post","link":"https:\/\/arantv.az\/?p=669122","title":{"rendered":"Emin \u018fmrullayev: \u201cT\u0259hsilin m\u0259zmunu son 90 il \u0259rzind\u0259 d\u0259yi\u015fm\u0259yib\u201d"},"content":{"rendered":"<p>\u201cYeni t\u0259tbiq olunan d\u0259rslikl\u0259rimiz daha m\u00fct\u0259r\u0259qqidir\u201d.<\/p>\n<p><strong>ARANTV.AZ<\/strong>-\u0131n m\u0259lumat\u0131na g\u00f6r\u0259, bunu elm v\u0259 t\u0259hsil naziri Emin \u018fmrullayev \u00fcmummilli lider Heyd\u0259r \u018fliyevin 100 illik yubileyin\u0259 h\u0259sr olunmu\u015f Az\u0259rbaycan M\u00fc\u0259lliml\u0259rinin XVI Qurultay\u0131nda \u00e7\u0131x\u0131\u015f\u0131 zaman\u0131 deyib.<\/p>\n<p>Onun s\u00f6zl\u0259rin\u0259 g\u00f6r\u0259, sinifl\u0259r v\u0259 t\u0259dris f\u0259nl\u0259ri \u00fczr\u0259 d\u0259rs saatlar\u0131n\u0131n m\u00fcqayis\u0259sin\u0259 g\u0259linc\u0259, t\u0259hsilin m\u0259zmunu son 90 il \u0259rzind\u0259 d\u0259yi\u015fm\u0259yib:<\/p>\n<p>\u201cBu g\u00fcn t\u0259tbiq etdiyimiz model \u00e7ox az d\u0259yi\u015fikliy\u0259 m\u0259ruz qal\u0131b. Bu t\u0259k Az\u0259rbaycanda deyil, b\u00fct\u00fcn d\u00fcnyada bel\u0259dir. Bunun bel\u0259 olmas\u0131n\u0131n s\u0259b\u0259binin c\u0259miyy\u0259tin m\u00fchafiz\u0259kar m\u00f6vqey\u0259 sahib olmas\u0131 il\u0259 \u0259laq\u0259lidir. D\u00fc\u015f\u00fcn\u00fcrl\u0259r ki, onlar\u0131n 30 il \u0259vv\u0259l \u00f6yr\u0259ndikl\u0259ri \u015fagirdl\u0259r\u0259 n\u00f6vb\u0259ti 30 ild\u0259 d\u0259 laz\u0131m olacaq. Lakin bu el\u0259 deyil. Burada s\u00f6hb\u0259t yana\u015fmalar\u0131n v\u0259 metodologiyalar\u0131n d\u0259yi\u015fm\u0259sind\u0259n gedir\u201d.<\/p>\n","protected":false},"excerpt":{"rendered":"<p>\u201cYeni t\u0259tbiq olunan d\u0259rslikl\u0259rimiz daha m\u00fct\u0259r\u0259qqidir\u201d. ARANTV.AZ-\u0131n m\u0259lumat\u0131na g\u00f6r\u0259, bunu elm v\u0259 t\u0259hsil naziri Emin \u018fmrullayev \u00fcmummilli lider Heyd\u0259r \u018fliyevin 100 illik yubileyin\u0259 h\u0259sr olunmu\u015f Az\u0259rbaycan M\u00fc\u0259lliml\u0259rinin XVI Qurultay\u0131nda \u00e7\u0131x\u0131\u015f\u0131 zaman\u0131 deyib. Onun s\u00f6zl\u0259rin\u0259 g\u00f6r\u0259, sinifl\u0259r v\u0259 t\u0259dris f\u0259nl\u0259ri \u00fczr\u0259 d\u0259rs saatlar\u0131n\u0131n m\u00fcqayis\u0259sin\u0259 g\u0259linc\u0259, t\u0259hsilin m\u0259zmunu son 90 il \u0259rzind\u0259 d\u0259yi\u015fm\u0259yib: \u201cBu g\u00fcn t\u0259tbiq etdiyimiz model \u00e7ox az d\u0259yi\u015fikliy\u0259 m\u0259ruz qal\u0131b. Bu t\u0259k Az\u0259rbaycanda deyil, b\u00fct\u00fcn d\u00fcnyada bel\u0259dir. Bunun bel\u0259 olmas\u0131n\u0131n s\u0259b\u0259binin c\u0259miyy\u0259tin m\u00fchafiz\u0259kar m\u00f6vqey\u0259 sahib olmas\u0131 il\u0259 \u0259laq\u0259lidir. D\u00fc\u015f\u00fcn\u00fcrl\u0259r ki, onlar\u0131n 30 il \u0259vv\u0259l \u00f6yr\u0259ndikl\u0259ri \u015fagirdl\u0259r\u0259 n\u00f6vb\u0259ti 30 ild\u0259&hellip;<\/p>\n","protected":false},"author":2,"featured_media":669127,"comment_status":"closed","ping_status":"closed","sticky":false,"template":"","format":"standard","meta":{"om_disable_all_campaigns":false,"_monsterinsights_skip_tracking":false,"_monsterinsights_sitenote_active":false,"_monsterinsights_sitenote_note":"","_monsterinsights_sitenote_category":0},"categories":[1],"tags":[],"aioseo_notices":[],"gutentor_comment":0,"rttpg_featured_image_url":{"full":["https:\/\/arantv.az\/wp-content\/uploads\/2023\/12\/e14e5829170135070628124932210999014.jpg",975,540,false],"landscape":["https:\/\/arantv.az\/wp-content\/uploads\/2023\/12\/e14e5829170135070628124932210999014.jpg",975,540,false],"portraits":["https:\/\/arantv.az\/wp-content\/uploads\/2023\/12\/e14e5829170135070628124932210999014.jpg",975,540,false],"thumbnail":["https:\/\/arantv.az\/wp-content\/uploads\/2023\/12\/e14e5829170135070628124932210999014-500x280.jpg",500,280,true],"medium":["https:\/\/arantv.az\/wp-content\/uploads\/2023\/12\/e14e5829170135070628124932210999014-660x365.jpg",660,365,true],"large":["https:\/\/arantv.az\/wp-content\/uploads\/2023\/12\/e14e5829170135070628124932210999014-840x465.jpg",640,354,true],"1536x1536":["https:\/\/arantv.az\/wp-content\/uploads\/2023\/12\/e14e5829170135070628124932210999014.jpg",975,540,false],"2048x2048":["https:\/\/arantv.az\/wp-content\/uploads\/2023\/12\/e14e5829170135070628124932210999014.jpg",975,540,false],"post-thumbnail":["https:\/\/arantv.az\/wp-content\/uploads\/2023\/12\/e14e5829170135070628124932210999014-240x172.jpg",240,172,true],"advps-thumb-one":["https:\/\/arantv.az\/wp-content\/uploads\/2023\/12\/e14e5829170135070628124932210999014.jpg",975,540,false]},"rttpg_author":{"display_name":"V\u00fcsal Rafiqo\u011flu","author_link":"https:\/\/arantv.az\/?author=2"},"rttpg_comment":0,"rttpg_category":"<a href=\"https:\/\/arantv.az\/?cat=1\" rel=\"category\">C\u0259miyy\u0259t<\/a>","rttpg_excerpt":"\u201cYeni t\u0259tbiq olunan d\u0259rslikl\u0259rimiz daha m\u00fct\u0259r\u0259qqidir\u201d. ARANTV.AZ-\u0131n m\u0259lumat\u0131na g\u00f6r\u0259, bunu elm v\u0259 t\u0259hsil naziri Emin \u018fmrullayev \u00fcmummilli lider Heyd\u0259r \u018fliyevin 100 illik yubileyin\u0259 h\u0259sr olunmu\u015f Az\u0259rbaycan M\u00fc\u0259lliml\u0259rinin XVI Qurultay\u0131nda \u00e7\u0131x\u0131\u015f\u0131 zaman\u0131 deyib. Onun s\u00f6zl\u0259rin\u0259 g\u00f6r\u0259, sinifl\u0259r v\u0259 t\u0259dris f\u0259nl\u0259ri \u00fczr\u0259 d\u0259rs saatlar\u0131n\u0131n m\u00fcqayis\u0259sin\u0259 g\u0259linc\u0259, t\u0259hsilin m\u0259zmunu son 90 il \u0259rzind\u0259 d\u0259yi\u015fm\u0259yib: \u201cBu g\u00fcn t\u0259tbiq etdiyimiz&hellip;","_links":{"self":[{"href":"https:\/\/arantv.az\/index.php?rest_route=\/wp\/v2\/posts\/669122"}],"collection":[{"href":"https:\/\/arantv.az\/index.php?rest_route=\/wp\/v2\/posts"}],"about":[{"href":"https:\/\/arantv.az\/index.php?rest_route=\/wp\/v2\/types\/post"}],"author":[{"embeddable":true,"href":"https:\/\/arantv.az\/index.php?rest_route=\/wp\/v2\/users\/2"}],"replies":[{"embeddable":true,"href":"https:\/\/arantv.az\/index.php?rest_route=%2Fwp%2Fv2%2Fcomments&post=669122"}],"version-history":[{"count":0,"href":"https:\/\/arantv.az\/index.php?rest_route=\/wp\/v2\/posts\/669122\/revisions"}],"wp:featuredmedia":[{"embeddable":true,"href":"https:\/\/arantv.az\/index.php?rest_route=\/wp\/v2\/media\/669127"}],"wp:attachment":[{"href":"https:\/\/arantv.az\/index.php?rest_route=%2Fwp%2Fv2%2Fmedia&parent=669122"}],"wp:term":[{"taxonomy":"category","embeddable":true,"href":"https:\/\/arantv.az\/index.php?rest_route=%2Fwp%2Fv2%2Fcategories&post=669122"},{"taxonomy":"post_tag","embeddable":true,"href":"https:\/\/arantv.az\/index.php?rest_route=%2Fwp%2Fv2%2Ftags&post=669122"}],"curies":[{"name":"wp","href":"https:\/\/api.w.org\/{rel}","templated":true}]}}