{"id":669126,"date":"2023-12-15T11:23:22","date_gmt":"2023-12-15T07:23:22","guid":{"rendered":"https:\/\/arantv.az\/?p=669126"},"modified":"2023-12-15T11:23:22","modified_gmt":"2023-12-15T07:23:22","slug":"nazir-ist%c9%99yimiz-odur-ki-hec-olmasa-h%c9%99r-bes-usaqdan-biri-m%c9%99kt%c9%99b%c9%99q%c9%99d%c9%99r-t%c9%99hsil%c9%99-c%c9%99lb-olunsun","status":"publish","type":"post","link":"https:\/\/arantv.az\/?p=669126","title":{"rendered":"Nazir: \u201c\u0130st\u0259yimiz odur ki, he\u00e7 olmasa h\u0259r be\u015f u\u015faqdan biri m\u0259kt\u0259b\u0259q\u0259d\u0259r t\u0259hsil\u0259 c\u0259lb olunsun\u201d"},"content":{"rendered":"<p>\u201c2023-c\u00fc ild\u0259 be\u015f ya\u015fl\u0131 u\u015faqlar\u0131n 87 faizi \u00fcmumi t\u0259hsild\u0259 m\u0259kt\u0259b\u0259haz\u0131rl\u0131q qruplar\u0131na c\u0259lb olunub\u201d.<\/p>\n<p><strong>ARANTV.AZ<\/strong>-\u0131n m\u0259lumat\u0131na g\u00f6r\u0259, bunu elm v\u0259 t\u0259hsil naziri Emin \u018fmrullayev \u00fcmummilli lider Heyd\u0259r \u018fliyevin 100 illik yubileyin\u0259 h\u0259sr olunmu\u015f Az\u0259rbaycan M\u00fc\u0259lliml\u0259rinin XVI Qurultay\u0131nda \u00e7\u0131x\u0131\u015f\u0131 zaman\u0131 deyib.<\/p>\n<p>Onun s\u00f6zl\u0259rin\u0259 g\u00f6r\u0259, 2014-c\u00fc ild\u0259 12 min, 2017-ci ild\u0259 82 min, 2023-c\u00fc ild\u0259 is\u0259 91 min be\u015f ya\u015fl\u0131 u\u015faq \u00fcmumi t\u0259hsild\u0259 m\u0259kt\u0259b\u0259haz\u0131rl\u0131q qruplar\u0131na c\u0259lb olunub.<\/p>\n<p>Nazir \u0259lav\u0259 edib ki, bir ild\u0259n \u00e7ox m\u0259kt\u0259b\u0259q\u0259d\u0259r t\u0259hsil\u0259 c\u0259lb olunanlar orta hesabla 10% daha yax\u015f\u0131 n\u0259tic\u0259 g\u00f6st\u0259rir:<\/p>\n<p>\u201cM\u0259kt\u0259b\u0259q\u0259d\u0259r t\u0259hsil\u0259 qoyulan investisiya \u00fczr\u0259 gerid\u00f6n\u00fc\u015f dig\u0259r t\u0259hsil pill\u0259l\u0259rind\u0259n 7-10 qat daha \u00e7oxdur. Bu da iqtisadiyyatda t\u0259xmin\u0259n 20-30 ild\u0259n sonra \u00f6z\u00fcn\u00fc g\u00f6st\u0259r\u0259c\u0259k. \u0130st\u0259yimiz odur ki, he\u00e7 olmasa h\u0259r be\u015f u\u015faqdan biri m\u0259kt\u0259b\u0259q\u0259d\u0259r t\u0259hsil\u0259 c\u0259lb olunsun\u201d.<\/p>\n","protected":false},"excerpt":{"rendered":"<p>\u201c2023-c\u00fc ild\u0259 be\u015f ya\u015fl\u0131 u\u015faqlar\u0131n 87 faizi \u00fcmumi t\u0259hsild\u0259 m\u0259kt\u0259b\u0259haz\u0131rl\u0131q qruplar\u0131na c\u0259lb olunub\u201d. ARANTV.AZ-\u0131n m\u0259lumat\u0131na g\u00f6r\u0259, bunu elm v\u0259 t\u0259hsil naziri Emin \u018fmrullayev \u00fcmummilli lider Heyd\u0259r \u018fliyevin 100 illik yubileyin\u0259 h\u0259sr olunmu\u015f Az\u0259rbaycan M\u00fc\u0259lliml\u0259rinin XVI Qurultay\u0131nda \u00e7\u0131x\u0131\u015f\u0131 zaman\u0131 deyib. Onun s\u00f6zl\u0259rin\u0259 g\u00f6r\u0259, 2014-c\u00fc ild\u0259 12 min, 2017-ci ild\u0259 82 min, 2023-c\u00fc ild\u0259 is\u0259 91 min be\u015f ya\u015fl\u0131 u\u015faq \u00fcmumi t\u0259hsild\u0259 m\u0259kt\u0259b\u0259haz\u0131rl\u0131q qruplar\u0131na c\u0259lb olunub. Nazir \u0259lav\u0259 edib ki, bir ild\u0259n \u00e7ox m\u0259kt\u0259b\u0259q\u0259d\u0259r t\u0259hsil\u0259 c\u0259lb olunanlar orta hesabla 10% daha yax\u015f\u0131 n\u0259tic\u0259 g\u00f6st\u0259rir: \u201cM\u0259kt\u0259b\u0259q\u0259d\u0259r t\u0259hsil\u0259 qoyulan investisiya \u00fczr\u0259 gerid\u00f6n\u00fc\u015f dig\u0259r t\u0259hsil&hellip;<\/p>\n","protected":false},"author":2,"featured_media":669129,"comment_status":"closed","ping_status":"closed","sticky":false,"template":"","format":"standard","meta":{"om_disable_all_campaigns":false,"_monsterinsights_skip_tracking":false,"_monsterinsights_sitenote_active":false,"_monsterinsights_sitenote_note":"","_monsterinsights_sitenote_category":0},"categories":[1],"tags":[],"aioseo_notices":[],"gutentor_comment":0,"rttpg_featured_image_url":{"full":["https:\/\/arantv.az\/wp-content\/uploads\/2023\/12\/7acba010167170856814812397310386987.jpg",975,540,false],"landscape":["https:\/\/arantv.az\/wp-content\/uploads\/2023\/12\/7acba010167170856814812397310386987.jpg",975,540,false],"portraits":["https:\/\/arantv.az\/wp-content\/uploads\/2023\/12\/7acba010167170856814812397310386987.jpg",975,540,false],"thumbnail":["https:\/\/arantv.az\/wp-content\/uploads\/2023\/12\/7acba010167170856814812397310386987-500x280.jpg",500,280,true],"medium":["https:\/\/arantv.az\/wp-content\/uploads\/2023\/12\/7acba010167170856814812397310386987-660x365.jpg",660,365,true],"large":["https:\/\/arantv.az\/wp-content\/uploads\/2023\/12\/7acba010167170856814812397310386987-840x465.jpg",640,354,true],"1536x1536":["https:\/\/arantv.az\/wp-content\/uploads\/2023\/12\/7acba010167170856814812397310386987.jpg",975,540,false],"2048x2048":["https:\/\/arantv.az\/wp-content\/uploads\/2023\/12\/7acba010167170856814812397310386987.jpg",975,540,false],"post-thumbnail":["https:\/\/arantv.az\/wp-content\/uploads\/2023\/12\/7acba010167170856814812397310386987-240x172.jpg",240,172,true],"advps-thumb-one":["https:\/\/arantv.az\/wp-content\/uploads\/2023\/12\/7acba010167170856814812397310386987.jpg",975,540,false]},"rttpg_author":{"display_name":"V\u00fcsal Rafiqo\u011flu","author_link":"https:\/\/arantv.az\/?author=2"},"rttpg_comment":0,"rttpg_category":"<a href=\"https:\/\/arantv.az\/?cat=1\" rel=\"category\">C\u0259miyy\u0259t<\/a>","rttpg_excerpt":"\u201c2023-c\u00fc ild\u0259 be\u015f ya\u015fl\u0131 u\u015faqlar\u0131n 87 faizi \u00fcmumi t\u0259hsild\u0259 m\u0259kt\u0259b\u0259haz\u0131rl\u0131q qruplar\u0131na c\u0259lb olunub\u201d. ARANTV.AZ-\u0131n m\u0259lumat\u0131na g\u00f6r\u0259, bunu elm v\u0259 t\u0259hsil naziri Emin \u018fmrullayev \u00fcmummilli lider Heyd\u0259r \u018fliyevin 100 illik yubileyin\u0259 h\u0259sr olunmu\u015f Az\u0259rbaycan M\u00fc\u0259lliml\u0259rinin XVI Qurultay\u0131nda \u00e7\u0131x\u0131\u015f\u0131 zaman\u0131 deyib. Onun s\u00f6zl\u0259rin\u0259 g\u00f6r\u0259, 2014-c\u00fc ild\u0259 12 min, 2017-ci ild\u0259 82 min, 2023-c\u00fc ild\u0259 is\u0259 91 min&hellip;","_links":{"self":[{"href":"https:\/\/arantv.az\/index.php?rest_route=\/wp\/v2\/posts\/669126"}],"collection":[{"href":"https:\/\/arantv.az\/index.php?rest_route=\/wp\/v2\/posts"}],"about":[{"href":"https:\/\/arantv.az\/index.php?rest_route=\/wp\/v2\/types\/post"}],"author":[{"embeddable":true,"href":"https:\/\/arantv.az\/index.php?rest_route=\/wp\/v2\/users\/2"}],"replies":[{"embeddable":true,"href":"https:\/\/arantv.az\/index.php?rest_route=%2Fwp%2Fv2%2Fcomments&post=669126"}],"version-history":[{"count":0,"href":"https:\/\/arantv.az\/index.php?rest_route=\/wp\/v2\/posts\/669126\/revisions"}],"wp:featuredmedia":[{"embeddable":true,"href":"https:\/\/arantv.az\/index.php?rest_route=\/wp\/v2\/media\/669129"}],"wp:attachment":[{"href":"https:\/\/arantv.az\/index.php?rest_route=%2Fwp%2Fv2%2Fmedia&parent=669126"}],"wp:term":[{"taxonomy":"category","embeddable":true,"href":"https:\/\/arantv.az\/index.php?rest_route=%2Fwp%2Fv2%2Fcategories&post=669126"},{"taxonomy":"post_tag","embeddable":true,"href":"https:\/\/arantv.az\/index.php?rest_route=%2Fwp%2Fv2%2Ftags&post=669126"}],"curies":[{"name":"wp","href":"https:\/\/api.w.org\/{rel}","templated":true}]}}