{"id":669130,"date":"2023-12-15T11:24:07","date_gmt":"2023-12-15T07:24:07","guid":{"rendered":"https:\/\/arantv.az\/?p=669130"},"modified":"2023-12-15T11:24:07","modified_gmt":"2023-12-15T07:24:07","slug":"emin-%c9%99mrullayev-novb%c9%99ti-bes-ild%c9%99-h%c9%99d%c9%99f-pandemiyadan-%c9%99vv%c9%99lki-t%c9%99hsil-s%c9%99viyy%c9%99sin%c9%99-qayitmaqdir","status":"publish","type":"post","link":"https:\/\/arantv.az\/?p=669130","title":{"rendered":"Emin \u018fmrullayev: \u201cN\u00f6vb\u0259ti be\u015f ild\u0259 h\u0259d\u0259f pandemiyadan \u0259vv\u0259lki t\u0259hsil s\u0259viyy\u0259sin\u0259 qay\u0131tmaqd\u0131r\u201d"},"content":{"rendered":"<p>\u201cKoronavirus pandemiyas\u0131 d\u00f6vr\u00fcnd\u0259 200 g\u00fcnd\u0259n art\u0131q m\u00fcdd\u0259td\u0259 t\u0259hsil distant formada ke\u00e7irildi\u00a0 v\u0259 158 mind\u0259n \u00e7ox \u015fagird m\u0259kt\u0259b\u0259 distant formada ba\u015flay\u0131b\u201d.<\/p>\n<p><strong>ARANTV.AZ<\/strong>-\u0131n m\u0259lumat\u0131na g\u00f6r\u0259, bunu elm v\u0259 t\u0259hsil naziri Emin \u018fmrullayev \u00fcmummilli lider Heyd\u0259r \u018fliyevin 100 illik yubileyin\u0259 h\u0259sr olunmu\u015f Az\u0259rbaycan M\u00fc\u0259lliml\u0259rinin XVI Qurultay\u0131nda \u00e7\u0131x\u0131\u015f\u0131 zaman\u0131 deyib.<\/p>\n<p>O qeyd edib ki, bu d\u00f6vr xalq\u0131m\u0131z \u00fc\u00e7\u00fcn s\u0131naq d\u00f6vr\u00fc olub:<\/p>\n<p>\u201cT\u0259hsil pandemiyadan \u0259vv\u0259l y\u00fcks\u0259l\u0259n x\u0259tl\u0259 inki\u015faf edirdi, amma COVID-19 d\u00f6vr\u00fcnd\u0259 bu\u00a0x\u0259tt azalan istiqam\u0259td\u0259 davam etdi. N\u00f6vb\u0259ti be\u015f ild\u0259 h\u0259d\u0259f pandemiyadan \u0259vv\u0259lki t\u0259hsil s\u0259viyy\u0259sin\u0259 qay\u0131tmaqd\u0131r\u201d.<\/p>\n","protected":false},"excerpt":{"rendered":"<p>\u201cKoronavirus pandemiyas\u0131 d\u00f6vr\u00fcnd\u0259 200 g\u00fcnd\u0259n art\u0131q m\u00fcdd\u0259td\u0259 t\u0259hsil distant formada ke\u00e7irildi\u00a0 v\u0259 158 mind\u0259n \u00e7ox \u015fagird m\u0259kt\u0259b\u0259 distant formada ba\u015flay\u0131b\u201d. ARANTV.AZ-\u0131n m\u0259lumat\u0131na g\u00f6r\u0259, bunu elm v\u0259 t\u0259hsil naziri Emin \u018fmrullayev \u00fcmummilli lider Heyd\u0259r \u018fliyevin 100 illik yubileyin\u0259 h\u0259sr olunmu\u015f Az\u0259rbaycan M\u00fc\u0259lliml\u0259rinin XVI Qurultay\u0131nda \u00e7\u0131x\u0131\u015f\u0131 zaman\u0131 deyib. O qeyd edib ki, bu d\u00f6vr xalq\u0131m\u0131z \u00fc\u00e7\u00fcn s\u0131naq d\u00f6vr\u00fc olub: \u201cT\u0259hsil pandemiyadan \u0259vv\u0259l y\u00fcks\u0259l\u0259n x\u0259tl\u0259 inki\u015faf edirdi, amma COVID-19 d\u00f6vr\u00fcnd\u0259 bu\u00a0x\u0259tt azalan istiqam\u0259td\u0259 davam etdi. N\u00f6vb\u0259ti be\u015f ild\u0259 h\u0259d\u0259f pandemiyadan \u0259vv\u0259lki t\u0259hsil s\u0259viyy\u0259sin\u0259 qay\u0131tmaqd\u0131r\u201d.<\/p>\n","protected":false},"author":2,"featured_media":450800,"comment_status":"closed","ping_status":"closed","sticky":false,"template":"","format":"standard","meta":{"om_disable_all_campaigns":false,"_monsterinsights_skip_tracking":false,"_monsterinsights_sitenote_active":false,"_monsterinsights_sitenote_note":"","_monsterinsights_sitenote_category":0},"categories":[1],"tags":[],"aioseo_notices":[],"gutentor_comment":0,"rttpg_featured_image_url":{"full":["https:\/\/arantv.az\/wp-content\/uploads\/2022\/03\/emin_emrullayev_0854.jpg",800,600,false],"landscape":["https:\/\/arantv.az\/wp-content\/uploads\/2022\/03\/emin_emrullayev_0854.jpg",800,600,false],"portraits":["https:\/\/arantv.az\/wp-content\/uploads\/2022\/03\/emin_emrullayev_0854.jpg",800,600,false],"thumbnail":["https:\/\/arantv.az\/wp-content\/uploads\/2022\/03\/emin_emrullayev_0854-500x280.jpg",500,280,true],"medium":["https:\/\/arantv.az\/wp-content\/uploads\/2022\/03\/emin_emrullayev_0854-487x365.jpg",487,365,true],"large":["https:\/\/arantv.az\/wp-content\/uploads\/2022\/03\/emin_emrullayev_0854.jpg",640,480,false],"1536x1536":["https:\/\/arantv.az\/wp-content\/uploads\/2022\/03\/emin_emrullayev_0854.jpg",800,600,false],"2048x2048":["https:\/\/arantv.az\/wp-content\/uploads\/2022\/03\/emin_emrullayev_0854.jpg",800,600,false],"post-thumbnail":["https:\/\/arantv.az\/wp-content\/uploads\/2022\/03\/emin_emrullayev_0854-240x172.jpg",240,172,true],"advps-thumb-one":["https:\/\/arantv.az\/wp-content\/uploads\/2022\/03\/emin_emrullayev_0854.jpg",800,600,false]},"rttpg_author":{"display_name":"V\u00fcsal Rafiqo\u011flu","author_link":"https:\/\/arantv.az\/?author=2"},"rttpg_comment":0,"rttpg_category":"<a href=\"https:\/\/arantv.az\/?cat=1\" rel=\"category\">C\u0259miyy\u0259t<\/a>","rttpg_excerpt":"\u201cKoronavirus pandemiyas\u0131 d\u00f6vr\u00fcnd\u0259 200 g\u00fcnd\u0259n art\u0131q m\u00fcdd\u0259td\u0259 t\u0259hsil distant formada ke\u00e7irildi\u00a0 v\u0259 158 mind\u0259n \u00e7ox \u015fagird m\u0259kt\u0259b\u0259 distant formada ba\u015flay\u0131b\u201d. ARANTV.AZ-\u0131n m\u0259lumat\u0131na g\u00f6r\u0259, bunu elm v\u0259 t\u0259hsil naziri Emin \u018fmrullayev \u00fcmummilli lider Heyd\u0259r \u018fliyevin 100 illik yubileyin\u0259 h\u0259sr olunmu\u015f Az\u0259rbaycan M\u00fc\u0259lliml\u0259rinin XVI Qurultay\u0131nda \u00e7\u0131x\u0131\u015f\u0131 zaman\u0131 deyib. O qeyd edib ki, bu d\u00f6vr xalq\u0131m\u0131z \u00fc\u00e7\u00fcn s\u0131naq&hellip;","_links":{"self":[{"href":"https:\/\/arantv.az\/index.php?rest_route=\/wp\/v2\/posts\/669130"}],"collection":[{"href":"https:\/\/arantv.az\/index.php?rest_route=\/wp\/v2\/posts"}],"about":[{"href":"https:\/\/arantv.az\/index.php?rest_route=\/wp\/v2\/types\/post"}],"author":[{"embeddable":true,"href":"https:\/\/arantv.az\/index.php?rest_route=\/wp\/v2\/users\/2"}],"replies":[{"embeddable":true,"href":"https:\/\/arantv.az\/index.php?rest_route=%2Fwp%2Fv2%2Fcomments&post=669130"}],"version-history":[{"count":0,"href":"https:\/\/arantv.az\/index.php?rest_route=\/wp\/v2\/posts\/669130\/revisions"}],"wp:featuredmedia":[{"embeddable":true,"href":"https:\/\/arantv.az\/index.php?rest_route=\/wp\/v2\/media\/450800"}],"wp:attachment":[{"href":"https:\/\/arantv.az\/index.php?rest_route=%2Fwp%2Fv2%2Fmedia&parent=669130"}],"wp:term":[{"taxonomy":"category","embeddable":true,"href":"https:\/\/arantv.az\/index.php?rest_route=%2Fwp%2Fv2%2Fcategories&post=669130"},{"taxonomy":"post_tag","embeddable":true,"href":"https:\/\/arantv.az\/index.php?rest_route=%2Fwp%2Fv2%2Ftags&post=669130"}],"curies":[{"name":"wp","href":"https:\/\/api.w.org\/{rel}","templated":true}]}}