{"id":669132,"date":"2023-12-15T11:24:35","date_gmt":"2023-12-15T07:24:35","guid":{"rendered":"https:\/\/arantv.az\/?p=669132"},"modified":"2023-12-15T11:24:35","modified_gmt":"2023-12-15T07:24:35","slug":"ilham-%c9%99liyev-qurultayda-muhum-q%c9%99rarlar-q%c9%99bul-edil%c9%99c%c9%99yin%c9%99-%c9%99min%c9%99m","status":"publish","type":"post","link":"https:\/\/arantv.az\/?p=669132","title":{"rendered":"\u0130lham \u018fliyev: \u201cQurultayda m\u00fch\u00fcm q\u0259rarlar q\u0259bul edil\u0259c\u0259yin\u0259 \u0259min\u0259m\u201d"},"content":{"rendered":"<p>\u201c\u00d6t\u0259n d\u00f6vr\u00fcn dol\u011fun t\u0259hlilini apararaq t\u0259hsil sah\u0259sind\u0259 strateji m\u0259qs\u0259dl\u0259r\u0259 nail olmaq v\u0259 \u201cB\u00f6y\u00fck Qay\u0131d\u0131\u015fa dair I D\u00f6vl\u0259t Proqram\u0131\u201dnda n\u0259z\u0259rd\u0259 tutulmu\u015f h\u0259d\u0259fl\u0259r\u0259 \u00e7atmaq \u0259zmi il\u0259 ali m\u0259clisinizin \u0259trafl\u0131 m\u00fczakir\u0259l\u0259r \u015f\u0259raitind\u0259 m\u00fch\u00fcm q\u0259rarlar q\u0259bul ed\u0259c\u0259yin\u0259 v\u0259 \u00f6lk\u0259nin intellektual potensial\u0131n\u0131 t\u0259hsild\u0259 dayan\u0131ql\u0131 inki\u015faf namin\u0259 s\u0131x birl\u0259\u015fdir\u0259c\u0259yin\u0259 \u0259min\u0259m\u201d.<\/p>\n<p><a href=\"https:\/\/azertag.az\/xeber\/prezident_inaniram_ki_muellimlerimiz_bundan_sonra_da_genc_neslin_azerbaycanchiliq_mefkuresi_ruhunda_boyumeleri_uchun_var_quvve_ile_chalisacaqlar-2851769\" target=\"_blank\" rel=\"noopener\">AZ\u018fRTAC<\/a>\u00a0x\u0259b\u0259r verir ki, bu fikirl\u0259r Prezident\u00a0<strong>\u0130lham \u018fliyevin<\/strong>\u00a0Az\u0259rbaycan M\u00fc\u0259lliml\u0259rinin XVI Qurultay\u0131n\u0131n i\u015ftirak\u00e7\u0131lar\u0131na t\u0259brik m\u0259ktubunda yer al\u0131b.<\/p>\n<p>\u201c\u0130nan\u0131ram ki, xalq\u0131m\u0131za Z\u0259f\u0259r sevinci ya\u015fadan igid v\u0259 q\u0259hr\u0259man \u00f6vladlar\u0131m\u0131z\u0131n formala\u015fmas\u0131 namin\u0259 m\u00fcst\u0259sna \u0259m\u0259k s\u0259rf etmi\u015f f\u0259dakar m\u00fc\u0259lliml\u0259rimiz g\u0259nc n\u0259sl\u0259 bundan sonra da m\u00fck\u0259mm\u0259l bilik verm\u0259kl\u0259 yana\u015f\u0131, onlar\u0131n milli-m\u0259n\u0259vi d\u0259y\u0259rl\u0259r\u0259 ba\u011fl\u0131l\u0131q v\u0259 az\u0259rbaycan\u00e7\u0131l\u0131q m\u0259fkur\u0259si ruhunda b\u00f6y\u00fcm\u0259l\u0259ri \u00fc\u00e7\u00fcn var q\u00fcvv\u0259 il\u0259 \u00e7al\u0131\u015facaqlar\u201d, &#8211; dey\u0259 Prezident \u0130lham \u018fliyevin m\u0259ktubunda qeyd olunub.<\/p>\n","protected":false},"excerpt":{"rendered":"<p>\u201c\u00d6t\u0259n d\u00f6vr\u00fcn dol\u011fun t\u0259hlilini apararaq t\u0259hsil sah\u0259sind\u0259 strateji m\u0259qs\u0259dl\u0259r\u0259 nail olmaq v\u0259 \u201cB\u00f6y\u00fck Qay\u0131d\u0131\u015fa dair I D\u00f6vl\u0259t Proqram\u0131\u201dnda n\u0259z\u0259rd\u0259 tutulmu\u015f h\u0259d\u0259fl\u0259r\u0259 \u00e7atmaq \u0259zmi il\u0259 ali m\u0259clisinizin \u0259trafl\u0131 m\u00fczakir\u0259l\u0259r \u015f\u0259raitind\u0259 m\u00fch\u00fcm q\u0259rarlar q\u0259bul ed\u0259c\u0259yin\u0259 v\u0259 \u00f6lk\u0259nin intellektual potensial\u0131n\u0131 t\u0259hsild\u0259 dayan\u0131ql\u0131 inki\u015faf namin\u0259 s\u0131x birl\u0259\u015fdir\u0259c\u0259yin\u0259 \u0259min\u0259m\u201d. AZ\u018fRTAC\u00a0x\u0259b\u0259r verir ki, bu fikirl\u0259r Prezident\u00a0\u0130lham \u018fliyevin\u00a0Az\u0259rbaycan M\u00fc\u0259lliml\u0259rinin XVI Qurultay\u0131n\u0131n i\u015ftirak\u00e7\u0131lar\u0131na t\u0259brik m\u0259ktubunda yer al\u0131b. \u201c\u0130nan\u0131ram ki, xalq\u0131m\u0131za Z\u0259f\u0259r sevinci ya\u015fadan igid v\u0259 q\u0259hr\u0259man \u00f6vladlar\u0131m\u0131z\u0131n formala\u015fmas\u0131 namin\u0259 m\u00fcst\u0259sna \u0259m\u0259k s\u0259rf etmi\u015f f\u0259dakar m\u00fc\u0259lliml\u0259rimiz g\u0259nc n\u0259sl\u0259 bundan sonra da m\u00fck\u0259mm\u0259l bilik verm\u0259kl\u0259 yana\u015f\u0131, onlar\u0131n milli-m\u0259n\u0259vi d\u0259y\u0259rl\u0259r\u0259 ba\u011fl\u0131l\u0131q&hellip;<\/p>\n","protected":false},"author":2,"featured_media":669134,"comment_status":"closed","ping_status":"closed","sticky":false,"template":"","format":"standard","meta":{"om_disable_all_campaigns":false,"_monsterinsights_skip_tracking":false,"_monsterinsights_sitenote_active":false,"_monsterinsights_sitenote_note":"","_monsterinsights_sitenote_category":0},"categories":[4],"tags":[],"aioseo_notices":[],"gutentor_comment":0,"rttpg_featured_image_url":{"full":["https:\/\/arantv.az\/wp-content\/uploads\/2023\/12\/124460.jpg",620,413,false],"landscape":["https:\/\/arantv.az\/wp-content\/uploads\/2023\/12\/124460.jpg",620,413,false],"portraits":["https:\/\/arantv.az\/wp-content\/uploads\/2023\/12\/124460.jpg",620,413,false],"thumbnail":["https:\/\/arantv.az\/wp-content\/uploads\/2023\/12\/124460-500x280.jpg",500,280,true],"medium":["https:\/\/arantv.az\/wp-content\/uploads\/2023\/12\/124460-548x365.jpg",548,365,true],"large":["https:\/\/arantv.az\/wp-content\/uploads\/2023\/12\/124460.jpg",620,413,false],"1536x1536":["https:\/\/arantv.az\/wp-content\/uploads\/2023\/12\/124460.jpg",620,413,false],"2048x2048":["https:\/\/arantv.az\/wp-content\/uploads\/2023\/12\/124460.jpg",620,413,false],"post-thumbnail":["https:\/\/arantv.az\/wp-content\/uploads\/2023\/12\/124460-240x172.jpg",240,172,true],"advps-thumb-one":["https:\/\/arantv.az\/wp-content\/uploads\/2023\/12\/124460.jpg",620,413,false]},"rttpg_author":{"display_name":"V\u00fcsal Rafiqo\u011flu","author_link":"https:\/\/arantv.az\/?author=2"},"rttpg_comment":0,"rttpg_category":"<a href=\"https:\/\/arantv.az\/?cat=4\" rel=\"category\">Siyas\u0259t<\/a>","rttpg_excerpt":"\u201c\u00d6t\u0259n d\u00f6vr\u00fcn dol\u011fun t\u0259hlilini apararaq t\u0259hsil sah\u0259sind\u0259 strateji m\u0259qs\u0259dl\u0259r\u0259 nail olmaq v\u0259 \u201cB\u00f6y\u00fck Qay\u0131d\u0131\u015fa dair I D\u00f6vl\u0259t Proqram\u0131\u201dnda n\u0259z\u0259rd\u0259 tutulmu\u015f h\u0259d\u0259fl\u0259r\u0259 \u00e7atmaq \u0259zmi il\u0259 ali m\u0259clisinizin \u0259trafl\u0131 m\u00fczakir\u0259l\u0259r \u015f\u0259raitind\u0259 m\u00fch\u00fcm q\u0259rarlar q\u0259bul ed\u0259c\u0259yin\u0259 v\u0259 \u00f6lk\u0259nin intellektual potensial\u0131n\u0131 t\u0259hsild\u0259 dayan\u0131ql\u0131 inki\u015faf namin\u0259 s\u0131x birl\u0259\u015fdir\u0259c\u0259yin\u0259 \u0259min\u0259m\u201d. AZ\u018fRTAC\u00a0x\u0259b\u0259r verir ki, bu fikirl\u0259r Prezident\u00a0\u0130lham \u018fliyevin\u00a0Az\u0259rbaycan M\u00fc\u0259lliml\u0259rinin XVI Qurultay\u0131n\u0131n i\u015ftirak\u00e7\u0131lar\u0131na&hellip;","_links":{"self":[{"href":"https:\/\/arantv.az\/index.php?rest_route=\/wp\/v2\/posts\/669132"}],"collection":[{"href":"https:\/\/arantv.az\/index.php?rest_route=\/wp\/v2\/posts"}],"about":[{"href":"https:\/\/arantv.az\/index.php?rest_route=\/wp\/v2\/types\/post"}],"author":[{"embeddable":true,"href":"https:\/\/arantv.az\/index.php?rest_route=\/wp\/v2\/users\/2"}],"replies":[{"embeddable":true,"href":"https:\/\/arantv.az\/index.php?rest_route=%2Fwp%2Fv2%2Fcomments&post=669132"}],"version-history":[{"count":0,"href":"https:\/\/arantv.az\/index.php?rest_route=\/wp\/v2\/posts\/669132\/revisions"}],"wp:featuredmedia":[{"embeddable":true,"href":"https:\/\/arantv.az\/index.php?rest_route=\/wp\/v2\/media\/669134"}],"wp:attachment":[{"href":"https:\/\/arantv.az\/index.php?rest_route=%2Fwp%2Fv2%2Fmedia&parent=669132"}],"wp:term":[{"taxonomy":"category","embeddable":true,"href":"https:\/\/arantv.az\/index.php?rest_route=%2Fwp%2Fv2%2Fcategories&post=669132"},{"taxonomy":"post_tag","embeddable":true,"href":"https:\/\/arantv.az\/index.php?rest_route=%2Fwp%2Fv2%2Ftags&post=669132"}],"curies":[{"name":"wp","href":"https:\/\/api.w.org\/{rel}","templated":true}]}}