{"id":669135,"date":"2023-12-15T11:25:13","date_gmt":"2023-12-15T07:25:13","guid":{"rendered":"https:\/\/arantv.az\/?p=669135"},"modified":"2023-12-15T11:25:13","modified_gmt":"2023-12-15T07:25:13","slug":"nazir-g%c9%99l%c9%99n-il-agdam-c%c9%99brayil-v%c9%99-k%c9%99lb%c9%99c%c9%99rd%c9%99-m%c9%99kt%c9%99bl%c9%99r-istifad%c9%99y%c9%99-veril%c9%99c%c9%99k","status":"publish","type":"post","link":"https:\/\/arantv.az\/?p=669135","title":{"rendered":"Nazir: \u201cG\u0259l\u0259n il A\u011fdam, C\u0259bray\u0131l v\u0259 K\u0259lb\u0259c\u0259rd\u0259 m\u0259kt\u0259bl\u0259r istifad\u0259y\u0259 veril\u0259c\u0259k\u201d"},"content":{"rendered":"<p>\u0130\u015f\u011faldan azad edilmi\u015f \u0259razil\u0259rd\u0259 f\u0259aliyy\u0259t g\u00f6st\u0259r\u0259n m\u0259kt\u0259bl\u0259rin say\u0131 a\u00e7\u0131qlan\u0131b.<\/p>\n<p><strong>ARANTV.AZ<\/strong>-\u0131n m\u0259lumat\u0131na g\u00f6r\u0259, bununla ba\u011fl\u0131 elm v\u0259 t\u0259hsil naziri Emin \u018fmrullayev \u00fcmummilli lider Heyd\u0259r \u018fliyevin 100 illik yubileyin\u0259 h\u0259sr olunmu\u015f Az\u0259rbaycan M\u00fc\u0259lliml\u0259rinin XVI Qurultay\u0131nda \u00e7\u0131x\u0131\u015f\u0131 zaman\u0131 dan\u0131\u015f\u0131b.<\/p>\n<p>Onun s\u00f6zl\u0259rin\u0259 g\u00f6r\u0259, \u015eu\u015fa, F\u00fczuli, Z\u0259ngilan, La\u00e7\u0131n rayonu v\u0259 \u015f\u0259h\u0259ri, T\u0259rt\u0259rin Tal\u0131\u015f v\u0259 Suqovu\u015fan k\u0259ndl\u0259rind\u0259 \u00fcmumilikd\u0259 yeddi t\u0259hsil m\u00fc\u0259ssis\u0259sind\u0259 550 \u015fagird v\u0259 84 m\u00fc\u0259llim var\u201d.<\/p>\n<p>Nazir \u0259lav\u0259 edib ki, g\u0259l\u0259n t\u0259dris ilind\u0259 A\u011fdam, C\u0259bray\u0131l v\u0259 K\u0259lb\u0259c\u0259rd\u0259 m\u0259kt\u0259bl\u0259rin istifad\u0259y\u0259 verilm\u0259si n\u0259z\u0259rd\u0259 tutulur:<\/p>\n<p>\u201cHaz\u0131rda h\u0259min m\u0259kt\u0259bl\u0259rin tikintisi davam etdirilir\u201d.<\/p>\n","protected":false},"excerpt":{"rendered":"<p>\u0130\u015f\u011faldan azad edilmi\u015f \u0259razil\u0259rd\u0259 f\u0259aliyy\u0259t g\u00f6st\u0259r\u0259n m\u0259kt\u0259bl\u0259rin say\u0131 a\u00e7\u0131qlan\u0131b. ARANTV.AZ-\u0131n m\u0259lumat\u0131na g\u00f6r\u0259, bununla ba\u011fl\u0131 elm v\u0259 t\u0259hsil naziri Emin \u018fmrullayev \u00fcmummilli lider Heyd\u0259r \u018fliyevin 100 illik yubileyin\u0259 h\u0259sr olunmu\u015f Az\u0259rbaycan M\u00fc\u0259lliml\u0259rinin XVI Qurultay\u0131nda \u00e7\u0131x\u0131\u015f\u0131 zaman\u0131 dan\u0131\u015f\u0131b. Onun s\u00f6zl\u0259rin\u0259 g\u00f6r\u0259, \u015eu\u015fa, F\u00fczuli, Z\u0259ngilan, La\u00e7\u0131n rayonu v\u0259 \u015f\u0259h\u0259ri, T\u0259rt\u0259rin Tal\u0131\u015f v\u0259 Suqovu\u015fan k\u0259ndl\u0259rind\u0259 \u00fcmumilikd\u0259 yeddi t\u0259hsil m\u00fc\u0259ssis\u0259sind\u0259 550 \u015fagird v\u0259 84 m\u00fc\u0259llim var\u201d. Nazir \u0259lav\u0259 edib ki, g\u0259l\u0259n t\u0259dris ilind\u0259 A\u011fdam, C\u0259bray\u0131l v\u0259 K\u0259lb\u0259c\u0259rd\u0259 m\u0259kt\u0259bl\u0259rin istifad\u0259y\u0259 verilm\u0259si n\u0259z\u0259rd\u0259 tutulur: \u201cHaz\u0131rda h\u0259min m\u0259kt\u0259bl\u0259rin tikintisi davam etdirilir\u201d.<\/p>\n","protected":false},"author":2,"featured_media":669127,"comment_status":"closed","ping_status":"closed","sticky":false,"template":"","format":"standard","meta":{"om_disable_all_campaigns":false,"_monsterinsights_skip_tracking":false,"_monsterinsights_sitenote_active":false,"_monsterinsights_sitenote_note":"","_monsterinsights_sitenote_category":0},"categories":[1],"tags":[],"aioseo_notices":[],"gutentor_comment":0,"rttpg_featured_image_url":{"full":["https:\/\/arantv.az\/wp-content\/uploads\/2023\/12\/e14e5829170135070628124932210999014.jpg",975,540,false],"landscape":["https:\/\/arantv.az\/wp-content\/uploads\/2023\/12\/e14e5829170135070628124932210999014.jpg",975,540,false],"portraits":["https:\/\/arantv.az\/wp-content\/uploads\/2023\/12\/e14e5829170135070628124932210999014.jpg",975,540,false],"thumbnail":["https:\/\/arantv.az\/wp-content\/uploads\/2023\/12\/e14e5829170135070628124932210999014-500x280.jpg",500,280,true],"medium":["https:\/\/arantv.az\/wp-content\/uploads\/2023\/12\/e14e5829170135070628124932210999014-660x365.jpg",660,365,true],"large":["https:\/\/arantv.az\/wp-content\/uploads\/2023\/12\/e14e5829170135070628124932210999014-840x465.jpg",640,354,true],"1536x1536":["https:\/\/arantv.az\/wp-content\/uploads\/2023\/12\/e14e5829170135070628124932210999014.jpg",975,540,false],"2048x2048":["https:\/\/arantv.az\/wp-content\/uploads\/2023\/12\/e14e5829170135070628124932210999014.jpg",975,540,false],"post-thumbnail":["https:\/\/arantv.az\/wp-content\/uploads\/2023\/12\/e14e5829170135070628124932210999014-240x172.jpg",240,172,true],"advps-thumb-one":["https:\/\/arantv.az\/wp-content\/uploads\/2023\/12\/e14e5829170135070628124932210999014.jpg",975,540,false]},"rttpg_author":{"display_name":"V\u00fcsal Rafiqo\u011flu","author_link":"https:\/\/arantv.az\/?author=2"},"rttpg_comment":0,"rttpg_category":"<a href=\"https:\/\/arantv.az\/?cat=1\" rel=\"category\">C\u0259miyy\u0259t<\/a>","rttpg_excerpt":"\u0130\u015f\u011faldan azad edilmi\u015f \u0259razil\u0259rd\u0259 f\u0259aliyy\u0259t g\u00f6st\u0259r\u0259n m\u0259kt\u0259bl\u0259rin say\u0131 a\u00e7\u0131qlan\u0131b. ARANTV.AZ-\u0131n m\u0259lumat\u0131na g\u00f6r\u0259, bununla ba\u011fl\u0131 elm v\u0259 t\u0259hsil naziri Emin \u018fmrullayev \u00fcmummilli lider Heyd\u0259r \u018fliyevin 100 illik yubileyin\u0259 h\u0259sr olunmu\u015f Az\u0259rbaycan M\u00fc\u0259lliml\u0259rinin XVI Qurultay\u0131nda \u00e7\u0131x\u0131\u015f\u0131 zaman\u0131 dan\u0131\u015f\u0131b. Onun s\u00f6zl\u0259rin\u0259 g\u00f6r\u0259, \u015eu\u015fa, F\u00fczuli, Z\u0259ngilan, La\u00e7\u0131n rayonu v\u0259 \u015f\u0259h\u0259ri, T\u0259rt\u0259rin Tal\u0131\u015f v\u0259 Suqovu\u015fan k\u0259ndl\u0259rind\u0259 \u00fcmumilikd\u0259 yeddi t\u0259hsil m\u00fc\u0259ssis\u0259sind\u0259&hellip;","_links":{"self":[{"href":"https:\/\/arantv.az\/index.php?rest_route=\/wp\/v2\/posts\/669135"}],"collection":[{"href":"https:\/\/arantv.az\/index.php?rest_route=\/wp\/v2\/posts"}],"about":[{"href":"https:\/\/arantv.az\/index.php?rest_route=\/wp\/v2\/types\/post"}],"author":[{"embeddable":true,"href":"https:\/\/arantv.az\/index.php?rest_route=\/wp\/v2\/users\/2"}],"replies":[{"embeddable":true,"href":"https:\/\/arantv.az\/index.php?rest_route=%2Fwp%2Fv2%2Fcomments&post=669135"}],"version-history":[{"count":0,"href":"https:\/\/arantv.az\/index.php?rest_route=\/wp\/v2\/posts\/669135\/revisions"}],"wp:featuredmedia":[{"embeddable":true,"href":"https:\/\/arantv.az\/index.php?rest_route=\/wp\/v2\/media\/669127"}],"wp:attachment":[{"href":"https:\/\/arantv.az\/index.php?rest_route=%2Fwp%2Fv2%2Fmedia&parent=669135"}],"wp:term":[{"taxonomy":"category","embeddable":true,"href":"https:\/\/arantv.az\/index.php?rest_route=%2Fwp%2Fv2%2Fcategories&post=669135"},{"taxonomy":"post_tag","embeddable":true,"href":"https:\/\/arantv.az\/index.php?rest_route=%2Fwp%2Fv2%2Ftags&post=669135"}],"curies":[{"name":"wp","href":"https:\/\/api.w.org\/{rel}","templated":true}]}}