{"id":669137,"date":"2023-12-15T11:25:54","date_gmt":"2023-12-15T07:25:54","guid":{"rendered":"https:\/\/arantv.az\/?p=669137"},"modified":"2023-12-15T11:25:54","modified_gmt":"2023-12-15T07:25:54","slug":"az%c9%99rbaycan-prezidenti-mu%c9%99llim-pes%c9%99sinin-ictimai-nufuzunun-mohk%c9%99ml%c9%99ndirilm%c9%99si-r%c9%99gb%c9%99tl%c9%99-qarsilanir","status":"publish","type":"post","link":"https:\/\/arantv.az\/?p=669137","title":{"rendered":"Az\u0259rbaycan Prezidenti: \u201cM\u00fc\u0259llim pe\u015f\u0259sinin ictimai n\u00fcfuzunun m\u00f6hk\u0259ml\u0259ndirilm\u0259si r\u0259\u011fb\u0259tl\u0259 qar\u015f\u0131lan\u0131r\u201d"},"content":{"rendered":"<p>\u201cAz\u0259rbaycan Respublikas\u0131nda t\u0259hsilin inki\u015faf\u0131 \u00fczr\u0259 D\u00f6vl\u0259t Strategiyas\u0131\u201dn\u0131n icras\u0131na ba\u015flan\u0131lmas\u0131ndan b\u0259ri ke\u00e7\u0259n m\u00fcdd\u0259td\u0259 t\u0259hsilin b\u00fct\u00fcn pill\u0259 v\u0259 s\u0259viyy\u0259l\u0259rind\u0259 innovativ t\u0259\u015f\u0259bb\u00fcsl\u0259rin t\u0259tbiqi geni\u015fl\u0259ndirilmi\u015fdir. T\u0259hsil sistemind\u0259 idar\u0259etm\u0259nin qabaqc\u0131l d\u00fcnya t\u0259cr\u00fcb\u0259sin\u0259 uy\u011fun t\u0259kmill\u0259\u015fdirilm\u0259sin\u0259, universitetl\u0259rimizin beyn\u0259lxalq reytinq c\u0259dv\u0259ll\u0259rind\u0259 ir\u0259lil\u0259m\u0259sin\u0259, t\u0259hsilin elml\u0259 inteqrasiyas\u0131n\u0131n d\u0259rinl\u0259\u015fdirilm\u0259sin\u0259 daim x\u00fcsusi diqq\u0259t yetirilir\u201d.<\/p>\n<p><a href=\"https:\/\/azertag.az\/xeber\/azerbaycan_prezidenti_muellim_pesesinin_ictimai_nufuzunun_mohkemlendirilmesi_regbetle_qarsilanir-2851718\" target=\"_blank\" rel=\"noopener\">AZ\u018fRTAC<\/a>\u00a0x\u0259b\u0259r verir ki, bu fikirl\u0259r Prezident\u00a0<strong>\u0130lham \u018fliyevin<\/strong>\u00a0Az\u0259rbaycan M\u00fc\u0259lliml\u0259rinin XVI Qurultay\u0131n\u0131n i\u015ftirak\u00e7\u0131lar\u0131na t\u0259brik m\u0259ktubunda yer al\u0131b.<\/p>\n<p>\u201cKadr ehtiyat\u0131n\u0131n s\u0259ri\u015ft\u0259lilik bax\u0131m\u0131ndan g\u00fccl\u0259ndirilm\u0259si, m\u00fc\u0259llim pe\u015f\u0259sinin ictimai n\u00fcfuzunun m\u00f6hk\u0259ml\u0259ndirilm\u0259si v\u0259 m\u00fc\u0259llim f\u0259aliyy\u0259tinin qiym\u0259tl\u0259ndirilm\u0259si istiqam\u0259tind\u0259 h\u0259yata ke\u00e7iril\u0259n t\u0259dbirl\u0259r ictimaiyy\u0259t t\u0259r\u0259find\u0259n r\u0259\u011fb\u0259tl\u0259 qar\u015f\u0131lan\u0131r\u201d, &#8211; dey\u0259 Prezident \u0130lham \u018fliyevin m\u0259ktubunda qeyd olunub.<\/p>\n","protected":false},"excerpt":{"rendered":"<p>\u201cAz\u0259rbaycan Respublikas\u0131nda t\u0259hsilin inki\u015faf\u0131 \u00fczr\u0259 D\u00f6vl\u0259t Strategiyas\u0131\u201dn\u0131n icras\u0131na ba\u015flan\u0131lmas\u0131ndan b\u0259ri ke\u00e7\u0259n m\u00fcdd\u0259td\u0259 t\u0259hsilin b\u00fct\u00fcn pill\u0259 v\u0259 s\u0259viyy\u0259l\u0259rind\u0259 innovativ t\u0259\u015f\u0259bb\u00fcsl\u0259rin t\u0259tbiqi geni\u015fl\u0259ndirilmi\u015fdir. T\u0259hsil sistemind\u0259 idar\u0259etm\u0259nin qabaqc\u0131l d\u00fcnya t\u0259cr\u00fcb\u0259sin\u0259 uy\u011fun t\u0259kmill\u0259\u015fdirilm\u0259sin\u0259, universitetl\u0259rimizin beyn\u0259lxalq reytinq c\u0259dv\u0259ll\u0259rind\u0259 ir\u0259lil\u0259m\u0259sin\u0259, t\u0259hsilin elml\u0259 inteqrasiyas\u0131n\u0131n d\u0259rinl\u0259\u015fdirilm\u0259sin\u0259 daim x\u00fcsusi diqq\u0259t yetirilir\u201d. AZ\u018fRTAC\u00a0x\u0259b\u0259r verir ki, bu fikirl\u0259r Prezident\u00a0\u0130lham \u018fliyevin\u00a0Az\u0259rbaycan M\u00fc\u0259lliml\u0259rinin XVI Qurultay\u0131n\u0131n i\u015ftirak\u00e7\u0131lar\u0131na t\u0259brik m\u0259ktubunda yer al\u0131b. \u201cKadr ehtiyat\u0131n\u0131n s\u0259ri\u015ft\u0259lilik bax\u0131m\u0131ndan g\u00fccl\u0259ndirilm\u0259si, m\u00fc\u0259llim pe\u015f\u0259sinin ictimai n\u00fcfuzunun m\u00f6hk\u0259ml\u0259ndirilm\u0259si v\u0259 m\u00fc\u0259llim f\u0259aliyy\u0259tinin qiym\u0259tl\u0259ndirilm\u0259si istiqam\u0259tind\u0259 h\u0259yata ke\u00e7iril\u0259n t\u0259dbirl\u0259r ictimaiyy\u0259t t\u0259r\u0259find\u0259n r\u0259\u011fb\u0259tl\u0259 qar\u015f\u0131lan\u0131r\u201d, &#8211; dey\u0259 Prezident \u0130lham \u018fliyevin m\u0259ktubunda qeyd olunub.<\/p>\n","protected":false},"author":2,"featured_media":669139,"comment_status":"closed","ping_status":"closed","sticky":false,"template":"","format":"standard","meta":{"om_disable_all_campaigns":false,"_monsterinsights_skip_tracking":false,"_monsterinsights_sitenote_active":false,"_monsterinsights_sitenote_note":"","_monsterinsights_sitenote_category":0},"categories":[4],"tags":[],"aioseo_notices":[],"gutentor_comment":0,"rttpg_featured_image_url":{"full":["https:\/\/arantv.az\/wp-content\/uploads\/2023\/12\/16017394531712422946_1000x669.jpg",620,413,false],"landscape":["https:\/\/arantv.az\/wp-content\/uploads\/2023\/12\/16017394531712422946_1000x669.jpg",620,413,false],"portraits":["https:\/\/arantv.az\/wp-content\/uploads\/2023\/12\/16017394531712422946_1000x669.jpg",620,413,false],"thumbnail":["https:\/\/arantv.az\/wp-content\/uploads\/2023\/12\/16017394531712422946_1000x669-500x280.jpg",500,280,true],"medium":["https:\/\/arantv.az\/wp-content\/uploads\/2023\/12\/16017394531712422946_1000x669-548x365.jpg",548,365,true],"large":["https:\/\/arantv.az\/wp-content\/uploads\/2023\/12\/16017394531712422946_1000x669.jpg",620,413,false],"1536x1536":["https:\/\/arantv.az\/wp-content\/uploads\/2023\/12\/16017394531712422946_1000x669.jpg",620,413,false],"2048x2048":["https:\/\/arantv.az\/wp-content\/uploads\/2023\/12\/16017394531712422946_1000x669.jpg",620,413,false],"post-thumbnail":["https:\/\/arantv.az\/wp-content\/uploads\/2023\/12\/16017394531712422946_1000x669-240x172.jpg",240,172,true],"advps-thumb-one":["https:\/\/arantv.az\/wp-content\/uploads\/2023\/12\/16017394531712422946_1000x669.jpg",620,413,false]},"rttpg_author":{"display_name":"V\u00fcsal Rafiqo\u011flu","author_link":"https:\/\/arantv.az\/?author=2"},"rttpg_comment":0,"rttpg_category":"<a href=\"https:\/\/arantv.az\/?cat=4\" rel=\"category\">Siyas\u0259t<\/a>","rttpg_excerpt":"\u201cAz\u0259rbaycan Respublikas\u0131nda t\u0259hsilin inki\u015faf\u0131 \u00fczr\u0259 D\u00f6vl\u0259t Strategiyas\u0131\u201dn\u0131n icras\u0131na ba\u015flan\u0131lmas\u0131ndan b\u0259ri ke\u00e7\u0259n m\u00fcdd\u0259td\u0259 t\u0259hsilin b\u00fct\u00fcn pill\u0259 v\u0259 s\u0259viyy\u0259l\u0259rind\u0259 innovativ t\u0259\u015f\u0259bb\u00fcsl\u0259rin t\u0259tbiqi geni\u015fl\u0259ndirilmi\u015fdir. T\u0259hsil sistemind\u0259 idar\u0259etm\u0259nin qabaqc\u0131l d\u00fcnya t\u0259cr\u00fcb\u0259sin\u0259 uy\u011fun t\u0259kmill\u0259\u015fdirilm\u0259sin\u0259, universitetl\u0259rimizin beyn\u0259lxalq reytinq c\u0259dv\u0259ll\u0259rind\u0259 ir\u0259lil\u0259m\u0259sin\u0259, t\u0259hsilin elml\u0259 inteqrasiyas\u0131n\u0131n d\u0259rinl\u0259\u015fdirilm\u0259sin\u0259 daim x\u00fcsusi diqq\u0259t yetirilir\u201d. AZ\u018fRTAC\u00a0x\u0259b\u0259r verir ki, bu fikirl\u0259r Prezident\u00a0\u0130lham \u018fliyevin\u00a0Az\u0259rbaycan M\u00fc\u0259lliml\u0259rinin XVI Qurultay\u0131n\u0131n i\u015ftirak\u00e7\u0131lar\u0131na t\u0259brik m\u0259ktubunda&hellip;","_links":{"self":[{"href":"https:\/\/arantv.az\/index.php?rest_route=\/wp\/v2\/posts\/669137"}],"collection":[{"href":"https:\/\/arantv.az\/index.php?rest_route=\/wp\/v2\/posts"}],"about":[{"href":"https:\/\/arantv.az\/index.php?rest_route=\/wp\/v2\/types\/post"}],"author":[{"embeddable":true,"href":"https:\/\/arantv.az\/index.php?rest_route=\/wp\/v2\/users\/2"}],"replies":[{"embeddable":true,"href":"https:\/\/arantv.az\/index.php?rest_route=%2Fwp%2Fv2%2Fcomments&post=669137"}],"version-history":[{"count":0,"href":"https:\/\/arantv.az\/index.php?rest_route=\/wp\/v2\/posts\/669137\/revisions"}],"wp:featuredmedia":[{"embeddable":true,"href":"https:\/\/arantv.az\/index.php?rest_route=\/wp\/v2\/media\/669139"}],"wp:attachment":[{"href":"https:\/\/arantv.az\/index.php?rest_route=%2Fwp%2Fv2%2Fmedia&parent=669137"}],"wp:term":[{"taxonomy":"category","embeddable":true,"href":"https:\/\/arantv.az\/index.php?rest_route=%2Fwp%2Fv2%2Fcategories&post=669137"},{"taxonomy":"post_tag","embeddable":true,"href":"https:\/\/arantv.az\/index.php?rest_route=%2Fwp%2Fv2%2Ftags&post=669137"}],"curies":[{"name":"wp","href":"https:\/\/api.w.org\/{rel}","templated":true}]}}