{"id":669140,"date":"2023-12-15T11:26:25","date_gmt":"2023-12-15T07:26:25","guid":{"rendered":"https:\/\/arantv.az\/?p=669140"},"modified":"2023-12-15T11:26:25","modified_gmt":"2023-12-15T07:26:25","slug":"ilham-%c9%99liyev-az%c9%99rbaycan-mu%c9%99lliml%c9%99rinin-xvi-qurultayinin-istirakcilarina-t%c9%99brik-m%c9%99ktubu-unvanlayib","status":"publish","type":"post","link":"https:\/\/arantv.az\/?p=669140","title":{"rendered":"\u0130lham \u018fliyev Az\u0259rbaycan M\u00fc\u0259lliml\u0259rinin XVI Qurultay\u0131n\u0131n i\u015ftirak\u00e7\u0131lar\u0131na t\u0259brik m\u0259ktubu \u00fcnvanlay\u0131b"},"content":{"rendered":"<p>Prezident\u00a0<strong>\u0130lham \u018fliyev<\/strong>\u00a0Az\u0259rbaycan M\u00fc\u0259lliml\u0259rinin XVI Qurultay\u0131n\u0131n i\u015ftirak\u00e7\u0131lar\u0131na t\u0259brik m\u0259ktubu \u00fcnvanlay\u0131b.<\/p>\n<p>Bununla ba\u011fl\u0131\u00a0<a href=\"https:\/\/president.az\/az\/articles\/view\/62555\" target=\"_blank\" rel=\"noopener\"><strong>President.az<\/strong><\/a>\u00a0m\u0259lumat yay\u0131b.<\/p>\n<p>M\u00fcraci\u0259td\u0259 deyilir:<\/p>\n<p>\u201cAz\u0259rbaycan M\u00fc\u0259lliml\u0259rinin XVI Qurultay\u0131n\u0131n \u00f6z i\u015fin\u0259 ba\u015flamas\u0131 m\u00fcnasib\u0259til\u0259 sizi \u00fcr\u0259kd\u0259n salamlay\u0131r, \u00f6lk\u0259mizin t\u0259hsil i\u015f\u00e7il\u0259rin\u0259 \u0259n xo\u015f arzular\u0131m\u0131 yetirir, ham\u0131n\u0131za cansa\u011fl\u0131\u011f\u0131 v\u0259 \u015f\u0259r\u0259fli f\u0259aliyy\u0259tinizd\u0259 yeni nailiyy\u0259tl\u0259r arzulay\u0131ram.<\/p>\n<p>Bu qurultay \u201cHeyd\u0259r \u018fliyev \u0130li\u201d \u00e7\u0259r\u00e7iv\u0259sind\u0259 ke\u00e7irilm\u0259si v\u0259 \u00fcmummilli liderin 100 illik yubileyin\u0259 h\u0259sr olunmas\u0131 il\u0259 \u0259lam\u0259tdard\u0131r. Ulu \u00f6nd\u0259r geni\u015fmiqyasl\u0131 f\u0259aliyy\u0259tind\u0259 t\u0259hsilin dinamik inki\u015faf\u0131na h\u0259mi\u015f\u0259 h\u0259ssasl\u0131qla yana\u015fm\u0131\u015f v\u0259 misilsiz qay\u011f\u0131 g\u00f6st\u0259rmi\u015fdir. T\u0259hsil ocaqlar\u0131m\u0131z y\u00fcks\u0259li\u015f m\u0259rh\u0259l\u0259l\u0259rini m\u0259hz Heyd\u0259r \u018fliyevin r\u0259hb\u0259rliyi d\u00f6vr\u00fcnd\u0259 ya\u015fam\u0131\u015fd\u0131r. Milli t\u0259hsild\u0259 zaman\u0131n \u00e7a\u011f\u0131r\u0131\u015flar\u0131na m\u00fcvafiq, g\u0259l\u0259c\u0259k perspektivl\u0259r y\u00f6n\u00fcnd\u0259 at\u0131lan u\u011furlu add\u0131mlar h\u0259min d\u00f6vrd\u0259 ard\u0131c\u0131l sur\u0259td\u0259 ger\u00e7\u0259kl\u0259\u015fdirilmi\u015f d\u00f6vl\u0259t siyas\u0259tinin n\u0259tic\u0259sidir.<\/p>\n<p>\u201cAz\u0259rbaycan Respublikas\u0131nda t\u0259hsilin inki\u015faf\u0131 \u00fczr\u0259 D\u00f6vl\u0259t Strategiyas\u0131\u201dn\u0131n icras\u0131na ba\u015flan\u0131lmas\u0131ndan b\u0259ri ke\u00e7\u0259n m\u00fcdd\u0259td\u0259 t\u0259hsilin b\u00fct\u00fcn pill\u0259 v\u0259 s\u0259viyy\u0259l\u0259rind\u0259 innovativ t\u0259\u015f\u0259bb\u00fcsl\u0259rin t\u0259tbiqi geni\u015fl\u0259ndirilmi\u015fdir. T\u0259hsil sistemind\u0259 idar\u0259etm\u0259nin qabaqc\u0131l d\u00fcnya t\u0259cr\u00fcb\u0259sin\u0259 uy\u011fun t\u0259kmill\u0259\u015fdirilm\u0259sin\u0259, universitetl\u0259rimizin beyn\u0259lxalq reytinq c\u0259dv\u0259ll\u0259rind\u0259 ir\u0259lil\u0259m\u0259sin\u0259, t\u0259hsilin elml\u0259 inteqrasiyas\u0131n\u0131n d\u0259rinl\u0259\u015fdirilm\u0259sin\u0259 daim x\u00fcsusi diqq\u0259t yetirilir. Kadr ehtiyat\u0131n\u0131n s\u0259ri\u015ft\u0259lilik bax\u0131m\u0131ndan g\u00fccl\u0259ndirilm\u0259si, m\u00fc\u0259llim pe\u015f\u0259sinin ictimai n\u00fcfuzunun m\u00f6hk\u0259ml\u0259ndirilm\u0259si v\u0259 m\u00fc\u0259llim f\u0259aliyy\u0259tinin qiym\u0259tl\u0259ndirilm\u0259si istiqam\u0259tind\u0259 h\u0259yata ke\u00e7iril\u0259n t\u0259dbirl\u0259r ictimaiyy\u0259t t\u0259r\u0259find\u0259n r\u0259\u011fb\u0259tl\u0259 qar\u015f\u0131lan\u0131r.<\/p>\n<p>Az\u0259rbaycan t\u0259hsil sisteminin m\u00fct\u0259r\u0259qqi beyn\u0259lxalq meyarlara \u0259saslanmas\u0131 r\u0259qab\u0259tqabiliyy\u0259tli insan kapital\u0131n\u0131n haz\u0131rlanmas\u0131 prosesin\u0259 t\u00f6hf\u0259sini verm\u0259kd\u0259dir. \u0130stedadl\u0131 g\u0259ncl\u0259rimizin xarici \u00f6lk\u0259l\u0259rin tan\u0131nm\u0131\u015f ali t\u0259hsil m\u00fc\u0259ssis\u0259l\u0259rind\u0259 t\u0259hsil almalar\u0131na d\u00f6vl\u0259timiz h\u0259r bir laz\u0131mi d\u0259st\u0259yi t\u0259min edir.<\/p>\n<p>V\u0259t\u0259n m\u00fcharib\u0259sind\u0259ki parlaq q\u0259l\u0259b\u0259mizd\u0259n d\u0259rhal sonra azad olunmu\u015f \u0259razil\u0259rimizd\u0259 \u0259n m\u00fcasir standartlarla tikil\u0259n m\u0259kt\u0259bl\u0259r art\u0131q f\u0259aliyy\u0259td\u0259dir. Bu m\u0259kt\u0259bl\u0259rd\u0259 g\u0259l\u0259c\u0259yimizin layiqli v\u0259t\u0259nda\u015flar\u0131 oxuyurlar. Yeni yarad\u0131lan Qaraba\u011f Universiteti is\u0259, \u015f\u00fcbh\u0259siz, regionda tarix\u0259n m\u00f6vcud olmu\u015f t\u0259hsil m\u00fchitini \u00e7ox yax\u0131n vaxtda canland\u0131racaqd\u0131r.<\/p>\n<p>\u00d6t\u0259n d\u00f6vr\u00fcn dol\u011fun t\u0259hlilini apararaq t\u0259hsil sah\u0259sind\u0259 strateji m\u0259qs\u0259dl\u0259r\u0259 nail olmaq v\u0259 \u201cB\u00f6y\u00fck Qay\u0131d\u0131\u015fa dair I D\u00f6vl\u0259t Proqram\u0131\u201dnda n\u0259z\u0259rd\u0259 tutulmu\u015f h\u0259d\u0259fl\u0259r\u0259 \u00e7atmaq \u0259zmi il\u0259 ali m\u0259clisinizin \u0259trafl\u0131 m\u00fczakir\u0259l\u0259r \u015f\u0259raitind\u0259 m\u00fch\u00fcm q\u0259rarlar q\u0259bul ed\u0259c\u0259yin\u0259 v\u0259 \u00f6lk\u0259nin intellektual potensial\u0131n\u0131 t\u0259hsild\u0259 dayan\u0131ql\u0131 inki\u015faf namin\u0259 s\u0131x birl\u0259\u015fdir\u0259c\u0259yin\u0259 \u0259min\u0259m.<\/p>\n<p>\u0130nan\u0131ram ki, xalq\u0131m\u0131za Z\u0259f\u0259r sevinci ya\u015fadan igid v\u0259 q\u0259hr\u0259man \u00f6vladlar\u0131m\u0131z\u0131n formala\u015fmas\u0131 namin\u0259 m\u00fcst\u0259sna \u0259m\u0259k s\u0259rf etmi\u015f f\u0259dakar m\u00fc\u0259lliml\u0259rimiz g\u0259nc n\u0259sl\u0259 bundan sonra da m\u00fck\u0259mm\u0259l bilik verm\u0259kl\u0259 yana\u015f\u0131, onlar\u0131n milli-m\u0259n\u0259vi d\u0259y\u0259rl\u0259r\u0259 ba\u011fl\u0131l\u0131q v\u0259 az\u0259rbaycan\u00e7\u0131l\u0131q m\u0259fkur\u0259si ruhunda b\u00f6y\u00fcm\u0259l\u0259ri \u00fc\u00e7\u00fcn var q\u00fcvv\u0259 il\u0259 \u00e7al\u0131\u015facaqlar\u201d.<\/p>\n","protected":false},"excerpt":{"rendered":"<p>Prezident\u00a0\u0130lham \u018fliyev\u00a0Az\u0259rbaycan M\u00fc\u0259lliml\u0259rinin XVI Qurultay\u0131n\u0131n i\u015ftirak\u00e7\u0131lar\u0131na t\u0259brik m\u0259ktubu \u00fcnvanlay\u0131b. Bununla ba\u011fl\u0131\u00a0President.az\u00a0m\u0259lumat yay\u0131b. M\u00fcraci\u0259td\u0259 deyilir: \u201cAz\u0259rbaycan M\u00fc\u0259lliml\u0259rinin XVI Qurultay\u0131n\u0131n \u00f6z i\u015fin\u0259 ba\u015flamas\u0131 m\u00fcnasib\u0259til\u0259 sizi \u00fcr\u0259kd\u0259n salamlay\u0131r, \u00f6lk\u0259mizin t\u0259hsil i\u015f\u00e7il\u0259rin\u0259 \u0259n xo\u015f arzular\u0131m\u0131 yetirir, ham\u0131n\u0131za cansa\u011fl\u0131\u011f\u0131 v\u0259 \u015f\u0259r\u0259fli f\u0259aliyy\u0259tinizd\u0259 yeni nailiyy\u0259tl\u0259r arzulay\u0131ram. Bu qurultay \u201cHeyd\u0259r \u018fliyev \u0130li\u201d \u00e7\u0259r\u00e7iv\u0259sind\u0259 ke\u00e7irilm\u0259si v\u0259 \u00fcmummilli liderin 100 illik yubileyin\u0259 h\u0259sr olunmas\u0131 il\u0259 \u0259lam\u0259tdard\u0131r. Ulu \u00f6nd\u0259r geni\u015fmiqyasl\u0131 f\u0259aliyy\u0259tind\u0259 t\u0259hsilin dinamik inki\u015faf\u0131na h\u0259mi\u015f\u0259 h\u0259ssasl\u0131qla yana\u015fm\u0131\u015f v\u0259 misilsiz qay\u011f\u0131 g\u00f6st\u0259rmi\u015fdir. T\u0259hsil ocaqlar\u0131m\u0131z y\u00fcks\u0259li\u015f m\u0259rh\u0259l\u0259l\u0259rini m\u0259hz Heyd\u0259r \u018fliyevin r\u0259hb\u0259rliyi d\u00f6vr\u00fcnd\u0259 ya\u015fam\u0131\u015fd\u0131r. Milli t\u0259hsild\u0259 zaman\u0131n \u00e7a\u011f\u0131r\u0131\u015flar\u0131na m\u00fcvafiq, g\u0259l\u0259c\u0259k perspektivl\u0259r y\u00f6n\u00fcnd\u0259 at\u0131lan&hellip;<\/p>\n","protected":false},"author":2,"featured_media":669143,"comment_status":"closed","ping_status":"closed","sticky":false,"template":"","format":"standard","meta":{"om_disable_all_campaigns":false,"_monsterinsights_skip_tracking":false,"_monsterinsights_sitenote_active":false,"_monsterinsights_sitenote_note":"","_monsterinsights_sitenote_category":0},"categories":[4],"tags":[],"aioseo_notices":[],"gutentor_comment":0,"rttpg_featured_image_url":{"full":["https:\/\/arantv.az\/wp-content\/uploads\/2023\/12\/5f44a63353c24-t0shxN7_yPUZws0.jpg",620,413,false],"landscape":["https:\/\/arantv.az\/wp-content\/uploads\/2023\/12\/5f44a63353c24-t0shxN7_yPUZws0.jpg",620,413,false],"portraits":["https:\/\/arantv.az\/wp-content\/uploads\/2023\/12\/5f44a63353c24-t0shxN7_yPUZws0.jpg",620,413,false],"thumbnail":["https:\/\/arantv.az\/wp-content\/uploads\/2023\/12\/5f44a63353c24-t0shxN7_yPUZws0-500x280.jpg",500,280,true],"medium":["https:\/\/arantv.az\/wp-content\/uploads\/2023\/12\/5f44a63353c24-t0shxN7_yPUZws0-548x365.jpg",548,365,true],"large":["https:\/\/arantv.az\/wp-content\/uploads\/2023\/12\/5f44a63353c24-t0shxN7_yPUZws0.jpg",620,413,false],"1536x1536":["https:\/\/arantv.az\/wp-content\/uploads\/2023\/12\/5f44a63353c24-t0shxN7_yPUZws0.jpg",620,413,false],"2048x2048":["https:\/\/arantv.az\/wp-content\/uploads\/2023\/12\/5f44a63353c24-t0shxN7_yPUZws0.jpg",620,413,false],"post-thumbnail":["https:\/\/arantv.az\/wp-content\/uploads\/2023\/12\/5f44a63353c24-t0shxN7_yPUZws0-240x172.jpg",240,172,true],"advps-thumb-one":["https:\/\/arantv.az\/wp-content\/uploads\/2023\/12\/5f44a63353c24-t0shxN7_yPUZws0.jpg",620,413,false]},"rttpg_author":{"display_name":"V\u00fcsal Rafiqo\u011flu","author_link":"https:\/\/arantv.az\/?author=2"},"rttpg_comment":0,"rttpg_category":"<a href=\"https:\/\/arantv.az\/?cat=4\" rel=\"category\">Siyas\u0259t<\/a>","rttpg_excerpt":"Prezident\u00a0\u0130lham \u018fliyev\u00a0Az\u0259rbaycan M\u00fc\u0259lliml\u0259rinin XVI Qurultay\u0131n\u0131n i\u015ftirak\u00e7\u0131lar\u0131na t\u0259brik m\u0259ktubu \u00fcnvanlay\u0131b. Bununla ba\u011fl\u0131\u00a0President.az\u00a0m\u0259lumat yay\u0131b. M\u00fcraci\u0259td\u0259 deyilir: \u201cAz\u0259rbaycan M\u00fc\u0259lliml\u0259rinin XVI Qurultay\u0131n\u0131n \u00f6z i\u015fin\u0259 ba\u015flamas\u0131 m\u00fcnasib\u0259til\u0259 sizi \u00fcr\u0259kd\u0259n salamlay\u0131r, \u00f6lk\u0259mizin t\u0259hsil i\u015f\u00e7il\u0259rin\u0259 \u0259n xo\u015f arzular\u0131m\u0131 yetirir, ham\u0131n\u0131za cansa\u011fl\u0131\u011f\u0131 v\u0259 \u015f\u0259r\u0259fli f\u0259aliyy\u0259tinizd\u0259 yeni nailiyy\u0259tl\u0259r arzulay\u0131ram. Bu qurultay \u201cHeyd\u0259r \u018fliyev \u0130li\u201d \u00e7\u0259r\u00e7iv\u0259sind\u0259 ke\u00e7irilm\u0259si v\u0259 \u00fcmummilli liderin 100 illik yubileyin\u0259 h\u0259sr olunmas\u0131&hellip;","_links":{"self":[{"href":"https:\/\/arantv.az\/index.php?rest_route=\/wp\/v2\/posts\/669140"}],"collection":[{"href":"https:\/\/arantv.az\/index.php?rest_route=\/wp\/v2\/posts"}],"about":[{"href":"https:\/\/arantv.az\/index.php?rest_route=\/wp\/v2\/types\/post"}],"author":[{"embeddable":true,"href":"https:\/\/arantv.az\/index.php?rest_route=\/wp\/v2\/users\/2"}],"replies":[{"embeddable":true,"href":"https:\/\/arantv.az\/index.php?rest_route=%2Fwp%2Fv2%2Fcomments&post=669140"}],"version-history":[{"count":0,"href":"https:\/\/arantv.az\/index.php?rest_route=\/wp\/v2\/posts\/669140\/revisions"}],"wp:featuredmedia":[{"embeddable":true,"href":"https:\/\/arantv.az\/index.php?rest_route=\/wp\/v2\/media\/669143"}],"wp:attachment":[{"href":"https:\/\/arantv.az\/index.php?rest_route=%2Fwp%2Fv2%2Fmedia&parent=669140"}],"wp:term":[{"taxonomy":"category","embeddable":true,"href":"https:\/\/arantv.az\/index.php?rest_route=%2Fwp%2Fv2%2Fcategories&post=669140"},{"taxonomy":"post_tag","embeddable":true,"href":"https:\/\/arantv.az\/index.php?rest_route=%2Fwp%2Fv2%2Ftags&post=669140"}],"curies":[{"name":"wp","href":"https:\/\/api.w.org\/{rel}","templated":true}]}}