{"id":669142,"date":"2023-12-15T11:26:51","date_gmt":"2023-12-15T07:26:51","guid":{"rendered":"https:\/\/arantv.az\/?p=669142"},"modified":"2023-12-15T11:26:51","modified_gmt":"2023-12-15T07:26:51","slug":"prezident-t%c9%99hsil-ocaqlarimiz-yuks%c9%99lis-m%c9%99rh%c9%99l%c9%99l%c9%99rini-m%c9%99hz-heyd%c9%99r-%c9%99liyevin-r%c9%99hb%c9%99rliyi-dovrund%c9%99-yasayib","status":"publish","type":"post","link":"https:\/\/arantv.az\/?p=669142","title":{"rendered":"Prezident: \u201cT\u0259hsil ocaqlar\u0131m\u0131z y\u00fcks\u0259li\u015f m\u0259rh\u0259l\u0259l\u0259rini m\u0259hz Heyd\u0259r \u018fliyevin r\u0259hb\u0259rliyi d\u00f6vr\u00fcnd\u0259 ya\u015fay\u0131b\u201d"},"content":{"rendered":"<p>\u201cBu qurultay \u201cHeyd\u0259r \u018fliyev \u0130li\u201d \u00e7\u0259r\u00e7iv\u0259sind\u0259 ke\u00e7irilm\u0259si v\u0259 \u00fcmummilli liderin 100 illik yubileyin\u0259 h\u0259sr olunmas\u0131 il\u0259 \u0259lam\u0259tdard\u0131r\u201d.<\/p>\n<p><a href=\"https:\/\/azertag.az\/xeber\/prezident_ilham_eliyev_azerbaycan_muellimlerinin_xvi_qurultayi_heyder_eliyev_ili_cherchivesinde_kechirilmesi_ile_elametdardir-2851706\" target=\"_blank\" rel=\"noopener\">AZ\u018fRTAC<\/a>\u00a0x\u0259b\u0259r verir ki, bu fikirl\u0259r Prezident\u00a0<strong>\u0130lham \u018fliyevin<\/strong>\u00a0Az\u0259rbaycan M\u00fc\u0259lliml\u0259rinin XVI Qurultay\u0131n\u0131n i\u015ftirak\u00e7\u0131lar\u0131na t\u0259brik m\u0259ktubunda yer al\u0131b.<\/p>\n<p>\u201cUlu \u00f6nd\u0259r geni\u015fmiqyasl\u0131 f\u0259aliyy\u0259tind\u0259 t\u0259hsilin dinamik inki\u015faf\u0131na h\u0259mi\u015f\u0259 h\u0259ssasl\u0131qla yana\u015fm\u0131\u015f v\u0259 misilsiz qay\u011f\u0131 g\u00f6st\u0259rib. T\u0259hsil ocaqlar\u0131m\u0131z y\u00fcks\u0259li\u015f m\u0259rh\u0259l\u0259l\u0259rini m\u0259hz Heyd\u0259r \u018fliyevin r\u0259hb\u0259rliyi d\u00f6vr\u00fcnd\u0259 ya\u015fay\u0131b. Milli t\u0259hsild\u0259 zaman\u0131n \u00e7a\u011f\u0131r\u0131\u015flar\u0131na m\u00fcvafiq, g\u0259l\u0259c\u0259k perspektivl\u0259r y\u00f6n\u00fcnd\u0259 at\u0131lan u\u011furlu add\u0131mlar h\u0259min d\u00f6vrd\u0259 ard\u0131c\u0131l sur\u0259td\u0259 ger\u00e7\u0259kl\u0259\u015fdirilmi\u015f d\u00f6vl\u0259t siyas\u0259tinin n\u0259tic\u0259sidir\u201d, &#8211; dey\u0259 Prezident \u0130lham \u018fliyevin m\u0259ktubda qeyd olunub.<\/p>\n","protected":false},"excerpt":{"rendered":"<p>\u201cBu qurultay \u201cHeyd\u0259r \u018fliyev \u0130li\u201d \u00e7\u0259r\u00e7iv\u0259sind\u0259 ke\u00e7irilm\u0259si v\u0259 \u00fcmummilli liderin 100 illik yubileyin\u0259 h\u0259sr olunmas\u0131 il\u0259 \u0259lam\u0259tdard\u0131r\u201d. AZ\u018fRTAC\u00a0x\u0259b\u0259r verir ki, bu fikirl\u0259r Prezident\u00a0\u0130lham \u018fliyevin\u00a0Az\u0259rbaycan M\u00fc\u0259lliml\u0259rinin XVI Qurultay\u0131n\u0131n i\u015ftirak\u00e7\u0131lar\u0131na t\u0259brik m\u0259ktubunda yer al\u0131b. \u201cUlu \u00f6nd\u0259r geni\u015fmiqyasl\u0131 f\u0259aliyy\u0259tind\u0259 t\u0259hsilin dinamik inki\u015faf\u0131na h\u0259mi\u015f\u0259 h\u0259ssasl\u0131qla yana\u015fm\u0131\u015f v\u0259 misilsiz qay\u011f\u0131 g\u00f6st\u0259rib. T\u0259hsil ocaqlar\u0131m\u0131z y\u00fcks\u0259li\u015f m\u0259rh\u0259l\u0259l\u0259rini m\u0259hz Heyd\u0259r \u018fliyevin r\u0259hb\u0259rliyi d\u00f6vr\u00fcnd\u0259 ya\u015fay\u0131b. Milli t\u0259hsild\u0259 zaman\u0131n \u00e7a\u011f\u0131r\u0131\u015flar\u0131na m\u00fcvafiq, g\u0259l\u0259c\u0259k perspektivl\u0259r y\u00f6n\u00fcnd\u0259 at\u0131lan u\u011furlu add\u0131mlar h\u0259min d\u00f6vrd\u0259 ard\u0131c\u0131l sur\u0259td\u0259 ger\u00e7\u0259kl\u0259\u015fdirilmi\u015f d\u00f6vl\u0259t siyas\u0259tinin n\u0259tic\u0259sidir\u201d, &#8211; dey\u0259 Prezident \u0130lham \u018fliyevin m\u0259ktubda qeyd olunub.<\/p>\n","protected":false},"author":2,"featured_media":669145,"comment_status":"closed","ping_status":"closed","sticky":false,"template":"","format":"standard","meta":{"om_disable_all_campaigns":false,"_monsterinsights_skip_tracking":false,"_monsterinsights_sitenote_active":false,"_monsterinsights_sitenote_note":"","_monsterinsights_sitenote_category":0},"categories":[4],"tags":[],"aioseo_notices":[],"gutentor_comment":0,"rttpg_featured_image_url":{"full":["https:\/\/arantv.az\/wp-content\/uploads\/2023\/12\/16584722392788628721_1000x669.jpg",620,413,false],"landscape":["https:\/\/arantv.az\/wp-content\/uploads\/2023\/12\/16584722392788628721_1000x669.jpg",620,413,false],"portraits":["https:\/\/arantv.az\/wp-content\/uploads\/2023\/12\/16584722392788628721_1000x669.jpg",620,413,false],"thumbnail":["https:\/\/arantv.az\/wp-content\/uploads\/2023\/12\/16584722392788628721_1000x669-500x280.jpg",500,280,true],"medium":["https:\/\/arantv.az\/wp-content\/uploads\/2023\/12\/16584722392788628721_1000x669-548x365.jpg",548,365,true],"large":["https:\/\/arantv.az\/wp-content\/uploads\/2023\/12\/16584722392788628721_1000x669.jpg",620,413,false],"1536x1536":["https:\/\/arantv.az\/wp-content\/uploads\/2023\/12\/16584722392788628721_1000x669.jpg",620,413,false],"2048x2048":["https:\/\/arantv.az\/wp-content\/uploads\/2023\/12\/16584722392788628721_1000x669.jpg",620,413,false],"post-thumbnail":["https:\/\/arantv.az\/wp-content\/uploads\/2023\/12\/16584722392788628721_1000x669-240x172.jpg",240,172,true],"advps-thumb-one":["https:\/\/arantv.az\/wp-content\/uploads\/2023\/12\/16584722392788628721_1000x669.jpg",620,413,false]},"rttpg_author":{"display_name":"V\u00fcsal Rafiqo\u011flu","author_link":"https:\/\/arantv.az\/?author=2"},"rttpg_comment":0,"rttpg_category":"<a href=\"https:\/\/arantv.az\/?cat=4\" rel=\"category\">Siyas\u0259t<\/a>","rttpg_excerpt":"\u201cBu qurultay \u201cHeyd\u0259r \u018fliyev \u0130li\u201d \u00e7\u0259r\u00e7iv\u0259sind\u0259 ke\u00e7irilm\u0259si v\u0259 \u00fcmummilli liderin 100 illik yubileyin\u0259 h\u0259sr olunmas\u0131 il\u0259 \u0259lam\u0259tdard\u0131r\u201d. AZ\u018fRTAC\u00a0x\u0259b\u0259r verir ki, bu fikirl\u0259r Prezident\u00a0\u0130lham \u018fliyevin\u00a0Az\u0259rbaycan M\u00fc\u0259lliml\u0259rinin XVI Qurultay\u0131n\u0131n i\u015ftirak\u00e7\u0131lar\u0131na t\u0259brik m\u0259ktubunda yer al\u0131b. \u201cUlu \u00f6nd\u0259r geni\u015fmiqyasl\u0131 f\u0259aliyy\u0259tind\u0259 t\u0259hsilin dinamik inki\u015faf\u0131na h\u0259mi\u015f\u0259 h\u0259ssasl\u0131qla yana\u015fm\u0131\u015f v\u0259 misilsiz qay\u011f\u0131 g\u00f6st\u0259rib. T\u0259hsil ocaqlar\u0131m\u0131z y\u00fcks\u0259li\u015f m\u0259rh\u0259l\u0259l\u0259rini m\u0259hz Heyd\u0259r \u018fliyevin r\u0259hb\u0259rliyi d\u00f6vr\u00fcnd\u0259&hellip;","_links":{"self":[{"href":"https:\/\/arantv.az\/index.php?rest_route=\/wp\/v2\/posts\/669142"}],"collection":[{"href":"https:\/\/arantv.az\/index.php?rest_route=\/wp\/v2\/posts"}],"about":[{"href":"https:\/\/arantv.az\/index.php?rest_route=\/wp\/v2\/types\/post"}],"author":[{"embeddable":true,"href":"https:\/\/arantv.az\/index.php?rest_route=\/wp\/v2\/users\/2"}],"replies":[{"embeddable":true,"href":"https:\/\/arantv.az\/index.php?rest_route=%2Fwp%2Fv2%2Fcomments&post=669142"}],"version-history":[{"count":0,"href":"https:\/\/arantv.az\/index.php?rest_route=\/wp\/v2\/posts\/669142\/revisions"}],"wp:featuredmedia":[{"embeddable":true,"href":"https:\/\/arantv.az\/index.php?rest_route=\/wp\/v2\/media\/669145"}],"wp:attachment":[{"href":"https:\/\/arantv.az\/index.php?rest_route=%2Fwp%2Fv2%2Fmedia&parent=669142"}],"wp:term":[{"taxonomy":"category","embeddable":true,"href":"https:\/\/arantv.az\/index.php?rest_route=%2Fwp%2Fv2%2Fcategories&post=669142"},{"taxonomy":"post_tag","embeddable":true,"href":"https:\/\/arantv.az\/index.php?rest_route=%2Fwp%2Fv2%2Ftags&post=669142"}],"curies":[{"name":"wp","href":"https:\/\/api.w.org\/{rel}","templated":true}]}}