{"id":669155,"date":"2023-12-15T11:31:56","date_gmt":"2023-12-15T07:31:56","guid":{"rendered":"https:\/\/arantv.az\/?p=669155"},"modified":"2023-12-15T11:31:56","modified_gmt":"2023-12-15T07:31:56","slug":"nazirlik-m%c9%99lumat-yaydi-2024-cu-ild%c9%99","status":"publish","type":"post","link":"https:\/\/arantv.az\/?p=669155","title":{"rendered":"Nazirlik M\u018fLUMAT YAYDI &#8211; 2024-c\u00fc ild\u0259&#8230;"},"content":{"rendered":"<div class=\"text-content\" data-id=\"\" data-url=\"\">\n<p><strong>\u018fm\u0259k miqrasiyas\u0131 kvotas\u0131n\u0131n m\u00fc\u0259yy\u0259n edilm\u0259si \u00fc\u00e7\u00fcn t\u0259klifl\u0259rin haz\u0131rlanmas\u0131 v\u0259 bu sah\u0259d\u0259ki i\u015fin \u0259laq\u0259l\u0259ndirilm\u0259si \u00fczr\u0259 yarad\u0131lm\u0131\u015f Komissiyan\u0131n n\u00f6vb\u0259ti iclas\u0131 ke\u00e7irilib.\u00a0\u0130clasda 2023-c\u00fc il \u00fc\u00e7\u00fcn t\u0259sdiq olunmu\u015f \u0259m\u0259k miqrasiyas\u0131 kvotas\u0131ndan istifad\u0259 v\u0259ziyy\u0259ti v\u0259 2024-c\u00fc il \u00fc\u00e7\u00fcn haz\u0131rlanm\u0131\u015f \u0259m\u0259k miqrasiyas\u0131 kvotas\u0131na dair t\u0259klifl\u0259r m\u00fczakir\u0259 olunub.<\/strong><\/p>\n<p>Bu bar\u0259d\u0259\u00a0<strong>Musavat.com<\/strong>-a\u00a0\u018fm\u0259k v\u0259 \u018fhalinin Sosial M\u00fcdafi\u0259si Nazirliyind\u0259n m\u0259lumat verilib.<\/p>\n<p>Bildirilib ki, komissiyan\u0131n s\u0259dri, \u0259m\u0259k v\u0259 \u0259halinin sosial m\u00fcdafi\u0259si naziri Sahil Babayev Prezident \u0130lham \u018fliyevin u\u011furlu sosial-iqtisadi siyas\u0259tinin \u00f6lk\u0259nin \u0259m\u0259k bazar\u0131nda da inki\u015faf meyill\u0259rinin davaml\u0131 xarakter almas\u0131na imkan yaratd\u0131\u011f\u0131n\u0131 qeyd edib.<\/p>\n<p>N\u00f6vb\u0259ti il \u00fc\u00e7\u00fcn d\u0259 \u0259m\u0259k miqrasiyas\u0131 kvotas\u0131na dair t\u0259klifl\u0259rin \u00f6lk\u0259nin m\u0259\u015f\u011fulluq v\u0259 demoqrafik inki\u015faf v\u0259ziyy\u0259ti, \u0259m\u0259k ehtiyatlar\u0131 v\u0259 \u0259m\u0259k bazar\u0131nda i\u015f\u0259g\u00f6t\u00fcr\u0259nl\u0259rin i\u015f\u00e7i q\u00fcvv\u0259sin\u0259 olan t\u0259l\u0259bat\u0131 il\u0259 ba\u011fl\u0131 apar\u0131lm\u0131\u015f t\u0259hlill\u0259r, \u0259m\u0259k bazar\u0131 il\u0259 ba\u011fl\u0131 proqnozlar \u0259sas\u0131nda haz\u0131rland\u0131\u011f\u0131n\u0131 bildirib.<\/p>\n<p><img loading=\"lazy\" src=\"https:\/\/cdn.musavat.com\/news\/thumbnails\/d7e73052ab88e2c9ce21532805de693b.jpg\" alt=\"1702623058-2024-kvota-montaznaya.jpg (422 KB)\" width=\"770\" height=\"770\" \/><\/p>\n<p>T\u0259klifl\u0259rd\u0259 \u0259cn\u0259bi i\u015f\u00e7i q\u00fcvv\u0259sin\u0259 t\u0259l\u0259bat\u0131n m\u00fc\u0259yy\u0259n olunmas\u0131 zaman\u0131 yerli kadr potensial\u0131n\u0131n s\u0259m\u0259r\u0259li istifad\u0259si, \u0259m\u0259k bazar\u0131nda bacar\u0131qlar\u0131n v\u0259 kvalifikasiyalar\u0131n art\u0131r\u0131lmas\u0131, r\u0259qab\u0259t\u0259davaml\u0131 kadr potensial\u0131n\u0131n formala\u015fd\u0131r\u0131lmas\u0131, el\u0259c\u0259 d\u0259 ixtisasl\u0131 xarici i\u015f\u00e7i q\u00fcvv\u0259sinin milli \u0259m\u0259k ehtiyatlar\u0131 il\u0259 \u0259v\u0259z edilm\u0259si amill\u0259rinin \u0259sas g\u00f6t\u00fcr\u00fcld\u00fcy\u00fc vur\u011fulan\u0131b.<\/p>\n<p>Bir s\u0131ra sah\u0259l\u0259rd\u0259 h\u0259yata ke\u00e7irilm\u0259si n\u0259z\u0259rd\u0259 tutulan layih\u0259l\u0259r\u0259 ixtisasl\u0131 \u0259cn\u0259bi m\u00fct\u0259x\u0259ssisl\u0259rin c\u0259lb olunmas\u0131n\u0131n z\u0259ruriliyi, bununla yana\u015f\u0131, \u00f6lk\u0259nin iqtisadi inki\u015faf tendensiyalar\u0131n\u0131n, \u0259m\u0259k bazar\u0131n\u0131n inki\u015faf\u0131 \u00fczr\u0259 m\u00fcasir \u00e7a\u011f\u0131r\u0131\u015flar\u0131n, yerli \u0259m\u0259k ehtiyatlar\u0131n\u0131n t\u0259hlill\u0259rinin, bu sah\u0259d\u0259 m\u00fcvafiq proqnozlar\u0131n n\u0259z\u0259r\u0259 al\u0131nd\u0131\u011f\u0131 qeyd edilib.<\/p>\n<p>M\u00fczakir\u0259l\u0259rin yekununda 2024-c\u00fc il \u00fc\u00e7\u00fcn \u0259m\u0259k miqrasiyas\u0131 kvotas\u0131na, h\u0259m\u00e7inin, 2023-c\u00fc ilin t\u0259sdiq olunmu\u015f \u0259m\u0259k miqrasiyas\u0131 kvotas\u0131na edilmi\u015f d\u0259yi\u015fiklikl\u0259rl\u0259 ba\u011fl\u0131 t\u0259klifl\u0259rin bax\u0131lmaq \u00fc\u00e7\u00fcn Nazirl\u0259r Kabinetin\u0259 t\u0259qdim olunmas\u0131 q\u0259rara al\u0131n\u0131b.<\/p>\n<\/div>\n<div><\/div>\n<div>\n<div class=\"banner banner-6cdd60ea0045eb7a6ec44c54d29ed402\" data-banner=\"MTg0\">\n<div><ins id=\"revive-0-0\" data-revive-zoneid=\"134\" data-revive-id=\"144e1bb6fa796840b2323709bbb2f595\" data-revive-seq=\"0\" data-revive-loaded=\"1\"><iframe width=\"0\" height=\"0\" frameborder=\"0\" scrolling=\"no\" data-mce-fragment=\"1\"><\/iframe><\/ins><\/div>\n<\/div>\n<\/div>\n","protected":false},"excerpt":{"rendered":"<p>\u018fm\u0259k miqrasiyas\u0131 kvotas\u0131n\u0131n m\u00fc\u0259yy\u0259n edilm\u0259si \u00fc\u00e7\u00fcn t\u0259klifl\u0259rin haz\u0131rlanmas\u0131 v\u0259 bu sah\u0259d\u0259ki i\u015fin \u0259laq\u0259l\u0259ndirilm\u0259si \u00fczr\u0259 yarad\u0131lm\u0131\u015f Komissiyan\u0131n n\u00f6vb\u0259ti iclas\u0131 ke\u00e7irilib.\u00a0\u0130clasda 2023-c\u00fc il \u00fc\u00e7\u00fcn t\u0259sdiq olunmu\u015f \u0259m\u0259k miqrasiyas\u0131 kvotas\u0131ndan istifad\u0259 v\u0259ziyy\u0259ti v\u0259 2024-c\u00fc il \u00fc\u00e7\u00fcn haz\u0131rlanm\u0131\u015f \u0259m\u0259k miqrasiyas\u0131 kvotas\u0131na dair t\u0259klifl\u0259r m\u00fczakir\u0259 olunub. Bu bar\u0259d\u0259\u00a0Musavat.com-a\u00a0\u018fm\u0259k v\u0259 \u018fhalinin Sosial M\u00fcdafi\u0259si Nazirliyind\u0259n m\u0259lumat verilib. Bildirilib ki, komissiyan\u0131n s\u0259dri, \u0259m\u0259k v\u0259 \u0259halinin sosial m\u00fcdafi\u0259si naziri Sahil Babayev Prezident \u0130lham \u018fliyevin u\u011furlu sosial-iqtisadi siyas\u0259tinin \u00f6lk\u0259nin \u0259m\u0259k bazar\u0131nda da inki\u015faf meyill\u0259rinin davaml\u0131 xarakter almas\u0131na imkan yaratd\u0131\u011f\u0131n\u0131 qeyd edib. N\u00f6vb\u0259ti il \u00fc\u00e7\u00fcn d\u0259 \u0259m\u0259k miqrasiyas\u0131 kvotas\u0131na dair t\u0259klifl\u0259rin&hellip;<\/p>\n","protected":false},"author":2,"featured_media":669156,"comment_status":"closed","ping_status":"closed","sticky":false,"template":"","format":"standard","meta":{"om_disable_all_campaigns":false,"_monsterinsights_skip_tracking":false,"_monsterinsights_sitenote_active":false,"_monsterinsights_sitenote_note":"","_monsterinsights_sitenote_category":0},"categories":[26],"tags":[],"aioseo_notices":[],"gutentor_comment":0,"rttpg_featured_image_url":{"full":["https:\/\/arantv.az\/wp-content\/uploads\/2023\/12\/c596b44d33966f2f3376ef3502e6af6c.jpg",640,352,false],"landscape":["https:\/\/arantv.az\/wp-content\/uploads\/2023\/12\/c596b44d33966f2f3376ef3502e6af6c.jpg",640,352,false],"portraits":["https:\/\/arantv.az\/wp-content\/uploads\/2023\/12\/c596b44d33966f2f3376ef3502e6af6c.jpg",640,352,false],"thumbnail":["https:\/\/arantv.az\/wp-content\/uploads\/2023\/12\/c596b44d33966f2f3376ef3502e6af6c-500x280.jpg",500,280,true],"medium":["https:\/\/arantv.az\/wp-content\/uploads\/2023\/12\/c596b44d33966f2f3376ef3502e6af6c.jpg",640,352,false],"large":["https:\/\/arantv.az\/wp-content\/uploads\/2023\/12\/c596b44d33966f2f3376ef3502e6af6c.jpg",640,352,false],"1536x1536":["https:\/\/arantv.az\/wp-content\/uploads\/2023\/12\/c596b44d33966f2f3376ef3502e6af6c.jpg",640,352,false],"2048x2048":["https:\/\/arantv.az\/wp-content\/uploads\/2023\/12\/c596b44d33966f2f3376ef3502e6af6c.jpg",640,352,false],"post-thumbnail":["https:\/\/arantv.az\/wp-content\/uploads\/2023\/12\/c596b44d33966f2f3376ef3502e6af6c-240x172.jpg",240,172,true],"advps-thumb-one":["https:\/\/arantv.az\/wp-content\/uploads\/2023\/12\/c596b44d33966f2f3376ef3502e6af6c.jpg",640,352,false]},"rttpg_author":{"display_name":"V\u00fcsal Rafiqo\u011flu","author_link":"https:\/\/arantv.az\/?author=2"},"rttpg_comment":0,"rttpg_category":"<a href=\"https:\/\/arantv.az\/?cat=26\" rel=\"category\">Sosial<\/a>","rttpg_excerpt":"\u018fm\u0259k miqrasiyas\u0131 kvotas\u0131n\u0131n m\u00fc\u0259yy\u0259n edilm\u0259si \u00fc\u00e7\u00fcn t\u0259klifl\u0259rin haz\u0131rlanmas\u0131 v\u0259 bu sah\u0259d\u0259ki i\u015fin \u0259laq\u0259l\u0259ndirilm\u0259si \u00fczr\u0259 yarad\u0131lm\u0131\u015f Komissiyan\u0131n n\u00f6vb\u0259ti iclas\u0131 ke\u00e7irilib.\u00a0\u0130clasda 2023-c\u00fc il \u00fc\u00e7\u00fcn t\u0259sdiq olunmu\u015f \u0259m\u0259k miqrasiyas\u0131 kvotas\u0131ndan istifad\u0259 v\u0259ziyy\u0259ti v\u0259 2024-c\u00fc il \u00fc\u00e7\u00fcn haz\u0131rlanm\u0131\u015f \u0259m\u0259k miqrasiyas\u0131 kvotas\u0131na dair t\u0259klifl\u0259r m\u00fczakir\u0259 olunub. Bu bar\u0259d\u0259\u00a0Musavat.com-a\u00a0\u018fm\u0259k v\u0259 \u018fhalinin Sosial M\u00fcdafi\u0259si Nazirliyind\u0259n m\u0259lumat verilib. Bildirilib ki, komissiyan\u0131n s\u0259dri, \u0259m\u0259k&hellip;","_links":{"self":[{"href":"https:\/\/arantv.az\/index.php?rest_route=\/wp\/v2\/posts\/669155"}],"collection":[{"href":"https:\/\/arantv.az\/index.php?rest_route=\/wp\/v2\/posts"}],"about":[{"href":"https:\/\/arantv.az\/index.php?rest_route=\/wp\/v2\/types\/post"}],"author":[{"embeddable":true,"href":"https:\/\/arantv.az\/index.php?rest_route=\/wp\/v2\/users\/2"}],"replies":[{"embeddable":true,"href":"https:\/\/arantv.az\/index.php?rest_route=%2Fwp%2Fv2%2Fcomments&post=669155"}],"version-history":[{"count":0,"href":"https:\/\/arantv.az\/index.php?rest_route=\/wp\/v2\/posts\/669155\/revisions"}],"wp:featuredmedia":[{"embeddable":true,"href":"https:\/\/arantv.az\/index.php?rest_route=\/wp\/v2\/media\/669156"}],"wp:attachment":[{"href":"https:\/\/arantv.az\/index.php?rest_route=%2Fwp%2Fv2%2Fmedia&parent=669155"}],"wp:term":[{"taxonomy":"category","embeddable":true,"href":"https:\/\/arantv.az\/index.php?rest_route=%2Fwp%2Fv2%2Fcategories&post=669155"},{"taxonomy":"post_tag","embeddable":true,"href":"https:\/\/arantv.az\/index.php?rest_route=%2Fwp%2Fv2%2Ftags&post=669155"}],"curies":[{"name":"wp","href":"https:\/\/api.w.org\/{rel}","templated":true}]}}